{"id":15133,"date":"2024-10-23T15:34:43","date_gmt":"2024-10-23T18:34:43","guid":{"rendered":"https:\/\/repam.org.br\/cop30\/?p=15133"},"modified":"2024-10-23T15:37:30","modified_gmt":"2024-10-23T18:37:30","slug":"cop16-a-igreja-catolica-e-suas-apostas-durante-a-conferencia-das-partes-do-convenio-de-biodiversidade-biologica","status":"publish","type":"post","link":"https:\/\/repam.org.br\/cop30\/cop16-a-igreja-catolica-e-suas-apostas-durante-a-conferencia-das-partes-do-convenio-de-biodiversidade-biologica\/","title":{"rendered":"COP16: A igreja cat\u00f3lica e suas apostas durante a Confer\u00eancia das Partes do conv\u00eanio de biodiversidade biol\u00f3gica"},"content":{"rendered":"\n<h1 class=\"wp-block-heading\"><img fetchpriority=\"high\" decoding=\"async\" width=\"1024\" height=\"512\" srcset=\"https:\/\/repam.org.br\/wp-content\/uploads\/2024\/10\/IMG_0846-1024x768-1-1024x512.jpg 1024w\" src=\"https:\/\/repam.org.br\/wp-content\/uploads\/2024\/10\/IMG_0846-1024x768-1-1024x512.jpg\" alt=\"\"><\/h1>\n\n\n\n<ol class=\"wp-block-list\">\n<li><\/li>\n<\/ol>\n\n\n\n<blockquote class=\"wp-block-quote is-layout-flow wp-block-quote-is-layout-flow\">\n<p><strong>Cali, Col\u00f4mbia<em>.&nbsp;<\/em>Outubro de 2024.<\/strong><em>&nbsp;A Confer\u00eancia das Partes do conv\u00eanio de biodiversidade biol\u00f3gica (COP 16), que acontecer\u00e1 na cidade de Cali, Col\u00f4mbia, at\u00e9 o pr\u00f3ximo dia 1 de novembro, est\u00e1 ocupando grande parte da agenda midi\u00e1tica. Governos, organiza\u00e7\u00f5es, plataformas e movimentos ambientalistas fazem parte do debate que busca salvaguardar a biodiversidade do planeta. A igreja cat\u00f3lica n\u00e3o \u00e9 alheia a isso e participa da COP com o compromisso de cuidar da Casa Comum.<\/em><\/p>\n<\/blockquote>\n\n\n\n<p><strong><em>Por Equipe de Comunica\u00e7\u00f5es da REPAM<\/em><\/strong><\/p>\n\n\n\n<p>A biodiversidade \u00e9 um ponto muito importante quando nos referimos ao cuidado do meio ambiente. A preserva\u00e7\u00e3o das esp\u00e9cies e a ordem natural que elas possuem influenciam o equil\u00edbrio que o planeta precisa para funcionar. Isso significa que qualquer tipo de altera\u00e7\u00e3o extrema na biodiversidade gera um desequil\u00edbrio clim\u00e1tico e, por conseguinte, menos garantias para a vida daqueles que habitam o planeta Terra (humanos e esp\u00e9cies animais e vegetais).<\/p>\n\n\n\n<p>Por isso, no \u00e2mbito da COP 16, buscam-se uma s\u00e9rie de objetivos: estabelecer a paz com a natureza, entender a rela\u00e7\u00e3o entre biodiversidade e mudan\u00e7a clim\u00e1tica, destinar recursos para realizar as proje\u00e7\u00f5es e, o mais importante, encontrar o caminho para a implementa\u00e7\u00e3o do Marco Mundial Kunming-Montreal para a biodiversidade. Este marco tem proje\u00e7\u00f5es at\u00e9 o ano de 2050 e visa salvaguardar a sa\u00fade das esp\u00e9cies e dos ecossistemas, deter a extin\u00e7\u00e3o de esp\u00e9cies induzida pelo ser humano e fazer um uso sustent\u00e1vel da biodiversidade.<\/p>\n\n\n\n<h2 class=\"wp-block-heading\"><strong>A participa\u00e7\u00e3o cat\u00f3lica<\/strong><\/h2>\n\n\n\n<p>A igreja cat\u00f3lica tem um roteiro tra\u00e7ado no que se refere ao cuidado da Casa Comum. As apostas para salvaguardar a biodiversidade nos diferentes ecossistemas, como um mecanismo que mant\u00e9m as garantias de vida no planeta, v\u00eam desde o Conc\u00edlio Vaticano II, passando por documentos-chave como o de Aparecida, a enc\u00edclica Laudato Si e a exorta\u00e7\u00e3o apost\u00f3lica Querida Amaz\u00f4nia. Durante a COP, acontecer\u00e3o uma s\u00e9rie de eventos, impulsionados por diferentes organismos eclesiais que promovem esse sentido de cuidado com tudo aquilo que nos rodeia.<\/p>\n\n\n\n<p>Na tarde de ter\u00e7a-feira, 22 de outubro, o Conselho Episcopal Latino-Americano e Caribenho (CELAM) estar\u00e1 presente com o semin\u00e1rio \u201cBiodiversidade e cuidado da Casa Comum, experi\u00eancias dos territ\u00f3rios\u201d (https:\/\/adn.celam.org\/celam-presente-em-la-cop16-con-o-seminario-biodiversidade-e-cuidado-da-casa-comum-experiencias-dos-territorios\/), um espa\u00e7o que faz parte da iniciativa \u201cA Rota Laudate Deum\u201d, promovida pela Comiss\u00e3o de Ecologia Integral da Am\u00e9rica Latina e do Caribe (CEILAC).<\/p>\n\n\n\n<p>A isso se somam uma s\u00e9rie de semin\u00e1rios, compartilhamento de experi\u00eancias, f\u00f3runs, cinef\u00f3runs, palestras e exposi\u00e7\u00f5es promovidas: pela Confer\u00eancia Episcopal da Col\u00f4mbia, C\u00e1ritas Am\u00e9rica Latina e Caribe, a Pastoral Social C\u00e1ritas Col\u00f4mbia, a Arquidiocese de Cali, a Diocese de Palmira, o CELAM, a Funda\u00e7\u00e3o Universit\u00e1ria Cat\u00f3lica, o Movimento Laudato Si, a Rede Eclesial Pan-Amaz\u00f4nica (REPAM), a rede Igrejas e Minera\u00e7\u00e3o e a Rede Eclesial Ecol\u00f3gica Mesoamericana (REMAM).<\/p>\n\n\n\n<p>Convidamos voc\u00ea a fazer parte de cada um desses espa\u00e7os de reflex\u00e3o e discernimento. Confira acessando o link:&nbsp;<a href=\"https:\/\/www.repam.net\/pt\/wp-content\/uploads\/2024\/10\/La-iglesia-en-la-COP-16_compressed.pdf\">La iglesia en la COP 16_compressed<\/a><a href=\"https:\/\/www.repam.net\/pt\/wp-content\/uploads\/2024\/10\/La-iglesia-en-la-COP-16_compressed.pdf\">Baixar<\/a><\/p>\n\n\n\n<p><strong><em>Por Equipe de Comunica\u00e7\u00f5es da REPAM<\/em><\/strong><\/p>\n\n\n\n<p><strong>Reprodu\u00e7\u00e3o: REPAM-Pan<\/strong><\/p>\n","protected":false},"excerpt":{"rendered":"<p>Cali, Col\u00f4mbia.&nbsp;Outubro de 2024.&nbsp;A Confer\u00eancia das Partes do conv\u00eanio de biodiversidade biol\u00f3gica (COP 16), que acontecer\u00e1 na cidade de Cali, Col\u00f4mbia, at\u00e9 o pr\u00f3ximo dia 1 de novembro, est\u00e1 ocupando grande parte da agenda midi\u00e1tica. Governos, organiza\u00e7\u00f5es, plataformas e movimentos ambientalistas fazem parte do debate que busca salvaguardar a biodiversidade do planeta. A igreja cat\u00f3lica n\u00e3o \u00e9 alheia a isso e participa da COP com o compromisso de cuidar da Casa Comum. Por Equipe de Comunica\u00e7\u00f5es da REPAM A biodiversidade \u00e9 um ponto muito importante quando nos referimos ao cuidado do meio ambiente. A preserva\u00e7\u00e3o das esp\u00e9cies e a ordem natural que elas possuem influenciam o equil\u00edbrio que o planeta precisa para funcionar. Isso significa que qualquer tipo de altera\u00e7\u00e3o extrema na biodiversidade gera um desequil\u00edbrio clim\u00e1tico e, por conseguinte, menos garantias para a vida daqueles que habitam o planeta Terra (humanos e esp\u00e9cies animais e vegetais). Por isso, no \u00e2mbito da COP 16, buscam-se uma s\u00e9rie de objetivos: estabelecer a paz com a natureza, entender a rela\u00e7\u00e3o entre biodiversidade e mudan\u00e7a clim\u00e1tica, destinar recursos para realizar as proje\u00e7\u00f5es e, o mais importante, encontrar o caminho para a implementa\u00e7\u00e3o do Marco Mundial Kunming-Montreal para a biodiversidade. Este marco tem proje\u00e7\u00f5es at\u00e9 o ano de 2050 e visa salvaguardar a sa\u00fade das esp\u00e9cies e dos ecossistemas, deter a extin\u00e7\u00e3o de esp\u00e9cies induzida pelo ser humano e fazer um uso sustent\u00e1vel da biodiversidade. A participa\u00e7\u00e3o cat\u00f3lica A igreja cat\u00f3lica tem um roteiro tra\u00e7ado no que se refere ao cuidado da Casa Comum. As apostas para salvaguardar a biodiversidade nos diferentes ecossistemas, como um mecanismo que mant\u00e9m as garantias de vida no planeta, v\u00eam desde o Conc\u00edlio Vaticano II, passando por documentos-chave como o de Aparecida, a enc\u00edclica Laudato Si e a exorta\u00e7\u00e3o apost\u00f3lica Querida Amaz\u00f4nia. Durante a COP, acontecer\u00e3o uma s\u00e9rie de eventos, impulsionados por diferentes organismos eclesiais que promovem esse sentido de cuidado com tudo aquilo que nos rodeia. Na tarde de ter\u00e7a-feira, 22 de outubro, o Conselho Episcopal Latino-Americano e Caribenho (CELAM) estar\u00e1 presente com o semin\u00e1rio \u201cBiodiversidade e cuidado da Casa Comum, experi\u00eancias dos territ\u00f3rios\u201d (https:\/\/adn.celam.org\/celam-presente-em-la-cop16-con-o-seminario-biodiversidade-e-cuidado-da-casa-comum-experiencias-dos-territorios\/), um espa\u00e7o que faz parte da iniciativa \u201cA Rota Laudate Deum\u201d, promovida pela Comiss\u00e3o de Ecologia Integral da Am\u00e9rica Latina e do Caribe (CEILAC). A isso se somam uma s\u00e9rie de semin\u00e1rios, compartilhamento de experi\u00eancias, f\u00f3runs, cinef\u00f3runs, palestras e exposi\u00e7\u00f5es promovidas: pela Confer\u00eancia Episcopal da Col\u00f4mbia, C\u00e1ritas Am\u00e9rica Latina e Caribe, a Pastoral Social C\u00e1ritas Col\u00f4mbia, a Arquidiocese de Cali, a Diocese de Palmira, o CELAM, a Funda\u00e7\u00e3o Universit\u00e1ria Cat\u00f3lica, o Movimento Laudato Si, a Rede Eclesial Pan-Amaz\u00f4nica (REPAM), a rede Igrejas e Minera\u00e7\u00e3o e a Rede Eclesial Ecol\u00f3gica Mesoamericana (REMAM). Convidamos voc\u00ea a fazer parte de cada um desses espa\u00e7os de reflex\u00e3o e discernimento. Confira acessando o link:&nbsp;La iglesia en la COP 16_compressedBaixar Por Equipe de Comunica\u00e7\u00f5es da REPAM Reprodu\u00e7\u00e3o: REPAM-Pan<\/p>\n","protected":false},"author":3,"featured_media":15134,"comment_status":"open","ping_status":"open","sticky":false,"template":"","format":"standard","meta":{"footnotes":""},"categories":[1],"tags":[],"class_list":["post-15133","post","type-post","status-publish","format-standard","has-post-thumbnail","hentry","category-sem-categoria"],"rttpg_featured_image_url":{"full":["https:\/\/repam.org.br\/cop30\/wp-content\/uploads\/2024\/10\/IMG_0846-1024x768-1-1024x512-1.jpg",1024,512,false],"landscape":["https:\/\/repam.org.br\/cop30\/wp-content\/uploads\/2024\/10\/IMG_0846-1024x768-1-1024x512-1.jpg",1024,512,false],"portraits":["https:\/\/repam.org.br\/cop30\/wp-content\/uploads\/2024\/10\/IMG_0846-1024x768-1-1024x512-1.jpg",1024,512,false],"thumbnail":["https:\/\/repam.org.br\/cop30\/wp-content\/uploads\/2024\/10\/IMG_0846-1024x768-1-1024x512-1-150x150.jpg",150,150,true],"medium":["https:\/\/repam.org.br\/cop30\/wp-content\/uploads\/2024\/10\/IMG_0846-1024x768-1-1024x512-1-300x150.jpg",300,150,true],"large":["https:\/\/repam.org.br\/cop30\/wp-content\/uploads\/2024\/10\/IMG_0846-1024x768-1-1024x512-1.jpg",800,400,false],"1536x1536":["https:\/\/repam.org.br\/cop30\/wp-content\/uploads\/2024\/10\/IMG_0846-1024x768-1-1024x512-1.jpg",1024,512,false],"2048x2048":["https:\/\/repam.org.br\/cop30\/wp-content\/uploads\/2024\/10\/IMG_0846-1024x768-1-1024x512-1.jpg",1024,512,false]},"rttpg_author":{"display_name":"Comunica\u00e7\u00e3o Cop30","author_link":"https:\/\/repam.org.br\/cop30\/author\/comunicacaocop30\/"},"rttpg_comment":0,"rttpg_category":"<a href=\"https:\/\/repam.org.br\/cop30\/category\/sem-categoria\/\" rel=\"category tag\">Sem categoria<\/a>","rttpg_excerpt":"Cali, Col\u00f4mbia.&nbsp;Outubro de 2024.&nbsp;A Confer\u00eancia das Partes do conv\u00eanio de biodiversidade biol\u00f3gica (COP 16), que acontecer\u00e1 na cidade de Cali, Col\u00f4mbia, at\u00e9 o pr\u00f3ximo dia 1 de novembro, est\u00e1 ocupando grande parte da agenda midi\u00e1tica. Governos, organiza\u00e7\u00f5es, plataformas e movimentos ambientalistas fazem parte do debate que busca salvaguardar a biodiversidade do planeta. A igreja cat\u00f3lica&hellip;","_links":{"self":[{"href":"https:\/\/repam.org.br\/cop30\/wp-json\/wp\/v2\/posts\/15133","targetHints":{"allow":["GET"]}}],"collection":[{"href":"https:\/\/repam.org.br\/cop30\/wp-json\/wp\/v2\/posts"}],"about":[{"href":"https:\/\/repam.org.br\/cop30\/wp-json\/wp\/v2\/types\/post"}],"author":[{"embeddable":true,"href":"https:\/\/repam.org.br\/cop30\/wp-json\/wp\/v2\/users\/3"}],"replies":[{"embeddable":true,"href":"https:\/\/repam.org.br\/cop30\/wp-json\/wp\/v2\/comments?post=15133"}],"version-history":[{"count":2,"href":"https:\/\/repam.org.br\/cop30\/wp-json\/wp\/v2\/posts\/15133\/revisions"}],"predecessor-version":[{"id":15136,"href":"https:\/\/repam.org.br\/cop30\/wp-json\/wp\/v2\/posts\/15133\/revisions\/15136"}],"wp:featuredmedia":[{"embeddable":true,"href":"https:\/\/repam.org.br\/cop30\/wp-json\/wp\/v2\/media\/15134"}],"wp:attachment":[{"href":"https:\/\/repam.org.br\/cop30\/wp-json\/wp\/v2\/media?parent=15133"}],"wp:term":[{"taxonomy":"category","embeddable":true,"href":"https:\/\/repam.org.br\/cop30\/wp-json\/wp\/v2\/categories?post=15133"},{"taxonomy":"post_tag","embeddable":true,"href":"https:\/\/repam.org.br\/cop30\/wp-json\/wp\/v2\/tags?post=15133"}],"curies":[{"name":"wp","href":"https:\/\/api.w.org\/{rel}","templated":true}]}}