{"id":15137,"date":"2024-10-24T16:29:00","date_gmt":"2024-10-24T19:29:00","guid":{"rendered":"https:\/\/repam.org.br\/cop30\/?p=15137"},"modified":"2024-10-24T16:29:16","modified_gmt":"2024-10-24T19:29:16","slug":"tribunais-eticos-defendendo-os-corpos-e-territorios-das-mulheres-amazonicas","status":"publish","type":"post","link":"https:\/\/repam.org.br\/cop30\/tribunais-eticos-defendendo-os-corpos-e-territorios-das-mulheres-amazonicas\/","title":{"rendered":"Tribunais \u00c9ticos: defendendo os corpos e territ\u00f3rios das mulheres amaz\u00f4nicas na COP 16"},"content":{"rendered":"\n<p><em>Por REPAM Col\u00f4mbia<\/em><\/p>\n\n\n\n<figure class=\"wp-block-image size-large\"><img fetchpriority=\"high\" decoding=\"async\" width=\"1024\" height=\"682\" src=\"https:\/\/repam.org.br\/cop30\/wp-content\/uploads\/2024\/10\/464338632_885124550385405_1127297151628826118_n-1024x682.jpg\" alt=\"\" class=\"wp-image-15142\" srcset=\"https:\/\/repam.org.br\/cop30\/wp-content\/uploads\/2024\/10\/464338632_885124550385405_1127297151628826118_n-1024x682.jpg 1024w, https:\/\/repam.org.br\/cop30\/wp-content\/uploads\/2024\/10\/464338632_885124550385405_1127297151628826118_n-300x200.jpg 300w, https:\/\/repam.org.br\/cop30\/wp-content\/uploads\/2024\/10\/464338632_885124550385405_1127297151628826118_n-768x512.jpg 768w, https:\/\/repam.org.br\/cop30\/wp-content\/uploads\/2024\/10\/464338632_885124550385405_1127297151628826118_n.jpg 1280w\" sizes=\"(max-width: 1024px) 100vw, 1024px\" \/><\/figure>\n\n\n\n<p><\/p>\n\n\n\n<p>No \u00e2mbito da COP16 sobre Biodiversidade, nos juntamos ao espa\u00e7o dos Tribunais \u00c9ticos na Zona Verde, um lugar onde as vozes das mulheres andino-amaz\u00f4nicas s\u00e3o levantadas em defesa de seus corpos e territ\u00f3rios, ambos amea\u00e7ados pela explora\u00e7\u00e3o e desapropria\u00e7\u00e3o.<\/p>\n\n\n\n<p>Este encontro \u00e9 um grito por justi\u00e7a e reconhecimento, onde compartilhamos suas lutas para proteger a vida, a biodiversidade e seus direitos. A resist\u00eancia das mulheres \u00e9 a resist\u00eancia da Amaz\u00f4nia!<\/p>\n\n\n\n<p>Cuidadoras e doadoras de vida, essas mulheres s\u00e3o a ess\u00eancia da luta pela biodiversidade. Sem seus territ\u00f3rios, n\u00e3o podemos falar de biodiversidade; a defesa da terra \u00e9 insepar\u00e1vel da defesa de seus corpos. As mulheres amaz\u00f4nicas denunciam a viol\u00eancia que enfrentam e, ao faz\u00ea-lo, integram suas vozes a uma demanda global por justi\u00e7a ambiental e social.<\/p>\n\n\n\n<figure class=\"wp-block-gallery has-nested-images columns-default is-cropped wp-block-gallery-1 is-layout-flex wp-block-gallery-is-layout-flex\">\n<figure class=\"wp-block-image size-large\"><img decoding=\"async\" width=\"1024\" height=\"682\" data-id=\"15145\" src=\"https:\/\/repam.org.br\/cop30\/wp-content\/uploads\/2024\/10\/464220661_885124643718729_5144674641428383298_n-1-1024x682.jpg\" alt=\"\" class=\"wp-image-15145\" srcset=\"https:\/\/repam.org.br\/cop30\/wp-content\/uploads\/2024\/10\/464220661_885124643718729_5144674641428383298_n-1-1024x682.jpg 1024w, https:\/\/repam.org.br\/cop30\/wp-content\/uploads\/2024\/10\/464220661_885124643718729_5144674641428383298_n-1-300x200.jpg 300w, https:\/\/repam.org.br\/cop30\/wp-content\/uploads\/2024\/10\/464220661_885124643718729_5144674641428383298_n-1-768x512.jpg 768w, https:\/\/repam.org.br\/cop30\/wp-content\/uploads\/2024\/10\/464220661_885124643718729_5144674641428383298_n-1.jpg 1280w\" sizes=\"(max-width: 1024px) 100vw, 1024px\" \/><\/figure>\n\n\n\n<figure class=\"wp-block-image size-large\"><img decoding=\"async\" width=\"1024\" height=\"694\" data-id=\"15147\" src=\"https:\/\/repam.org.br\/cop30\/wp-content\/uploads\/2024\/10\/464292920_885124610385399_9222008019652806438_n-1-1024x694.jpg\" alt=\"\" class=\"wp-image-15147\" srcset=\"https:\/\/repam.org.br\/cop30\/wp-content\/uploads\/2024\/10\/464292920_885124610385399_9222008019652806438_n-1-1024x694.jpg 1024w, https:\/\/repam.org.br\/cop30\/wp-content\/uploads\/2024\/10\/464292920_885124610385399_9222008019652806438_n-1-300x203.jpg 300w, https:\/\/repam.org.br\/cop30\/wp-content\/uploads\/2024\/10\/464292920_885124610385399_9222008019652806438_n-1-768x521.jpg 768w, https:\/\/repam.org.br\/cop30\/wp-content\/uploads\/2024\/10\/464292920_885124610385399_9222008019652806438_n-1-1536x1041.jpg 1536w, https:\/\/repam.org.br\/cop30\/wp-content\/uploads\/2024\/10\/464292920_885124610385399_9222008019652806438_n-1.jpg 2048w\" sizes=\"(max-width: 1024px) 100vw, 1024px\" \/><\/figure>\n\n\n\n<figure class=\"wp-block-image size-large\"><img loading=\"lazy\" decoding=\"async\" width=\"1024\" height=\"682\" data-id=\"15143\" src=\"https:\/\/repam.org.br\/cop30\/wp-content\/uploads\/2024\/10\/464295607_885124557052071_1199079317405389979_n-1-1024x682.jpg\" alt=\"\" class=\"wp-image-15143\" srcset=\"https:\/\/repam.org.br\/cop30\/wp-content\/uploads\/2024\/10\/464295607_885124557052071_1199079317405389979_n-1-1024x682.jpg 1024w, https:\/\/repam.org.br\/cop30\/wp-content\/uploads\/2024\/10\/464295607_885124557052071_1199079317405389979_n-1-300x200.jpg 300w, https:\/\/repam.org.br\/cop30\/wp-content\/uploads\/2024\/10\/464295607_885124557052071_1199079317405389979_n-1-768x512.jpg 768w, https:\/\/repam.org.br\/cop30\/wp-content\/uploads\/2024\/10\/464295607_885124557052071_1199079317405389979_n-1.jpg 1280w\" sizes=\"(max-width: 1024px) 100vw, 1024px\" \/><\/figure>\n<\/figure>\n","protected":false},"excerpt":{"rendered":"<p>Por REPAM Col\u00f4mbia No \u00e2mbito da COP16 sobre Biodiversidade, nos juntamos ao espa\u00e7o dos Tribunais \u00c9ticos na Zona Verde, um lugar onde as vozes das mulheres andino-amaz\u00f4nicas s\u00e3o levantadas em defesa de seus corpos e territ\u00f3rios, ambos amea\u00e7ados pela explora\u00e7\u00e3o e desapropria\u00e7\u00e3o. Este encontro \u00e9 um grito por justi\u00e7a e reconhecimento, onde compartilhamos suas lutas para proteger a vida, a biodiversidade e seus direitos. A resist\u00eancia das mulheres \u00e9 a resist\u00eancia da Amaz\u00f4nia! Cuidadoras e doadoras de vida, essas mulheres s\u00e3o a ess\u00eancia da luta pela biodiversidade. Sem seus territ\u00f3rios, n\u00e3o podemos falar de biodiversidade; a defesa da terra \u00e9 insepar\u00e1vel da defesa de seus corpos. As mulheres amaz\u00f4nicas denunciam a viol\u00eancia que enfrentam e, ao faz\u00ea-lo, integram suas vozes a uma demanda global por justi\u00e7a ambiental e social.<\/p>\n","protected":false},"author":3,"featured_media":15142,"comment_status":"open","ping_status":"open","sticky":false,"template":"","format":"standard","meta":{"footnotes":""},"categories":[5],"tags":[],"class_list":["post-15137","post","type-post","status-publish","format-standard","has-post-thumbnail","hentry","category-noticias"],"rttpg_featured_image_url":{"full":["https:\/\/repam.org.br\/cop30\/wp-content\/uploads\/2024\/10\/464338632_885124550385405_1127297151628826118_n.jpg",1280,853,false],"landscape":["https:\/\/repam.org.br\/cop30\/wp-content\/uploads\/2024\/10\/464338632_885124550385405_1127297151628826118_n.jpg",1280,853,false],"portraits":["https:\/\/repam.org.br\/cop30\/wp-content\/uploads\/2024\/10\/464338632_885124550385405_1127297151628826118_n.jpg",1280,853,false],"thumbnail":["https:\/\/repam.org.br\/cop30\/wp-content\/uploads\/2024\/10\/464338632_885124550385405_1127297151628826118_n-150x150.jpg",150,150,true],"medium":["https:\/\/repam.org.br\/cop30\/wp-content\/uploads\/2024\/10\/464338632_885124550385405_1127297151628826118_n-300x200.jpg",300,200,true],"large":["https:\/\/repam.org.br\/cop30\/wp-content\/uploads\/2024\/10\/464338632_885124550385405_1127297151628826118_n-1024x682.jpg",800,533,true],"1536x1536":["https:\/\/repam.org.br\/cop30\/wp-content\/uploads\/2024\/10\/464338632_885124550385405_1127297151628826118_n.jpg",1280,853,false],"2048x2048":["https:\/\/repam.org.br\/cop30\/wp-content\/uploads\/2024\/10\/464338632_885124550385405_1127297151628826118_n.jpg",1280,853,false]},"rttpg_author":{"display_name":"Comunica\u00e7\u00e3o Cop30","author_link":"https:\/\/repam.org.br\/cop30\/author\/comunicacaocop30\/"},"rttpg_comment":0,"rttpg_category":"<a href=\"https:\/\/repam.org.br\/cop30\/category\/noticias\/\" rel=\"category tag\">Not\u00edcias<\/a>","rttpg_excerpt":"Por REPAM Col\u00f4mbia No \u00e2mbito da COP16 sobre Biodiversidade, nos juntamos ao espa\u00e7o dos Tribunais \u00c9ticos na Zona Verde, um lugar onde as vozes das mulheres andino-amaz\u00f4nicas s\u00e3o levantadas em defesa de seus corpos e territ\u00f3rios, ambos amea\u00e7ados pela explora\u00e7\u00e3o e desapropria\u00e7\u00e3o. Este encontro \u00e9 um grito por justi\u00e7a e reconhecimento, onde compartilhamos suas lutas&hellip;","_links":{"self":[{"href":"https:\/\/repam.org.br\/cop30\/wp-json\/wp\/v2\/posts\/15137","targetHints":{"allow":["GET"]}}],"collection":[{"href":"https:\/\/repam.org.br\/cop30\/wp-json\/wp\/v2\/posts"}],"about":[{"href":"https:\/\/repam.org.br\/cop30\/wp-json\/wp\/v2\/types\/post"}],"author":[{"embeddable":true,"href":"https:\/\/repam.org.br\/cop30\/wp-json\/wp\/v2\/users\/3"}],"replies":[{"embeddable":true,"href":"https:\/\/repam.org.br\/cop30\/wp-json\/wp\/v2\/comments?post=15137"}],"version-history":[{"count":4,"href":"https:\/\/repam.org.br\/cop30\/wp-json\/wp\/v2\/posts\/15137\/revisions"}],"predecessor-version":[{"id":15151,"href":"https:\/\/repam.org.br\/cop30\/wp-json\/wp\/v2\/posts\/15137\/revisions\/15151"}],"wp:featuredmedia":[{"embeddable":true,"href":"https:\/\/repam.org.br\/cop30\/wp-json\/wp\/v2\/media\/15142"}],"wp:attachment":[{"href":"https:\/\/repam.org.br\/cop30\/wp-json\/wp\/v2\/media?parent=15137"}],"wp:term":[{"taxonomy":"category","embeddable":true,"href":"https:\/\/repam.org.br\/cop30\/wp-json\/wp\/v2\/categories?post=15137"},{"taxonomy":"post_tag","embeddable":true,"href":"https:\/\/repam.org.br\/cop30\/wp-json\/wp\/v2\/tags?post=15137"}],"curies":[{"name":"wp","href":"https:\/\/api.w.org\/{rel}","templated":true}]}}