{"id":15179,"date":"2024-10-21T10:10:00","date_gmt":"2024-10-21T13:10:00","guid":{"rendered":"https:\/\/repam.org.br\/cop30\/?p=15179"},"modified":"2024-10-24T17:18:48","modified_gmt":"2024-10-24T20:18:48","slug":"segunda-formacao-virtual-sobre-a-cop-30-reune-mais-de-40-pessoas-online","status":"publish","type":"post","link":"https:\/\/repam.org.br\/cop30\/segunda-formacao-virtual-sobre-a-cop-30-reune-mais-de-40-pessoas-online\/","title":{"rendered":"Segunda Forma\u00e7\u00e3o Virtual sobre a COP 30 re\u00fane mais de 40 pessoas online"},"content":{"rendered":"\n<figure class=\"wp-block-image size-large\"><img fetchpriority=\"high\" decoding=\"async\" width=\"1024\" height=\"582\" src=\"https:\/\/repam.org.br\/cop30\/wp-content\/uploads\/2024\/10\/WhatsApp-Image-2024-10-19-at-11.30.52-1024x582.jpeg\" alt=\"\" class=\"wp-image-15180\" srcset=\"https:\/\/repam.org.br\/cop30\/wp-content\/uploads\/2024\/10\/WhatsApp-Image-2024-10-19-at-11.30.52-1024x582.jpeg 1024w, https:\/\/repam.org.br\/cop30\/wp-content\/uploads\/2024\/10\/WhatsApp-Image-2024-10-19-at-11.30.52-300x170.jpeg 300w, https:\/\/repam.org.br\/cop30\/wp-content\/uploads\/2024\/10\/WhatsApp-Image-2024-10-19-at-11.30.52-768x436.jpeg 768w, https:\/\/repam.org.br\/cop30\/wp-content\/uploads\/2024\/10\/WhatsApp-Image-2024-10-19-at-11.30.52-1536x873.jpeg 1536w, https:\/\/repam.org.br\/cop30\/wp-content\/uploads\/2024\/10\/WhatsApp-Image-2024-10-19-at-11.30.52.jpeg 1600w\" sizes=\"(max-width: 1024px) 100vw, 1024px\" \/><\/figure>\n\n\n\n<p>A <strong>Mobiliza\u00e7\u00e3o dos Povos pela Terra e pelo Clima<\/strong>, articula\u00e7\u00e3o da REPAM rumo \u00e0 COP 30 em Bel\u00e9m, apoiou, no \u00faltimo s\u00e1bado, 19 de outubro, a realiza\u00e7\u00e3o da <strong>Segunda Forma\u00e7\u00e3o Virtual sobre a COP 30<\/strong>, em parceria com o Movimento Popular de Mulheres, que re\u00fane mulheres do Par\u00e1, Maranh\u00e3o e Tocantins. Ao todo, 50 pessoas dessas e de outras regi\u00f5es do pa\u00eds participaram do encontro, que foi estruturado em quatro momentos estrat\u00e9gicos: o primeiro com a fala de Suzete Kourliandsky,  do Coletivo Mahura, traouxe os princ\u00edpios da Carta da Terra, na sequ\u00eancia Maria de Jesus, do Movimento Popular de Mulheres; em seguida, Sila Mesquita, do Grupo de Trabalho Amaz\u00f4nico\/FOSPA; e, por fim, Eunice Guedes, da Articula\u00e7\u00e3o de Mulheres Brasileiras. As falas tiveram como objetivo principal, nesta forma\u00e7\u00e3o, mostrar exemplos e destacar a import\u00e2ncia de os movimentos e os territ\u00f3rios se mobilizarem para construir uma articula\u00e7\u00e3o que fortale\u00e7a as pautas locais no \u00e2mbito da Confer\u00eancia Clim\u00e1tica que acontecer\u00e1 em Bel\u00e9m no pr\u00f3ximo ano.<\/p>\n\n\n\n<p>Durante a forma\u00e7\u00e3o, Carlos Antonio destacou: \u201cParab\u00e9ns! A COP somos n\u00f3s, fazemos parte deste planeta, eles n\u00e3o podem decidir pelos povos deste planeta, os temas t\u00eam que funcionar com participa\u00e7\u00e3o p\u00fablica.\u201d<\/p>\n\n\n\n<p>Al\u00e9m disso, Maria da Consola\u00e7\u00e3o Lucinda ressaltou: \u201cO cuidado \u00e9 uma dimens\u00e3o feminina. Cuidar da Terra e do Planeta tem sido uma tarefa levada por mulheres. Precisamos fazer essa discuss\u00e3o, pois a incid\u00eancia \u00e9 mesmo sobre as mulheres.\u201d<\/p>\n\n\n\n<p>COP significa Confer\u00eancia das Partes. &#8220;Partes&#8221;, nesta sigla, refere-se aos pa\u00edses que fazem parte da Conven\u00e7\u00e3o-Quadro das Na\u00e7\u00f5es Unidas para as Mudan\u00e7as Clim\u00e1ticas, tratado internacional que costuma ser referenciado por sua sigla em ingl\u00eas: UNFCCC (United Nations Framework Convention on Climate Change). A Conven\u00e7\u00e3o-Quadro foi aberta para assinaturas em 1992, durante a Confer\u00eancia Rio-92, mas entrou em vigor apenas em 1994. Desde 1995, as Partes se re\u00fanem anualmente para avan\u00e7ar na implementa\u00e7\u00e3o das medidas e compromissos definidos no tratado internacional.<\/p>\n\n\n\n<p>Mais do que uma reuni\u00e3o entre partes de um tratado internacional de mudan\u00e7as clim\u00e1ticas, a COP \u00e9 hoje o principal f\u00f3rum de debates sobre meio ambiente em escala global. A confer\u00eancia re\u00fane representantes de mais de 196 pa\u00edses para tratar de quest\u00f5es ambientais de modo geral e das mudan\u00e7as clim\u00e1ticas em espec\u00edfico.<\/p>\n\n\n\n<p>\u201cA gente precisa valorizar e potencializar essa diversidade de lutas e de experi\u00eancias que os povos compartilham conosco, buscando aglutinar essas for\u00e7as em diversos espa\u00e7os\u201d, conclui Joana Menezes, articuladora da Mobiliza\u00e7\u00e3o dos Povos pela Terra e pelo Clima.<\/p>\n","protected":false},"excerpt":{"rendered":"<p>A Mobiliza\u00e7\u00e3o dos Povos pela Terra e pelo Clima, articula\u00e7\u00e3o da REPAM rumo \u00e0 COP 30 em Bel\u00e9m, apoiou, no \u00faltimo s\u00e1bado, 19 de outubro, a realiza\u00e7\u00e3o da Segunda Forma\u00e7\u00e3o Virtual sobre a COP 30, em parceria com o Movimento Popular de Mulheres, que re\u00fane mulheres do Par\u00e1, Maranh\u00e3o e Tocantins. Ao todo, 50 pessoas dessas e de outras regi\u00f5es do pa\u00eds participaram do encontro, que foi estruturado em quatro momentos estrat\u00e9gicos: o primeiro com a fala de Suzete Kourliandsky, do Coletivo Mahura, traouxe os princ\u00edpios da Carta da Terra, na sequ\u00eancia Maria de Jesus, do Movimento Popular de Mulheres; em seguida, Sila Mesquita, do Grupo de Trabalho Amaz\u00f4nico\/FOSPA; e, por fim, Eunice Guedes, da Articula\u00e7\u00e3o de Mulheres Brasileiras. As falas tiveram como objetivo principal, nesta forma\u00e7\u00e3o, mostrar exemplos e destacar a import\u00e2ncia de os movimentos e os territ\u00f3rios se mobilizarem para construir uma articula\u00e7\u00e3o que fortale\u00e7a as pautas locais no \u00e2mbito da Confer\u00eancia Clim\u00e1tica que acontecer\u00e1 em Bel\u00e9m no pr\u00f3ximo ano. Durante a forma\u00e7\u00e3o, Carlos Antonio destacou: \u201cParab\u00e9ns! A COP somos n\u00f3s, fazemos parte deste planeta, eles n\u00e3o podem decidir pelos povos deste planeta, os temas t\u00eam que funcionar com participa\u00e7\u00e3o p\u00fablica.\u201d Al\u00e9m disso, Maria da Consola\u00e7\u00e3o Lucinda ressaltou: \u201cO cuidado \u00e9 uma dimens\u00e3o feminina. Cuidar da Terra e do Planeta tem sido uma tarefa levada por mulheres. Precisamos fazer essa discuss\u00e3o, pois a incid\u00eancia \u00e9 mesmo sobre as mulheres.\u201d COP significa Confer\u00eancia das Partes. &#8220;Partes&#8221;, nesta sigla, refere-se aos pa\u00edses que fazem parte da Conven\u00e7\u00e3o-Quadro das Na\u00e7\u00f5es Unidas para as Mudan\u00e7as Clim\u00e1ticas, tratado internacional que costuma ser referenciado por sua sigla em ingl\u00eas: UNFCCC (United Nations Framework Convention on Climate Change). A Conven\u00e7\u00e3o-Quadro foi aberta para assinaturas em 1992, durante a Confer\u00eancia Rio-92, mas entrou em vigor apenas em 1994. Desde 1995, as Partes se re\u00fanem anualmente para avan\u00e7ar na implementa\u00e7\u00e3o das medidas e compromissos definidos no tratado internacional. Mais do que uma reuni\u00e3o entre partes de um tratado internacional de mudan\u00e7as clim\u00e1ticas, a COP \u00e9 hoje o principal f\u00f3rum de debates sobre meio ambiente em escala global. A confer\u00eancia re\u00fane representantes de mais de 196 pa\u00edses para tratar de quest\u00f5es ambientais de modo geral e das mudan\u00e7as clim\u00e1ticas em espec\u00edfico. \u201cA gente precisa valorizar e potencializar essa diversidade de lutas e de experi\u00eancias que os povos compartilham conosco, buscando aglutinar essas for\u00e7as em diversos espa\u00e7os\u201d, conclui Joana Menezes, articuladora da Mobiliza\u00e7\u00e3o dos Povos pela Terra e pelo Clima.<\/p>\n","protected":false},"author":3,"featured_media":15180,"comment_status":"open","ping_status":"open","sticky":false,"template":"","format":"standard","meta":{"footnotes":""},"categories":[5],"tags":[],"class_list":["post-15179","post","type-post","status-publish","format-standard","has-post-thumbnail","hentry","category-noticias"],"rttpg_featured_image_url":{"full":["https:\/\/repam.org.br\/cop30\/wp-content\/uploads\/2024\/10\/WhatsApp-Image-2024-10-19-at-11.30.52.jpeg",1600,909,false],"landscape":["https:\/\/repam.org.br\/cop30\/wp-content\/uploads\/2024\/10\/WhatsApp-Image-2024-10-19-at-11.30.52.jpeg",1600,909,false],"portraits":["https:\/\/repam.org.br\/cop30\/wp-content\/uploads\/2024\/10\/WhatsApp-Image-2024-10-19-at-11.30.52.jpeg",1600,909,false],"thumbnail":["https:\/\/repam.org.br\/cop30\/wp-content\/uploads\/2024\/10\/WhatsApp-Image-2024-10-19-at-11.30.52-150x150.jpeg",150,150,true],"medium":["https:\/\/repam.org.br\/cop30\/wp-content\/uploads\/2024\/10\/WhatsApp-Image-2024-10-19-at-11.30.52-300x170.jpeg",300,170,true],"large":["https:\/\/repam.org.br\/cop30\/wp-content\/uploads\/2024\/10\/WhatsApp-Image-2024-10-19-at-11.30.52-1024x582.jpeg",800,455,true],"1536x1536":["https:\/\/repam.org.br\/cop30\/wp-content\/uploads\/2024\/10\/WhatsApp-Image-2024-10-19-at-11.30.52-1536x873.jpeg",1536,873,true],"2048x2048":["https:\/\/repam.org.br\/cop30\/wp-content\/uploads\/2024\/10\/WhatsApp-Image-2024-10-19-at-11.30.52.jpeg",1600,909,false]},"rttpg_author":{"display_name":"Comunica\u00e7\u00e3o Cop30","author_link":"https:\/\/repam.org.br\/cop30\/author\/comunicacaocop30\/"},"rttpg_comment":0,"rttpg_category":"<a href=\"https:\/\/repam.org.br\/cop30\/category\/noticias\/\" rel=\"category tag\">Not\u00edcias<\/a>","rttpg_excerpt":"A Mobiliza\u00e7\u00e3o dos Povos pela Terra e pelo Clima, articula\u00e7\u00e3o da REPAM rumo \u00e0 COP 30 em Bel\u00e9m, apoiou, no \u00faltimo s\u00e1bado, 19 de outubro, a realiza\u00e7\u00e3o da Segunda Forma\u00e7\u00e3o Virtual sobre a COP 30, em parceria com o Movimento Popular de Mulheres, que re\u00fane mulheres do Par\u00e1, Maranh\u00e3o e Tocantins. Ao todo, 50 pessoas&hellip;","_links":{"self":[{"href":"https:\/\/repam.org.br\/cop30\/wp-json\/wp\/v2\/posts\/15179","targetHints":{"allow":["GET"]}}],"collection":[{"href":"https:\/\/repam.org.br\/cop30\/wp-json\/wp\/v2\/posts"}],"about":[{"href":"https:\/\/repam.org.br\/cop30\/wp-json\/wp\/v2\/types\/post"}],"author":[{"embeddable":true,"href":"https:\/\/repam.org.br\/cop30\/wp-json\/wp\/v2\/users\/3"}],"replies":[{"embeddable":true,"href":"https:\/\/repam.org.br\/cop30\/wp-json\/wp\/v2\/comments?post=15179"}],"version-history":[{"count":2,"href":"https:\/\/repam.org.br\/cop30\/wp-json\/wp\/v2\/posts\/15179\/revisions"}],"predecessor-version":[{"id":15183,"href":"https:\/\/repam.org.br\/cop30\/wp-json\/wp\/v2\/posts\/15179\/revisions\/15183"}],"wp:featuredmedia":[{"embeddable":true,"href":"https:\/\/repam.org.br\/cop30\/wp-json\/wp\/v2\/media\/15180"}],"wp:attachment":[{"href":"https:\/\/repam.org.br\/cop30\/wp-json\/wp\/v2\/media?parent=15179"}],"wp:term":[{"taxonomy":"category","embeddable":true,"href":"https:\/\/repam.org.br\/cop30\/wp-json\/wp\/v2\/categories?post=15179"},{"taxonomy":"post_tag","embeddable":true,"href":"https:\/\/repam.org.br\/cop30\/wp-json\/wp\/v2\/tags?post=15179"}],"curies":[{"name":"wp","href":"https:\/\/api.w.org\/{rel}","templated":true}]}}