{"id":15189,"date":"2024-10-28T12:18:44","date_gmt":"2024-10-28T15:18:44","guid":{"rendered":"https:\/\/repam.org.br\/cop30\/?p=15189"},"modified":"2024-10-29T12:21:59","modified_gmt":"2024-10-29T15:21:59","slug":"cop16-organizacoes-indigenas-de-nove-paises-lancam-alianca-inedita-em-defesa-da-amazonia-e-do-clima","status":"publish","type":"post","link":"https:\/\/repam.org.br\/cop30\/cop16-organizacoes-indigenas-de-nove-paises-lancam-alianca-inedita-em-defesa-da-amazonia-e-do-clima\/","title":{"rendered":"COP16: Organiza\u00e7\u00f5es ind\u00edgenas de nove pa\u00edses lan\u00e7am alian\u00e7a in\u00e9dita em defesa da Amaz\u00f4nia e do clima"},"content":{"rendered":"\n<p><img fetchpriority=\"high\" decoding=\"async\" width=\"1600\" height=\"800\" srcset=\"https:\/\/repam.org.br\/wp-content\/uploads\/2024\/10\/WhatsApp-Image-2024-10-27-at-17.15.24-1600x800.jpeg 1600w\" src=\"https:\/\/repam.org.br\/wp-content\/uploads\/2024\/10\/WhatsApp-Image-2024-10-27-at-17.15.24-1600x800.jpeg\" alt=\"\"><\/p>\n\n\n\n<p><em>Por Janaina Souza<\/em><\/p>\n\n\n\n<p>Organiza\u00e7\u00f5es ind\u00edgenas de nove pa\u00edses amaz\u00f4nicos formalizaram uma alian\u00e7a in\u00e9dita, chamada G9 da Amaz\u00f4nia Ind\u00edgena.<\/p>\n\n\n\n<p>O objetivo da alian\u00e7a \u00e9 defender a floresta, os povos tradicionais, a biodiversidade e o clima global. Essa coaliz\u00e3o visa tamb\u00e9m fortalecer as demandas comuns dos povos ind\u00edgenas, al\u00e9m de aumentar a press\u00e3o sobre governos por a\u00e7\u00f5es clim\u00e1ticas efetivas.<\/p>\n\n\n\n<p>Toya Manchineri, coordenador da Coordena\u00e7\u00e3o das Organiza\u00e7\u00f5es Ind\u00edgenas da Amaz\u00f4nia Brasileira (Coiab) que faz parte do G9 da Amaz\u00f4nia Ind\u00edgena, destacou durante o seu discurso de lan\u00e7amento da alian\u00e7a, que al\u00e9m dos povos ind\u00edgenas \u00e9 importante a uni\u00e3o de todos na prote\u00e7\u00e3o do meio ambiente.<\/p>\n\n\n\n<p><em>\u201cO G9 \u00e9 um espa\u00e7o t\u00e9cnico e pol\u00edtico para que possamos cada vez mais unificar o movimento ind\u00edgena da Bacia Amaz\u00f4nica, pensando em fazer incid\u00eancia tanto na Cop clim\u00e1tica,quanto na Cop da biodiversidade e pensando na Cop30. Precisamos estar cada vez mais unidos e discutindo os temas que s\u00e3o importantes para n\u00f3s povos ind\u00edgenas, mas tamb\u00e9m para sociedade n\u00e3o ind\u00edgena\u201d<\/em>, pontuou ao lembrar que a inten\u00e7\u00e3o \u00e9 trazer mais pessoas para contribuir com a causa ind\u00edgena em defesa do planeta.<\/p>\n\n\n\n<p><em>\u201cSozinhos os povos ind\u00edgenas j\u00e1 v\u00eam fazendo sua parte, mas \u00e9 necess\u00e1rio juntar mais pessoas para que possamos trazer solu\u00e7\u00f5es para sairmos do&nbsp; desmantelo que estamos causando ao planeta terra\u201d.<\/em><\/p>\n\n\n\n<p>O G9 inclui representantes da Bol\u00edvia, Brasil, Col\u00f4mbia, Equador, Guiana, Guiana Francesa, Peru, Suriname e Venezuela.<\/p>\n\n\n\n<p>Esse acordo foi pactuado em Bogot\u00e1, Col\u00f4mbia em agosto durante o encontro internacional dos Povos Ind\u00edgenas da Bacia Amaz\u00f4nica.<\/p>\n\n\n\n<p><\/p>\n","protected":false},"excerpt":{"rendered":"<p>Por Janaina Souza Organiza\u00e7\u00f5es ind\u00edgenas de nove pa\u00edses amaz\u00f4nicos formalizaram uma alian\u00e7a in\u00e9dita, chamada G9 da Amaz\u00f4nia Ind\u00edgena. O objetivo da alian\u00e7a \u00e9 defender a floresta, os povos tradicionais, a biodiversidade e o clima global. Essa coaliz\u00e3o visa tamb\u00e9m fortalecer as demandas comuns dos povos ind\u00edgenas, al\u00e9m de aumentar a press\u00e3o sobre governos por a\u00e7\u00f5es clim\u00e1ticas efetivas. Toya Manchineri, coordenador da Coordena\u00e7\u00e3o das Organiza\u00e7\u00f5es Ind\u00edgenas da Amaz\u00f4nia Brasileira (Coiab) que faz parte do G9 da Amaz\u00f4nia Ind\u00edgena, destacou durante o seu discurso de lan\u00e7amento da alian\u00e7a, que al\u00e9m dos povos ind\u00edgenas \u00e9 importante a uni\u00e3o de todos na prote\u00e7\u00e3o do meio ambiente. \u201cO G9 \u00e9 um espa\u00e7o t\u00e9cnico e pol\u00edtico para que possamos cada vez mais unificar o movimento ind\u00edgena da Bacia Amaz\u00f4nica, pensando em fazer incid\u00eancia tanto na Cop clim\u00e1tica,quanto na Cop da biodiversidade e pensando na Cop30. Precisamos estar cada vez mais unidos e discutindo os temas que s\u00e3o importantes para n\u00f3s povos ind\u00edgenas, mas tamb\u00e9m para sociedade n\u00e3o ind\u00edgena\u201d, pontuou ao lembrar que a inten\u00e7\u00e3o \u00e9 trazer mais pessoas para contribuir com a causa ind\u00edgena em defesa do planeta. \u201cSozinhos os povos ind\u00edgenas j\u00e1 v\u00eam fazendo sua parte, mas \u00e9 necess\u00e1rio juntar mais pessoas para que possamos trazer solu\u00e7\u00f5es para sairmos do&nbsp; desmantelo que estamos causando ao planeta terra\u201d. O G9 inclui representantes da Bol\u00edvia, Brasil, Col\u00f4mbia, Equador, Guiana, Guiana Francesa, Peru, Suriname e Venezuela. Esse acordo foi pactuado em Bogot\u00e1, Col\u00f4mbia em agosto durante o encontro internacional dos Povos Ind\u00edgenas da Bacia Amaz\u00f4nica.<\/p>\n","protected":false},"author":3,"featured_media":15190,"comment_status":"open","ping_status":"open","sticky":false,"template":"","format":"standard","meta":{"footnotes":""},"categories":[5],"tags":[],"class_list":["post-15189","post","type-post","status-publish","format-standard","has-post-thumbnail","hentry","category-noticias"],"rttpg_featured_image_url":{"full":["https:\/\/repam.org.br\/cop30\/wp-content\/uploads\/2024\/10\/WhatsApp-Image-2024-10-27-at-17.15.24-1600x800-1.jpeg",1600,800,false],"landscape":["https:\/\/repam.org.br\/cop30\/wp-content\/uploads\/2024\/10\/WhatsApp-Image-2024-10-27-at-17.15.24-1600x800-1.jpeg",1600,800,false],"portraits":["https:\/\/repam.org.br\/cop30\/wp-content\/uploads\/2024\/10\/WhatsApp-Image-2024-10-27-at-17.15.24-1600x800-1.jpeg",1600,800,false],"thumbnail":["https:\/\/repam.org.br\/cop30\/wp-content\/uploads\/2024\/10\/WhatsApp-Image-2024-10-27-at-17.15.24-1600x800-1-150x150.jpeg",150,150,true],"medium":["https:\/\/repam.org.br\/cop30\/wp-content\/uploads\/2024\/10\/WhatsApp-Image-2024-10-27-at-17.15.24-1600x800-1-300x150.jpeg",300,150,true],"large":["https:\/\/repam.org.br\/cop30\/wp-content\/uploads\/2024\/10\/WhatsApp-Image-2024-10-27-at-17.15.24-1600x800-1-1024x512.jpeg",800,400,true],"1536x1536":["https:\/\/repam.org.br\/cop30\/wp-content\/uploads\/2024\/10\/WhatsApp-Image-2024-10-27-at-17.15.24-1600x800-1-1536x768.jpeg",1536,768,true],"2048x2048":["https:\/\/repam.org.br\/cop30\/wp-content\/uploads\/2024\/10\/WhatsApp-Image-2024-10-27-at-17.15.24-1600x800-1.jpeg",1600,800,false]},"rttpg_author":{"display_name":"Comunica\u00e7\u00e3o Cop30","author_link":"https:\/\/repam.org.br\/cop30\/author\/comunicacaocop30\/"},"rttpg_comment":0,"rttpg_category":"<a href=\"https:\/\/repam.org.br\/cop30\/category\/noticias\/\" rel=\"category tag\">Not\u00edcias<\/a>","rttpg_excerpt":"Por Janaina Souza Organiza\u00e7\u00f5es ind\u00edgenas de nove pa\u00edses amaz\u00f4nicos formalizaram uma alian\u00e7a in\u00e9dita, chamada G9 da Amaz\u00f4nia Ind\u00edgena. O objetivo da alian\u00e7a \u00e9 defender a floresta, os povos tradicionais, a biodiversidade e o clima global. Essa coaliz\u00e3o visa tamb\u00e9m fortalecer as demandas comuns dos povos ind\u00edgenas, al\u00e9m de aumentar a press\u00e3o sobre governos por a\u00e7\u00f5es&hellip;","_links":{"self":[{"href":"https:\/\/repam.org.br\/cop30\/wp-json\/wp\/v2\/posts\/15189","targetHints":{"allow":["GET"]}}],"collection":[{"href":"https:\/\/repam.org.br\/cop30\/wp-json\/wp\/v2\/posts"}],"about":[{"href":"https:\/\/repam.org.br\/cop30\/wp-json\/wp\/v2\/types\/post"}],"author":[{"embeddable":true,"href":"https:\/\/repam.org.br\/cop30\/wp-json\/wp\/v2\/users\/3"}],"replies":[{"embeddable":true,"href":"https:\/\/repam.org.br\/cop30\/wp-json\/wp\/v2\/comments?post=15189"}],"version-history":[{"count":1,"href":"https:\/\/repam.org.br\/cop30\/wp-json\/wp\/v2\/posts\/15189\/revisions"}],"predecessor-version":[{"id":15191,"href":"https:\/\/repam.org.br\/cop30\/wp-json\/wp\/v2\/posts\/15189\/revisions\/15191"}],"wp:featuredmedia":[{"embeddable":true,"href":"https:\/\/repam.org.br\/cop30\/wp-json\/wp\/v2\/media\/15190"}],"wp:attachment":[{"href":"https:\/\/repam.org.br\/cop30\/wp-json\/wp\/v2\/media?parent=15189"}],"wp:term":[{"taxonomy":"category","embeddable":true,"href":"https:\/\/repam.org.br\/cop30\/wp-json\/wp\/v2\/categories?post=15189"},{"taxonomy":"post_tag","embeddable":true,"href":"https:\/\/repam.org.br\/cop30\/wp-json\/wp\/v2\/tags?post=15189"}],"curies":[{"name":"wp","href":"https:\/\/api.w.org\/{rel}","templated":true}]}}