{"id":15192,"date":"2024-10-29T12:36:34","date_gmt":"2024-10-29T15:36:34","guid":{"rendered":"https:\/\/repam.org.br\/cop30\/?p=15192"},"modified":"2024-11-01T12:38:05","modified_gmt":"2024-11-01T15:38:05","slug":"cop16-financiamento-para-protecao-da-biodiversidade-foi-o-tema-central-de-plenaria-com-presidentes-e-representantes-de-190-paises","status":"publish","type":"post","link":"https:\/\/repam.org.br\/cop30\/cop16-financiamento-para-protecao-da-biodiversidade-foi-o-tema-central-de-plenaria-com-presidentes-e-representantes-de-190-paises\/","title":{"rendered":"COP16: Financiamento para prote\u00e7\u00e3o da biodiversidade foi o tema central de plen\u00e1ria com presidentes e representantes de 190 Pa\u00edses"},"content":{"rendered":"\n<p><img fetchpriority=\"high\" decoding=\"async\" width=\"798\" height=\"399\" srcset=\"https:\/\/repam.org.br\/wp-content\/uploads\/2024\/10\/WhatsApp-Image-2024-10-29-at-17.29.10-798x399.jpeg 798w, https:\/\/repam.org.br\/wp-content\/uploads\/2024\/10\/WhatsApp-Image-2024-10-29-at-17.29.10-799x399.jpeg 799w\" src=\"https:\/\/repam.org.br\/wp-content\/uploads\/2024\/10\/WhatsApp-Image-2024-10-29-at-17.29.10-798x399.jpeg\" alt=\"\"><\/p>\n\n\n\n<p>Por Jana\u00edna Souza<\/p>\n\n\n\n<p>Presidentes e representantes de mais de 190 pa\u00edses, se re\u00fanem na Confer\u00eancia das Partes&nbsp; (COP16) da Conven\u00e7\u00e3o sobre Biodiversidade Biol\u00f3gica 9(CBD)&nbsp; em Cali, na Col\u00f4mbia.<\/p>\n\n\n\n<p>O encontro que \u00e9 o principal F\u00f3rum para coopera\u00e7\u00e3o internacional pela conserva\u00e7\u00e3o e o uso sustent\u00e1vel da biodiversidade segue at\u00e9 dia 1 de novembro, no espa\u00e7o Zona Azul.<\/p>\n\n\n\n<p>A ministra Marina Silva que participou de v\u00e1rias reuni\u00f5es, tamb\u00e9m representou o presidente do Brasil, Luiz In\u00e1cio da Silva, na abertura do segmento de alto n\u00edvel da Cop-16 , com presidentes e\/ou representantes dos pa\u00edses.<\/p>\n\n\n\n<p>Mariana Silva destacou que as fases das Conferencias ultrapassaram o momento de formula\u00e7\u00e3o de pol\u00edticas, de cria\u00e7\u00e3o de estruturas e viabiliza\u00e7\u00e3o de mecanismos de financiamentos.<\/p>\n\n\n\n<p><em>\u201cAgora \u00e9 a fase de implementa\u00e7\u00e3o e isso pressup\u00f5e os recursos concretos para as diferentes agendas, seja para prote\u00e7\u00e3o da biodiversidade, restaura\u00e7\u00e3o ou uso sustent\u00e1vel\u201d,<\/em>&nbsp;informou a ministra destacando entre essas a agenda da bioeconomia.<\/p>\n\n\n\n<p><em>\u201cO Brasil tem trabalhado com diferentes mecanismos. N\u00f3s n\u00e3o acreditamos que seja poss\u00edvel enfrentar um problema dessa magnitude apenas com fontes de recurso p\u00fablicos, ainda que sejam fundamentais, pois os pa\u00edses ricos t\u00eam que fazer o aporte de recursos p\u00fablicos para ajudar no cumprimento da agenda do clima e biodiversidade, al\u00e9m da desertifica\u00e7\u00e3o, mas tamb\u00e9m os recursos privados\u201d.<\/em><\/p>\n\n\n\n<figure class=\"wp-block-image aligncenter\"><a href=\"https:\/\/repam.org.br\/cop16-financiamento-para-protecao-da-biodiversidade-foi-o-tema-central-de-plenaria-com-presidentes-e-representantes-de-190-paises\/whatsapp-image-2024-10-29-at-17-23-30\/\"><img decoding=\"async\" src=\"http:\/\/repam.org.br\/wp-content\/uploads\/2024\/10\/WhatsApp-Image-2024-10-29-at-17.23.30-576x1024.jpeg\" alt=\"\" class=\"wp-image-15782\"\/><\/a><\/figure>\n\n\n\n<p>O Brasil est\u00e1 trabalhando, de acordo com a ministra, com o Fundo Clima que j\u00e1 captou 10 bilh\u00f5es de reais para projetos de desenvolvimento sustent\u00e1vel, al\u00e9m do Financiamento das Florestas Tropicais que \u00e9 um mecanismo para financiar a conserva\u00e7\u00e3o de florestas ao redor do mundo.<\/p>\n\n\n\n<p><em>\u201cAt\u00e9 hoje, temos recursos para evitar que florestas sejam destru\u00eddas\u201d, pontuou.<\/em><\/p>\n\n\n\n<p>Por outro lado, organiza\u00e7\u00f5es da sociedade civil presentes na Cop16 acham importante esses acordos&nbsp; e financiamentos, por\u00e9m segundo eles n\u00e3o s\u00e3o aplicados para quem realmente precisa, como informou Samuel Leite Caetano, do Conselho Nacional de Povos e Comunidades Tradicionais.<\/p>\n\n\n\n<p><em>\u201c\u00c9 um desafio muito grande colocarmos todas apostas no governo. Existe um processo para alavancar a economia, por\u00e9m no meu ponto de vista \u00e9 entregar o cerrado para o agroneg\u00f3cio.<\/em><\/p>\n\n\n\n<p><em>&nbsp;Se n\u00e3o balizarmos tudo isso que est\u00e1 acontecendo aqui em Cali&nbsp; como pol\u00edtica de reforma agr\u00e1ria, de regulariza\u00e7\u00e3o fundi\u00e1ria, onde povos e comunidade tradicionais est\u00e3o no centro dos nossos territ\u00f3rios, ser\u00e1 dif\u00edcil fazer qualquer constru\u00e7\u00e3o sobre sociobiodiversidade\u201d, finalizou.<\/em><\/p>\n\n\n\n<p>Por Jana\u00edna Souza<\/p>\n","protected":false},"excerpt":{"rendered":"<p>Por Jana\u00edna Souza Presidentes e representantes de mais de 190 pa\u00edses, se re\u00fanem na Confer\u00eancia das Partes&nbsp; (COP16) da Conven\u00e7\u00e3o sobre Biodiversidade Biol\u00f3gica 9(CBD)&nbsp; em Cali, na Col\u00f4mbia. O encontro que \u00e9 o principal F\u00f3rum para coopera\u00e7\u00e3o internacional pela conserva\u00e7\u00e3o e o uso sustent\u00e1vel da biodiversidade segue at\u00e9 dia 1 de novembro, no espa\u00e7o Zona Azul. A ministra Marina Silva que participou de v\u00e1rias reuni\u00f5es, tamb\u00e9m representou o presidente do Brasil, Luiz In\u00e1cio da Silva, na abertura do segmento de alto n\u00edvel da Cop-16 , com presidentes e\/ou representantes dos pa\u00edses. Mariana Silva destacou que as fases das Conferencias ultrapassaram o momento de formula\u00e7\u00e3o de pol\u00edticas, de cria\u00e7\u00e3o de estruturas e viabiliza\u00e7\u00e3o de mecanismos de financiamentos. \u201cAgora \u00e9 a fase de implementa\u00e7\u00e3o e isso pressup\u00f5e os recursos concretos para as diferentes agendas, seja para prote\u00e7\u00e3o da biodiversidade, restaura\u00e7\u00e3o ou uso sustent\u00e1vel\u201d,&nbsp;informou a ministra destacando entre essas a agenda da bioeconomia. \u201cO Brasil tem trabalhado com diferentes mecanismos. N\u00f3s n\u00e3o acreditamos que seja poss\u00edvel enfrentar um problema dessa magnitude apenas com fontes de recurso p\u00fablicos, ainda que sejam fundamentais, pois os pa\u00edses ricos t\u00eam que fazer o aporte de recursos p\u00fablicos para ajudar no cumprimento da agenda do clima e biodiversidade, al\u00e9m da desertifica\u00e7\u00e3o, mas tamb\u00e9m os recursos privados\u201d. O Brasil est\u00e1 trabalhando, de acordo com a ministra, com o Fundo Clima que j\u00e1 captou 10 bilh\u00f5es de reais para projetos de desenvolvimento sustent\u00e1vel, al\u00e9m do Financiamento das Florestas Tropicais que \u00e9 um mecanismo para financiar a conserva\u00e7\u00e3o de florestas ao redor do mundo. \u201cAt\u00e9 hoje, temos recursos para evitar que florestas sejam destru\u00eddas\u201d, pontuou. Por outro lado, organiza\u00e7\u00f5es da sociedade civil presentes na Cop16 acham importante esses acordos&nbsp; e financiamentos, por\u00e9m segundo eles n\u00e3o s\u00e3o aplicados para quem realmente precisa, como informou Samuel Leite Caetano, do Conselho Nacional de Povos e Comunidades Tradicionais. \u201c\u00c9 um desafio muito grande colocarmos todas apostas no governo. Existe um processo para alavancar a economia, por\u00e9m no meu ponto de vista \u00e9 entregar o cerrado para o agroneg\u00f3cio. &nbsp;Se n\u00e3o balizarmos tudo isso que est\u00e1 acontecendo aqui em Cali&nbsp; como pol\u00edtica de reforma agr\u00e1ria, de regulariza\u00e7\u00e3o fundi\u00e1ria, onde povos e comunidade tradicionais est\u00e3o no centro dos nossos territ\u00f3rios, ser\u00e1 dif\u00edcil fazer qualquer constru\u00e7\u00e3o sobre sociobiodiversidade\u201d, finalizou. Por Jana\u00edna Souza<\/p>\n","protected":false},"author":3,"featured_media":15193,"comment_status":"open","ping_status":"open","sticky":false,"template":"","format":"standard","meta":{"footnotes":""},"categories":[5],"tags":[],"class_list":["post-15192","post","type-post","status-publish","format-standard","has-post-thumbnail","hentry","category-noticias"],"rttpg_featured_image_url":{"full":["https:\/\/repam.org.br\/cop30\/wp-content\/uploads\/2024\/11\/WhatsApp-Image-2024-10-29-at-17.29.10-799x399-1.jpeg",799,399,false],"landscape":["https:\/\/repam.org.br\/cop30\/wp-content\/uploads\/2024\/11\/WhatsApp-Image-2024-10-29-at-17.29.10-799x399-1.jpeg",799,399,false],"portraits":["https:\/\/repam.org.br\/cop30\/wp-content\/uploads\/2024\/11\/WhatsApp-Image-2024-10-29-at-17.29.10-799x399-1.jpeg",799,399,false],"thumbnail":["https:\/\/repam.org.br\/cop30\/wp-content\/uploads\/2024\/11\/WhatsApp-Image-2024-10-29-at-17.29.10-799x399-1-150x150.jpeg",150,150,true],"medium":["https:\/\/repam.org.br\/cop30\/wp-content\/uploads\/2024\/11\/WhatsApp-Image-2024-10-29-at-17.29.10-799x399-1-300x150.jpeg",300,150,true],"large":["https:\/\/repam.org.br\/cop30\/wp-content\/uploads\/2024\/11\/WhatsApp-Image-2024-10-29-at-17.29.10-799x399-1.jpeg",799,399,false],"1536x1536":["https:\/\/repam.org.br\/cop30\/wp-content\/uploads\/2024\/11\/WhatsApp-Image-2024-10-29-at-17.29.10-799x399-1.jpeg",799,399,false],"2048x2048":["https:\/\/repam.org.br\/cop30\/wp-content\/uploads\/2024\/11\/WhatsApp-Image-2024-10-29-at-17.29.10-799x399-1.jpeg",799,399,false]},"rttpg_author":{"display_name":"Comunica\u00e7\u00e3o Cop30","author_link":"https:\/\/repam.org.br\/cop30\/author\/comunicacaocop30\/"},"rttpg_comment":0,"rttpg_category":"<a href=\"https:\/\/repam.org.br\/cop30\/category\/noticias\/\" rel=\"category tag\">Not\u00edcias<\/a>","rttpg_excerpt":"Por Jana\u00edna Souza Presidentes e representantes de mais de 190 pa\u00edses, se re\u00fanem na Confer\u00eancia das Partes&nbsp; (COP16) da Conven\u00e7\u00e3o sobre Biodiversidade Biol\u00f3gica 9(CBD)&nbsp; em Cali, na Col\u00f4mbia. O encontro que \u00e9 o principal F\u00f3rum para coopera\u00e7\u00e3o internacional pela conserva\u00e7\u00e3o e o uso sustent\u00e1vel da biodiversidade segue at\u00e9 dia 1 de novembro, no espa\u00e7o Zona&hellip;","_links":{"self":[{"href":"https:\/\/repam.org.br\/cop30\/wp-json\/wp\/v2\/posts\/15192","targetHints":{"allow":["GET"]}}],"collection":[{"href":"https:\/\/repam.org.br\/cop30\/wp-json\/wp\/v2\/posts"}],"about":[{"href":"https:\/\/repam.org.br\/cop30\/wp-json\/wp\/v2\/types\/post"}],"author":[{"embeddable":true,"href":"https:\/\/repam.org.br\/cop30\/wp-json\/wp\/v2\/users\/3"}],"replies":[{"embeddable":true,"href":"https:\/\/repam.org.br\/cop30\/wp-json\/wp\/v2\/comments?post=15192"}],"version-history":[{"count":1,"href":"https:\/\/repam.org.br\/cop30\/wp-json\/wp\/v2\/posts\/15192\/revisions"}],"predecessor-version":[{"id":15194,"href":"https:\/\/repam.org.br\/cop30\/wp-json\/wp\/v2\/posts\/15192\/revisions\/15194"}],"wp:featuredmedia":[{"embeddable":true,"href":"https:\/\/repam.org.br\/cop30\/wp-json\/wp\/v2\/media\/15193"}],"wp:attachment":[{"href":"https:\/\/repam.org.br\/cop30\/wp-json\/wp\/v2\/media?parent=15192"}],"wp:term":[{"taxonomy":"category","embeddable":true,"href":"https:\/\/repam.org.br\/cop30\/wp-json\/wp\/v2\/categories?post=15192"},{"taxonomy":"post_tag","embeddable":true,"href":"https:\/\/repam.org.br\/cop30\/wp-json\/wp\/v2\/tags?post=15192"}],"curies":[{"name":"wp","href":"https:\/\/api.w.org\/{rel}","templated":true}]}}