{"id":15195,"date":"2024-10-30T12:38:19","date_gmt":"2024-10-30T15:38:19","guid":{"rendered":"https:\/\/repam.org.br\/cop30\/?p=15195"},"modified":"2024-11-01T12:40:55","modified_gmt":"2024-11-01T15:40:55","slug":"cop16-reivindicacoes-e-manifestos-marcam-as-ruas-de-cali-durante-a-conferencia-da-biodiversidade","status":"publish","type":"post","link":"https:\/\/repam.org.br\/cop30\/cop16-reivindicacoes-e-manifestos-marcam-as-ruas-de-cali-durante-a-conferencia-da-biodiversidade\/","title":{"rendered":"COP16: Reivindica\u00e7\u00f5es e manifestos marcam as ruas de Cali, durante a Confer\u00eancia da Biodiversidade"},"content":{"rendered":"\n<p><img fetchpriority=\"high\" decoding=\"async\" width=\"1600\" height=\"800\" srcset=\"https:\/\/repam.org.br\/wp-content\/uploads\/2024\/10\/WhatsApp-Image-2024-10-23-at-16.15.50-1-1600x800.jpeg 1600w\" src=\"https:\/\/repam.org.br\/wp-content\/uploads\/2024\/10\/WhatsApp-Image-2024-10-23-at-16.15.50-1-1600x800.jpeg\" alt=\"\"><\/p>\n\n\n\n<ol class=\"wp-block-list\">\n<li><\/li>\n<\/ol>\n\n\n\n<p>Por: Janaina Souza<\/p>\n\n\n\n<p>Nas ruas, cal\u00e7adas ou at\u00e9 mesmo nos espa\u00e7os Zona Verde ou Azul, onde se encontram grupos diversos para debates e reuni\u00f5es, organiza\u00e7\u00f5es n\u00e3o governamentais levantam as bandeiras sobre a biodiversidade, sociedade e lutas do guardi\u00f5es das florestas e parques.<\/p>\n\n\n\n<p>Um grupo de mulheres se reuniu em frente a C\u00e2mara do Com\u00e9rcio, centro de Cali, Col\u00f4mbia para protestar pelas mortes de guardas parques da Col\u00f4mbia. Segundo a ativista e guarda parques Gisele Paredes muitos est\u00e3o sendo assassinados, sequestrados e n\u00e3o existe fiscaliza\u00e7\u00e3o ou solu\u00e7\u00f5es para prote\u00e7\u00e3o por parte dos governantes.<\/p>\n\n\n\n<figure class=\"wp-block-image aligncenter\"><a href=\"https:\/\/repam.org.br\/cop16-reivindicacoes-e-manifestos-marcam-as-ruas-de-cali-durante-a-conferencia-da-biodiversidade\/whatsapp-image-2024-10-30-at-07-04-59\/\"><img decoding=\"async\" src=\"http:\/\/repam.org.br\/wp-content\/uploads\/2024\/10\/WhatsApp-Image-2024-10-30-at-07.04.59-461x1024.jpeg\" alt=\"\" class=\"wp-image-15786\"\/><\/a><\/figure>\n\n\n\n<p><em>\u201cN\u00f3s somos os guarda parques que estamos trazendo nossas manifesta\u00e7\u00f5es, uma delas \u00e9 que dever\u00edamos estar na zona azul de forma determinante todo tempo porque n\u00f3s estamos em territ\u00f3rio.&nbsp; Muitos dos nossos guarda parques est\u00e3o sendo assassinados, sequestrados. Isso acontece em Col\u00f4mbia e outros pa\u00edses, como a \u00c1frica e \u00c1sia tem um grande n\u00fameros de guarda parques assassinados\u201d<\/em>, pontuou ao lembrar que s\u00e3o&nbsp; protetores da vida e da casa comum.<\/p>\n\n\n\n<figure class=\"wp-block-image aligncenter\"><a href=\"https:\/\/repam.org.br\/cop16-reivindicacoes-e-manifestos-marcam-as-ruas-de-cali-durante-a-conferencia-da-biodiversidade\/whatsapp-image-2024-10-30-at-07-05-00-1\/\"><img decoding=\"async\" src=\"http:\/\/repam.org.br\/wp-content\/uploads\/2024\/10\/WhatsApp-Image-2024-10-30-at-07.05.00-1-461x1024.jpeg\" alt=\"\" class=\"wp-image-15788\"\/><\/a><\/figure>\n\n\n\n<p><em>\u201cCuidamos da vida e merecemos visibilidade e que nos protejam\u201d<\/em>, finalizou.<\/p>\n\n\n\n<p>A ativista Yudy Samira Moreno Mena, v\u00ea a cop16 como um elemento de contrate, pois uma c\u00fapula global de biodiversidade \u00e9 importante para transcend\u00eancia para vida dos seres humanos nos territ\u00f3rios.<\/p>\n\n\n\n<p><em>\u201c\u00c9 de contraste porque as discuss\u00f5es mais importantes, acontecem na zona azul, sobre pol\u00edtica e estrat\u00e9gicas de governo. S\u00e3o tomadas de decis\u00f5es que podem impulsionador as metas ambientais que foram acordadas no Marco Mundial de Biodiversidad de Kunming-Montreal, por\u00e9m muitas metas n\u00e3o foram at\u00e9 agora cumpridas e estamos fora desse espa\u00e7o\u201d.<\/em><\/p>\n\n\n\n<figure class=\"wp-block-image aligncenter\"><a href=\"https:\/\/repam.org.br\/cop16-reivindicacoes-e-manifestos-marcam-as-ruas-de-cali-durante-a-conferencia-da-biodiversidade\/whatsapp-image-2024-10-30-at-07-05-00\/\"><img decoding=\"async\" src=\"http:\/\/repam.org.br\/wp-content\/uploads\/2024\/10\/WhatsApp-Image-2024-10-30-at-07.05.00-461x1024.jpeg\" alt=\"\" class=\"wp-image-15787\"\/><\/a><\/figure>\n\n\n\n<p>Segundo Yudi \u00e9 necess\u00e1rio pensar numa confer\u00eancia realmente para o povo.&nbsp;<em>\u201cA Cop-16 tem o tema paz com a natureza, a cop da gente, mas quem somos n\u00f3s? Como estamos inseridos nesse contexto? N\u00f3s estamos nos territ\u00f3rios,, nos rios, nas veredas e precisamos ser ouvidos\u201d.<\/em><\/p>\n\n\n\n<p>Por: Janaina Souza<\/p>\n","protected":false},"excerpt":{"rendered":"<p>Por: Janaina Souza Nas ruas, cal\u00e7adas ou at\u00e9 mesmo nos espa\u00e7os Zona Verde ou Azul, onde se encontram grupos diversos para debates e reuni\u00f5es, organiza\u00e7\u00f5es n\u00e3o governamentais levantam as bandeiras sobre a biodiversidade, sociedade e lutas do guardi\u00f5es das florestas e parques. Um grupo de mulheres se reuniu em frente a C\u00e2mara do Com\u00e9rcio, centro de Cali, Col\u00f4mbia para protestar pelas mortes de guardas parques da Col\u00f4mbia. Segundo a ativista e guarda parques Gisele Paredes muitos est\u00e3o sendo assassinados, sequestrados e n\u00e3o existe fiscaliza\u00e7\u00e3o ou solu\u00e7\u00f5es para prote\u00e7\u00e3o por parte dos governantes. \u201cN\u00f3s somos os guarda parques que estamos trazendo nossas manifesta\u00e7\u00f5es, uma delas \u00e9 que dever\u00edamos estar na zona azul de forma determinante todo tempo porque n\u00f3s estamos em territ\u00f3rio.&nbsp; Muitos dos nossos guarda parques est\u00e3o sendo assassinados, sequestrados. Isso acontece em Col\u00f4mbia e outros pa\u00edses, como a \u00c1frica e \u00c1sia tem um grande n\u00fameros de guarda parques assassinados\u201d, pontuou ao lembrar que s\u00e3o&nbsp; protetores da vida e da casa comum. \u201cCuidamos da vida e merecemos visibilidade e que nos protejam\u201d, finalizou. A ativista Yudy Samira Moreno Mena, v\u00ea a cop16 como um elemento de contrate, pois uma c\u00fapula global de biodiversidade \u00e9 importante para transcend\u00eancia para vida dos seres humanos nos territ\u00f3rios. \u201c\u00c9 de contraste porque as discuss\u00f5es mais importantes, acontecem na zona azul, sobre pol\u00edtica e estrat\u00e9gicas de governo. S\u00e3o tomadas de decis\u00f5es que podem impulsionador as metas ambientais que foram acordadas no Marco Mundial de Biodiversidad de Kunming-Montreal, por\u00e9m muitas metas n\u00e3o foram at\u00e9 agora cumpridas e estamos fora desse espa\u00e7o\u201d. Segundo Yudi \u00e9 necess\u00e1rio pensar numa confer\u00eancia realmente para o povo.&nbsp;\u201cA Cop-16 tem o tema paz com a natureza, a cop da gente, mas quem somos n\u00f3s? Como estamos inseridos nesse contexto? N\u00f3s estamos nos territ\u00f3rios,, nos rios, nas veredas e precisamos ser ouvidos\u201d. Por: Janaina Souza<\/p>\n","protected":false},"author":3,"featured_media":15196,"comment_status":"open","ping_status":"open","sticky":false,"template":"","format":"standard","meta":{"footnotes":""},"categories":[5],"tags":[],"class_list":["post-15195","post","type-post","status-publish","format-standard","has-post-thumbnail","hentry","category-noticias"],"rttpg_featured_image_url":{"full":["https:\/\/repam.org.br\/cop30\/wp-content\/uploads\/2024\/11\/WhatsApp-Image-2024-10-23-at-16.15.50-1-1600x800-1.jpeg",1600,800,false],"landscape":["https:\/\/repam.org.br\/cop30\/wp-content\/uploads\/2024\/11\/WhatsApp-Image-2024-10-23-at-16.15.50-1-1600x800-1.jpeg",1600,800,false],"portraits":["https:\/\/repam.org.br\/cop30\/wp-content\/uploads\/2024\/11\/WhatsApp-Image-2024-10-23-at-16.15.50-1-1600x800-1.jpeg",1600,800,false],"thumbnail":["https:\/\/repam.org.br\/cop30\/wp-content\/uploads\/2024\/11\/WhatsApp-Image-2024-10-23-at-16.15.50-1-1600x800-1-150x150.jpeg",150,150,true],"medium":["https:\/\/repam.org.br\/cop30\/wp-content\/uploads\/2024\/11\/WhatsApp-Image-2024-10-23-at-16.15.50-1-1600x800-1-300x150.jpeg",300,150,true],"large":["https:\/\/repam.org.br\/cop30\/wp-content\/uploads\/2024\/11\/WhatsApp-Image-2024-10-23-at-16.15.50-1-1600x800-1-1024x512.jpeg",800,400,true],"1536x1536":["https:\/\/repam.org.br\/cop30\/wp-content\/uploads\/2024\/11\/WhatsApp-Image-2024-10-23-at-16.15.50-1-1600x800-1-1536x768.jpeg",1536,768,true],"2048x2048":["https:\/\/repam.org.br\/cop30\/wp-content\/uploads\/2024\/11\/WhatsApp-Image-2024-10-23-at-16.15.50-1-1600x800-1.jpeg",1600,800,false]},"rttpg_author":{"display_name":"Comunica\u00e7\u00e3o Cop30","author_link":"https:\/\/repam.org.br\/cop30\/author\/comunicacaocop30\/"},"rttpg_comment":0,"rttpg_category":"<a href=\"https:\/\/repam.org.br\/cop30\/category\/noticias\/\" rel=\"category tag\">Not\u00edcias<\/a>","rttpg_excerpt":"Por: Janaina Souza Nas ruas, cal\u00e7adas ou at\u00e9 mesmo nos espa\u00e7os Zona Verde ou Azul, onde se encontram grupos diversos para debates e reuni\u00f5es, organiza\u00e7\u00f5es n\u00e3o governamentais levantam as bandeiras sobre a biodiversidade, sociedade e lutas do guardi\u00f5es das florestas e parques. Um grupo de mulheres se reuniu em frente a C\u00e2mara do Com\u00e9rcio, centro&hellip;","_links":{"self":[{"href":"https:\/\/repam.org.br\/cop30\/wp-json\/wp\/v2\/posts\/15195","targetHints":{"allow":["GET"]}}],"collection":[{"href":"https:\/\/repam.org.br\/cop30\/wp-json\/wp\/v2\/posts"}],"about":[{"href":"https:\/\/repam.org.br\/cop30\/wp-json\/wp\/v2\/types\/post"}],"author":[{"embeddable":true,"href":"https:\/\/repam.org.br\/cop30\/wp-json\/wp\/v2\/users\/3"}],"replies":[{"embeddable":true,"href":"https:\/\/repam.org.br\/cop30\/wp-json\/wp\/v2\/comments?post=15195"}],"version-history":[{"count":2,"href":"https:\/\/repam.org.br\/cop30\/wp-json\/wp\/v2\/posts\/15195\/revisions"}],"predecessor-version":[{"id":15198,"href":"https:\/\/repam.org.br\/cop30\/wp-json\/wp\/v2\/posts\/15195\/revisions\/15198"}],"wp:featuredmedia":[{"embeddable":true,"href":"https:\/\/repam.org.br\/cop30\/wp-json\/wp\/v2\/media\/15196"}],"wp:attachment":[{"href":"https:\/\/repam.org.br\/cop30\/wp-json\/wp\/v2\/media?parent=15195"}],"wp:term":[{"taxonomy":"category","embeddable":true,"href":"https:\/\/repam.org.br\/cop30\/wp-json\/wp\/v2\/categories?post=15195"},{"taxonomy":"post_tag","embeddable":true,"href":"https:\/\/repam.org.br\/cop30\/wp-json\/wp\/v2\/tags?post=15195"}],"curies":[{"name":"wp","href":"https:\/\/api.w.org\/{rel}","templated":true}]}}