{"id":15199,"date":"2024-10-31T12:41:02","date_gmt":"2024-10-31T15:41:02","guid":{"rendered":"https:\/\/repam.org.br\/cop30\/?p=15199"},"modified":"2024-12-15T18:19:15","modified_gmt":"2024-12-15T21:19:15","slug":"protecao-dos-defensores-do-meio-ambiente-e-tema-na-cop16-na-colombia","status":"publish","type":"post","link":"https:\/\/repam.org.br\/cop30\/protecao-dos-defensores-do-meio-ambiente-e-tema-na-cop16-na-colombia\/","title":{"rendered":"Prote\u00e7\u00e3o dos defensores do meio ambiente \u00e9 tema na COP16 na Col\u00f4mbia"},"content":{"rendered":"\n<h1 class=\"wp-block-heading\"><\/h1>\n\n\n\n<p>A&nbsp; Rede&nbsp; Eclesial&nbsp; Ecol\u00f3gica Mesoamericana&nbsp; (REMAM), realizou uma roda de conversa no sal\u00e3o de eventos, no&nbsp; Banco do Ocidente, onde est\u00e3o ocorrendo v\u00e1rios encontros, f\u00f3runs, debates, mesas redondas,&nbsp; semin\u00e1rios e exposi\u00e7\u00f5es, durante a Confer\u00eancia da biodiversidade (COP16).<\/p>\n\n\n\n<p>O tema escolhido foi a&nbsp;<em>Criminaliza\u00e7\u00e3o dos defensores do Meio Ambiente na regi\u00e3o mesoamericana&nbsp;<\/em>que de acordo com o padre Noel Ortiz, de Honduras representante da REMAM e respons\u00e1vel pelo debate \u00e9 de suma import\u00e2ncia diante de persegui\u00e7\u00f5es e at\u00e9 mortes de quem defende o meio ambiente na regi\u00e3o.<\/p>\n\n\n\n<p><em>&nbsp;\u201cPrecisamos al\u00e7ar voz por aqueles que foram calados, al\u00e9m de&nbsp; mostrar os rostos, nomes de homens e mulheres que cuidam da casa comum que protegem, os rios, os territ\u00f3rios e que est\u00e3o resistindo a projetos extrativistas, a estruturas criminais e&nbsp; todo marco de criminaliza\u00e7\u00e3o que sofrem, por meio do sistema de governo que n\u00e3o protege e que n\u00e3o aplica as medidas cautelares da parte interamericana de direitos humanos, como deveria ser\u201d.<\/em><\/p>\n\n\n\n<p>Participam da RECLAM 18 organiza\u00e7\u00f5es da Comiss\u00e3o&nbsp; Ecologia Integral para a Am\u00e9rica Latina e Caribe&nbsp; e redes territoriais, entre elas a REPAM\/Brasil.<\/p>\n\n\n\n<p>Jo\u00e3o Gutemberg Sampaio,&nbsp; secret\u00e1rio executivo da REPAM\/Brasil presente no evento falou da importancia do debate.<\/p>\n\n\n\n<p>\u201cDevemos nos comprometer na defesa dos que defendem a vida porque uma Cop de biodiversidade da vida e da vida humana amea\u00e7ada, n\u00e3o seria diferente. T\u00ednhamos que estar aqui na defesa das pessoas que defendem todos os dias a nossa casa comum. Devemos cuidar da vida na sua integralidade\u201d, pontuou.<\/p>\n\n\n\n<p>Por Jana\u00edna Souza<\/p>\n","protected":false},"excerpt":{"rendered":"<p>A&nbsp; Rede&nbsp; Eclesial&nbsp; Ecol\u00f3gica Mesoamericana&nbsp; (REMAM), realizou uma roda de conversa no sal\u00e3o de eventos, no&nbsp; Banco do Ocidente, onde est\u00e3o ocorrendo v\u00e1rios encontros, f\u00f3runs, debates, mesas redondas,&nbsp; semin\u00e1rios e exposi\u00e7\u00f5es, durante a Confer\u00eancia da biodiversidade (COP16). O tema escolhido foi a&nbsp;Criminaliza\u00e7\u00e3o dos defensores do Meio Ambiente na regi\u00e3o mesoamericana&nbsp;que de acordo com o padre Noel Ortiz, de Honduras representante da REMAM e respons\u00e1vel pelo debate \u00e9 de suma import\u00e2ncia diante de persegui\u00e7\u00f5es e at\u00e9 mortes de quem defende o meio ambiente na regi\u00e3o. &nbsp;\u201cPrecisamos al\u00e7ar voz por aqueles que foram calados, al\u00e9m de&nbsp; mostrar os rostos, nomes de homens e mulheres que cuidam da casa comum que protegem, os rios, os territ\u00f3rios e que est\u00e3o resistindo a projetos extrativistas, a estruturas criminais e&nbsp; todo marco de criminaliza\u00e7\u00e3o que sofrem, por meio do sistema de governo que n\u00e3o protege e que n\u00e3o aplica as medidas cautelares da parte interamericana de direitos humanos, como deveria ser\u201d. Participam da RECLAM 18 organiza\u00e7\u00f5es da Comiss\u00e3o&nbsp; Ecologia Integral para a Am\u00e9rica Latina e Caribe&nbsp; e redes territoriais, entre elas a REPAM\/Brasil. Jo\u00e3o Gutemberg Sampaio,&nbsp; secret\u00e1rio executivo da REPAM\/Brasil presente no evento falou da importancia do debate. \u201cDevemos nos comprometer na defesa dos que defendem a vida porque uma Cop de biodiversidade da vida e da vida humana amea\u00e7ada, n\u00e3o seria diferente. T\u00ednhamos que estar aqui na defesa das pessoas que defendem todos os dias a nossa casa comum. Devemos cuidar da vida na sua integralidade\u201d, pontuou. Por Jana\u00edna Souza<\/p>\n","protected":false},"author":3,"featured_media":15200,"comment_status":"open","ping_status":"open","sticky":false,"template":"","format":"standard","meta":{"footnotes":""},"categories":[5],"tags":[],"class_list":["post-15199","post","type-post","status-publish","format-standard","has-post-thumbnail","hentry","category-noticias"],"rttpg_featured_image_url":{"full":["https:\/\/repam.org.br\/cop30\/wp-content\/uploads\/2024\/11\/WhatsApp-Image-2024-10-31-at-13.39.51-1-scaled-2560x1280-1.jpeg",2560,1280,false],"landscape":["https:\/\/repam.org.br\/cop30\/wp-content\/uploads\/2024\/11\/WhatsApp-Image-2024-10-31-at-13.39.51-1-scaled-2560x1280-1.jpeg",2560,1280,false],"portraits":["https:\/\/repam.org.br\/cop30\/wp-content\/uploads\/2024\/11\/WhatsApp-Image-2024-10-31-at-13.39.51-1-scaled-2560x1280-1.jpeg",2560,1280,false],"thumbnail":["https:\/\/repam.org.br\/cop30\/wp-content\/uploads\/2024\/11\/WhatsApp-Image-2024-10-31-at-13.39.51-1-scaled-2560x1280-1-150x150.jpeg",150,150,true],"medium":["https:\/\/repam.org.br\/cop30\/wp-content\/uploads\/2024\/11\/WhatsApp-Image-2024-10-31-at-13.39.51-1-scaled-2560x1280-1-300x150.jpeg",300,150,true],"large":["https:\/\/repam.org.br\/cop30\/wp-content\/uploads\/2024\/11\/WhatsApp-Image-2024-10-31-at-13.39.51-1-scaled-2560x1280-1-1024x512.jpeg",800,400,true],"1536x1536":["https:\/\/repam.org.br\/cop30\/wp-content\/uploads\/2024\/11\/WhatsApp-Image-2024-10-31-at-13.39.51-1-scaled-2560x1280-1-1536x768.jpeg",1536,768,true],"2048x2048":["https:\/\/repam.org.br\/cop30\/wp-content\/uploads\/2024\/11\/WhatsApp-Image-2024-10-31-at-13.39.51-1-scaled-2560x1280-1-2048x1024.jpeg",2048,1024,true]},"rttpg_author":{"display_name":"Comunica\u00e7\u00e3o Cop30","author_link":"https:\/\/repam.org.br\/cop30\/author\/comunicacaocop30\/"},"rttpg_comment":0,"rttpg_category":"<a href=\"https:\/\/repam.org.br\/cop30\/category\/noticias\/\" rel=\"category tag\">Not\u00edcias<\/a>","rttpg_excerpt":"A&nbsp; Rede&nbsp; Eclesial&nbsp; Ecol\u00f3gica Mesoamericana&nbsp; (REMAM), realizou uma roda de conversa no sal\u00e3o de eventos, no&nbsp; Banco do Ocidente, onde est\u00e3o ocorrendo v\u00e1rios encontros, f\u00f3runs, debates, mesas redondas,&nbsp; semin\u00e1rios e exposi\u00e7\u00f5es, durante a Confer\u00eancia da biodiversidade (COP16). O tema escolhido foi a&nbsp;Criminaliza\u00e7\u00e3o dos defensores do Meio Ambiente na regi\u00e3o mesoamericana&nbsp;que de acordo com o padre&hellip;","_links":{"self":[{"href":"https:\/\/repam.org.br\/cop30\/wp-json\/wp\/v2\/posts\/15199","targetHints":{"allow":["GET"]}}],"collection":[{"href":"https:\/\/repam.org.br\/cop30\/wp-json\/wp\/v2\/posts"}],"about":[{"href":"https:\/\/repam.org.br\/cop30\/wp-json\/wp\/v2\/types\/post"}],"author":[{"embeddable":true,"href":"https:\/\/repam.org.br\/cop30\/wp-json\/wp\/v2\/users\/3"}],"replies":[{"embeddable":true,"href":"https:\/\/repam.org.br\/cop30\/wp-json\/wp\/v2\/comments?post=15199"}],"version-history":[{"count":2,"href":"https:\/\/repam.org.br\/cop30\/wp-json\/wp\/v2\/posts\/15199\/revisions"}],"predecessor-version":[{"id":15447,"href":"https:\/\/repam.org.br\/cop30\/wp-json\/wp\/v2\/posts\/15199\/revisions\/15447"}],"wp:featuredmedia":[{"embeddable":true,"href":"https:\/\/repam.org.br\/cop30\/wp-json\/wp\/v2\/media\/15200"}],"wp:attachment":[{"href":"https:\/\/repam.org.br\/cop30\/wp-json\/wp\/v2\/media?parent=15199"}],"wp:term":[{"taxonomy":"category","embeddable":true,"href":"https:\/\/repam.org.br\/cop30\/wp-json\/wp\/v2\/categories?post=15199"},{"taxonomy":"post_tag","embeddable":true,"href":"https:\/\/repam.org.br\/cop30\/wp-json\/wp\/v2\/tags?post=15199"}],"curies":[{"name":"wp","href":"https:\/\/api.w.org\/{rel}","templated":true}]}}