{"id":15202,"date":"2024-11-01T11:45:57","date_gmt":"2024-11-01T14:45:57","guid":{"rendered":"https:\/\/repam.org.br\/cop30\/?p=15202"},"modified":"2024-11-06T11:48:12","modified_gmt":"2024-11-06T14:48:12","slug":"cop16-frente-de-negociacao-financeira-continua-sob-impasse","status":"publish","type":"post","link":"https:\/\/repam.org.br\/cop30\/cop16-frente-de-negociacao-financeira-continua-sob-impasse\/","title":{"rendered":"COP16: Frente de negocia\u00e7\u00e3o financeira continua sob impasse"},"content":{"rendered":"\n<p><img fetchpriority=\"high\" decoding=\"async\" width=\"1440\" height=\"720\" srcset=\"https:\/\/repam.org.br\/wp-content\/uploads\/2024\/11\/WhatsApp-Image-2024-11-01-at-07.40.31-1440x720.jpeg 1440w\" src=\"https:\/\/repam.org.br\/wp-content\/uploads\/2024\/11\/WhatsApp-Image-2024-11-01-at-07.40.31-1440x720.jpeg\" alt=\"\"><\/p>\n\n\n\n<p>O assunto foi discutido com v\u00e1rias autoridades, dentre elas o ministro do meio ambiente do Peru, Carlos Vargas, vice ministro do&nbsp; meio ambiente da Col\u00f4mbia, Maur\u00edcio Cabrera Leal e o Conselheiro da iniciativa internacional norueguesa para o clima e florestas do Minist\u00e9rio noruegu\u00eas do Clima e Meio Ambiente, Leif Jonh Fosse.<\/p>\n\n\n\n<p>Os temas priorit\u00e1rios&nbsp; discutidos foram a inclus\u00e3o de Inclus\u00e3o dos &nbsp;Planos de a\u00e7\u00e3o Nacionais para a Biodiversidade (NBSAP) e as Contribui\u00e7\u00f5es Nacionalmente Determinadas (NDC) que s\u00e3o documentos pol\u00edticos importantes que podem ser alinhados para enfrentar as crises clim\u00e1ticas e de biodiversidade:<\/p>\n\n\n\n<p>Al\u00e9m de discuss\u00f5es sobre como mobilizar um novo compromisso global para apoiar o reconhecimento de terras antes da COP30.<\/p>\n\n\n\n<p>O vice ministro do meio ambiente da Colombia, Maur\u00edcio Cabrera Leal deu in\u00edcio ao di\u00e1logo destacando que o Pa\u00eds j\u00e1 deu um passo importante para os povos ind\u00edgenas quando o governo criou por meio de decreto o cargo de autoridades ind\u00edgenas com compet\u00eancias ambientais.<\/p>\n\n\n\n<p><em>\u201cCom esta nova regulamenta\u00e7\u00e3o as autoridades ind\u00edgenas construir\u00e3o, em conjunto com outras entidades, mecanismos diretos para garantir a prote\u00e7\u00e3o dos ecossistemas da Col\u00f4mbia e dos seus territ\u00f3rios\u201d,&nbsp;<\/em>pontuou destacando a import\u00e2ncia da uni\u00e3o da Col\u00f4mbia e do Brasil rumo a COP30.<\/p>\n\n\n\n<p><em>\u201cFaltam 11 meses para Cop-30 e precisamos trabalhar juntos para que se concretize esses financiamentos para os ind\u00edgenas e comunidades locais dos pa\u00edses. O governo pretende reconhecer progressivamente at\u00e9 a Cop-30 os territ\u00f3rios da Amaz\u00f4nia colombiana como \u00e1rea de preserva\u00e7\u00e3o ind\u00edgena\u201d.<\/em><\/p>\n\n\n\n<p>A ministra dos povos ind\u00edgenas do Brasil, S\u00f4nia Guajajara falou sobre o que espera dos Pa\u00edses super ricos para financiamentos para prote\u00e7\u00e3o da biodiversidade e disse que a Cop-30 n\u00e3o pode ser somente um evento.<\/p>\n\n\n\n<figure class=\"wp-block-image aligncenter\"><a href=\"https:\/\/repam.org.br\/cop16-frente-de-negociacao-financeira-continua-sob-impasse\/whatsapp-image-2024-11-01-at-07-40-31-1\/\"><img decoding=\"async\" src=\"http:\/\/repam.org.br\/wp-content\/uploads\/2024\/11\/WhatsApp-Image-2024-11-01-at-07.40.31-1-1024x461.jpeg\" alt=\"\" class=\"wp-image-15815\"\/><\/a><\/figure>\n\n\n\n<p><em>\u201c A cada confer\u00eancia, a cada ano se constata a import\u00e2ncia dos povos e territ\u00f3rios&nbsp; ind\u00edgenas para a prote\u00e7\u00e3o da biodiversidade e por isso estamos trabalhando para que a COP-30&nbsp; seja maior e melhor em participa\u00e7\u00e3o ind\u00edgena. Precisamos deixar legados e tarefas a serem cumpridas pelos governos, em especial pelos pa\u00edses j\u00e1 desenvolvidos, pa\u00edses ricos para apoiar os pa\u00edses megadiversos\u201d<\/em>, destacou ao lembrar que o financiamento ainda \u00e9 muito pouco e precisa ser revisto.<\/p>\n\n\n\n<p><em>\u201cN\u00f3s estamos num processo de di\u00e1logo para definir como ser\u00e1 essa contribui\u00e7\u00e3o dos pa\u00edses. Defendemos esse apoio or\u00e7ament\u00e1rio para o processo demarcat\u00f3rio, mas tamb\u00e9m defendemos a condi\u00e7\u00e3o do financiamento direto para povos e organiza\u00e7\u00f5es ind\u00edgenas. Creio que v\u00e3o chegar numa posi\u00e7\u00e3o de que \u00e9 necess\u00e1rio aumentar os cr\u00e9ditos de financiamento para esses pa\u00edses que t\u00eam florestas tropicais, onde se concentram toda diversidade. Isso \u00e9 importante&nbsp; para que os povos origin\u00e1rios continuem defendendo esse territ\u00f3rio e a biodiversidade\u201d.<\/em><\/p>\n\n\n\n<p>As tr\u00eas frentes de negocia\u00e7\u00e3o financeira na COP16 continuam sob impasse. As doa\u00e7\u00f5es dos pa\u00edses desenvolvidos ao novo Fundo Global de Biodiversidade, estimadas em US$ 407 milh\u00f5es, est\u00e3o aqu\u00e9m dos US$ 20 bilh\u00f5es sinalizados at\u00e9 2025. Al\u00e9m disso, a gest\u00e3o desse fundo ainda \u00e9 tema pol\u00eamico, com os pa\u00edses em desenvolvimento reivindicando mais participa\u00e7\u00e3o no processo de decis\u00e3o.<\/p>\n\n\n\n<p>Por Jana\u00edna Souza<\/p>\n","protected":false},"excerpt":{"rendered":"<p>O assunto foi discutido com v\u00e1rias autoridades, dentre elas o ministro do meio ambiente do Peru, Carlos Vargas, vice ministro do&nbsp; meio ambiente da Col\u00f4mbia, Maur\u00edcio Cabrera Leal e o Conselheiro da iniciativa internacional norueguesa para o clima e florestas do Minist\u00e9rio noruegu\u00eas do Clima e Meio Ambiente, Leif Jonh Fosse. Os temas priorit\u00e1rios&nbsp; discutidos foram a inclus\u00e3o de Inclus\u00e3o dos &nbsp;Planos de a\u00e7\u00e3o Nacionais para a Biodiversidade (NBSAP) e as Contribui\u00e7\u00f5es Nacionalmente Determinadas (NDC) que s\u00e3o documentos pol\u00edticos importantes que podem ser alinhados para enfrentar as crises clim\u00e1ticas e de biodiversidade: Al\u00e9m de discuss\u00f5es sobre como mobilizar um novo compromisso global para apoiar o reconhecimento de terras antes da COP30. O vice ministro do meio ambiente da Colombia, Maur\u00edcio Cabrera Leal deu in\u00edcio ao di\u00e1logo destacando que o Pa\u00eds j\u00e1 deu um passo importante para os povos ind\u00edgenas quando o governo criou por meio de decreto o cargo de autoridades ind\u00edgenas com compet\u00eancias ambientais. \u201cCom esta nova regulamenta\u00e7\u00e3o as autoridades ind\u00edgenas construir\u00e3o, em conjunto com outras entidades, mecanismos diretos para garantir a prote\u00e7\u00e3o dos ecossistemas da Col\u00f4mbia e dos seus territ\u00f3rios\u201d,&nbsp;pontuou destacando a import\u00e2ncia da uni\u00e3o da Col\u00f4mbia e do Brasil rumo a COP30. \u201cFaltam 11 meses para Cop-30 e precisamos trabalhar juntos para que se concretize esses financiamentos para os ind\u00edgenas e comunidades locais dos pa\u00edses. O governo pretende reconhecer progressivamente at\u00e9 a Cop-30 os territ\u00f3rios da Amaz\u00f4nia colombiana como \u00e1rea de preserva\u00e7\u00e3o ind\u00edgena\u201d. A ministra dos povos ind\u00edgenas do Brasil, S\u00f4nia Guajajara falou sobre o que espera dos Pa\u00edses super ricos para financiamentos para prote\u00e7\u00e3o da biodiversidade e disse que a Cop-30 n\u00e3o pode ser somente um evento. \u201c A cada confer\u00eancia, a cada ano se constata a import\u00e2ncia dos povos e territ\u00f3rios&nbsp; ind\u00edgenas para a prote\u00e7\u00e3o da biodiversidade e por isso estamos trabalhando para que a COP-30&nbsp; seja maior e melhor em participa\u00e7\u00e3o ind\u00edgena. Precisamos deixar legados e tarefas a serem cumpridas pelos governos, em especial pelos pa\u00edses j\u00e1 desenvolvidos, pa\u00edses ricos para apoiar os pa\u00edses megadiversos\u201d, destacou ao lembrar que o financiamento ainda \u00e9 muito pouco e precisa ser revisto. \u201cN\u00f3s estamos num processo de di\u00e1logo para definir como ser\u00e1 essa contribui\u00e7\u00e3o dos pa\u00edses. Defendemos esse apoio or\u00e7ament\u00e1rio para o processo demarcat\u00f3rio, mas tamb\u00e9m defendemos a condi\u00e7\u00e3o do financiamento direto para povos e organiza\u00e7\u00f5es ind\u00edgenas. Creio que v\u00e3o chegar numa posi\u00e7\u00e3o de que \u00e9 necess\u00e1rio aumentar os cr\u00e9ditos de financiamento para esses pa\u00edses que t\u00eam florestas tropicais, onde se concentram toda diversidade. Isso \u00e9 importante&nbsp; para que os povos origin\u00e1rios continuem defendendo esse territ\u00f3rio e a biodiversidade\u201d. As tr\u00eas frentes de negocia\u00e7\u00e3o financeira na COP16 continuam sob impasse. As doa\u00e7\u00f5es dos pa\u00edses desenvolvidos ao novo Fundo Global de Biodiversidade, estimadas em US$ 407 milh\u00f5es, est\u00e3o aqu\u00e9m dos US$ 20 bilh\u00f5es sinalizados at\u00e9 2025. Al\u00e9m disso, a gest\u00e3o desse fundo ainda \u00e9 tema pol\u00eamico, com os pa\u00edses em desenvolvimento reivindicando mais participa\u00e7\u00e3o no processo de decis\u00e3o. Por Jana\u00edna Souza<\/p>\n","protected":false},"author":3,"featured_media":15203,"comment_status":"open","ping_status":"open","sticky":false,"template":"","format":"standard","meta":{"footnotes":""},"categories":[5],"tags":[],"class_list":["post-15202","post","type-post","status-publish","format-standard","has-post-thumbnail","hentry","category-noticias"],"rttpg_featured_image_url":{"full":["https:\/\/repam.org.br\/cop30\/wp-content\/uploads\/2024\/11\/WhatsApp-Image-2024-11-01-at-07.40.31-1440x720-1.jpeg",1440,720,false],"landscape":["https:\/\/repam.org.br\/cop30\/wp-content\/uploads\/2024\/11\/WhatsApp-Image-2024-11-01-at-07.40.31-1440x720-1.jpeg",1440,720,false],"portraits":["https:\/\/repam.org.br\/cop30\/wp-content\/uploads\/2024\/11\/WhatsApp-Image-2024-11-01-at-07.40.31-1440x720-1.jpeg",1440,720,false],"thumbnail":["https:\/\/repam.org.br\/cop30\/wp-content\/uploads\/2024\/11\/WhatsApp-Image-2024-11-01-at-07.40.31-1440x720-1-150x150.jpeg",150,150,true],"medium":["https:\/\/repam.org.br\/cop30\/wp-content\/uploads\/2024\/11\/WhatsApp-Image-2024-11-01-at-07.40.31-1440x720-1-300x150.jpeg",300,150,true],"large":["https:\/\/repam.org.br\/cop30\/wp-content\/uploads\/2024\/11\/WhatsApp-Image-2024-11-01-at-07.40.31-1440x720-1-1024x512.jpeg",800,400,true],"1536x1536":["https:\/\/repam.org.br\/cop30\/wp-content\/uploads\/2024\/11\/WhatsApp-Image-2024-11-01-at-07.40.31-1440x720-1.jpeg",1440,720,false],"2048x2048":["https:\/\/repam.org.br\/cop30\/wp-content\/uploads\/2024\/11\/WhatsApp-Image-2024-11-01-at-07.40.31-1440x720-1.jpeg",1440,720,false]},"rttpg_author":{"display_name":"Comunica\u00e7\u00e3o Cop30","author_link":"https:\/\/repam.org.br\/cop30\/author\/comunicacaocop30\/"},"rttpg_comment":0,"rttpg_category":"<a href=\"https:\/\/repam.org.br\/cop30\/category\/noticias\/\" rel=\"category tag\">Not\u00edcias<\/a>","rttpg_excerpt":"O assunto foi discutido com v\u00e1rias autoridades, dentre elas o ministro do meio ambiente do Peru, Carlos Vargas, vice ministro do&nbsp; meio ambiente da Col\u00f4mbia, Maur\u00edcio Cabrera Leal e o Conselheiro da iniciativa internacional norueguesa para o clima e florestas do Minist\u00e9rio noruegu\u00eas do Clima e Meio Ambiente, Leif Jonh Fosse. Os temas priorit\u00e1rios&nbsp; discutidos&hellip;","_links":{"self":[{"href":"https:\/\/repam.org.br\/cop30\/wp-json\/wp\/v2\/posts\/15202","targetHints":{"allow":["GET"]}}],"collection":[{"href":"https:\/\/repam.org.br\/cop30\/wp-json\/wp\/v2\/posts"}],"about":[{"href":"https:\/\/repam.org.br\/cop30\/wp-json\/wp\/v2\/types\/post"}],"author":[{"embeddable":true,"href":"https:\/\/repam.org.br\/cop30\/wp-json\/wp\/v2\/users\/3"}],"replies":[{"embeddable":true,"href":"https:\/\/repam.org.br\/cop30\/wp-json\/wp\/v2\/comments?post=15202"}],"version-history":[{"count":1,"href":"https:\/\/repam.org.br\/cop30\/wp-json\/wp\/v2\/posts\/15202\/revisions"}],"predecessor-version":[{"id":15204,"href":"https:\/\/repam.org.br\/cop30\/wp-json\/wp\/v2\/posts\/15202\/revisions\/15204"}],"wp:featuredmedia":[{"embeddable":true,"href":"https:\/\/repam.org.br\/cop30\/wp-json\/wp\/v2\/media\/15203"}],"wp:attachment":[{"href":"https:\/\/repam.org.br\/cop30\/wp-json\/wp\/v2\/media?parent=15202"}],"wp:term":[{"taxonomy":"category","embeddable":true,"href":"https:\/\/repam.org.br\/cop30\/wp-json\/wp\/v2\/categories?post=15202"},{"taxonomy":"post_tag","embeddable":true,"href":"https:\/\/repam.org.br\/cop30\/wp-json\/wp\/v2\/tags?post=15202"}],"curies":[{"name":"wp","href":"https:\/\/api.w.org\/{rel}","templated":true}]}}