{"id":15206,"date":"2024-11-06T13:31:23","date_gmt":"2024-11-06T16:31:23","guid":{"rendered":"https:\/\/repam.org.br\/cop30\/?p=15206"},"modified":"2024-11-06T13:47:29","modified_gmt":"2024-11-06T16:47:29","slug":"reunioes-estrategicas-em-belem-fortalecem-a-mobilizacao-rumo-a-cop-30","status":"publish","type":"post","link":"https:\/\/repam.org.br\/cop30\/reunioes-estrategicas-em-belem-fortalecem-a-mobilizacao-rumo-a-cop-30\/","title":{"rendered":"Reuni\u00f5es estrat\u00e9gicas em Bel\u00e9m fortalecem a Mobiliza\u00e7\u00e3o rumo \u00e0 COP 30"},"content":{"rendered":"\n<p><em>Encontros com representantes de movimentos e organiza\u00e7\u00f5es da sociedade civil discutem a\u00e7\u00f5es de mobiliza\u00e7\u00e3o e incid\u00eancia para a Confer\u00eancia do Clima em 2025<\/em><\/p>\n\n\n\n<figure class=\"wp-block-image size-large\"><img decoding=\"async\" src=\"https:\/\/repam.org.br\/cop30\/wp-content\/uploads\/2024\/11\/WhatsApp-Image-2024-11-05-at-19.07.58-1024x1024.jpeg\" alt=\"\" class=\"wp-image-15207\"\/><figcaption class=\"wp-element-caption\">Reuni\u00e3o com Eunice Guedes, da Articula\u00e7\u00e3o de Mulheres Brasileiras (AMB)<\/figcaption><\/figure>\n\n\n\n<hr class=\"wp-block-separator has-alpha-channel-opacity\"\/>\n\n\n\n<p>No \u00faltimo dia 5 de novembro, o escrit\u00f3rio da Mobiliza\u00e7\u00e3o dos Povos pela Terra e pelo Clima, em Bel\u00e9m, sediou uma s\u00e9rie de reuni\u00f5es estrat\u00e9gicas que fortaleceram o caminho para a COP 30, que ser\u00e1 realizada em 2025 na capital paraense. A articuladora da Rede Eclesial Pan-Amaz\u00f4nica (REPAM), Joana Menezes e o secret\u00e1rio Eduardo Soares, reuniram-se com representantes de movimentos e organiza\u00e7\u00f5es da sociedade civil, discutindo temas essenciais e a\u00e7\u00f5es coordenadas para garantir uma participa\u00e7\u00e3o ativa e efetiva na pr\u00f3xima Confer\u00eancia do Clima.<\/p>\n\n\n\n<p>Entre os presentes, estava Izabeli Miranda, do Movimento pela Soberania Popular na Minera\u00e7\u00e3o (MAM), que apresentou as iniciativas do movimento em torno da pauta da minera\u00e7\u00e3o e como essa agenda se conecta ao processo de constru\u00e7\u00e3o da C\u00fapula dos Povos e outras frentes de a\u00e7\u00e3o na Amaz\u00f4nia. Miranda destacou a import\u00e2ncia de trazer a quest\u00e3o da minera\u00e7\u00e3o para o centro das discuss\u00f5es clim\u00e1ticas, com foco nos impactos sociais e ambientais para as comunidades locais.<\/p>\n\n\n\n<p>Em outro momento, Danicley Aguiar, representante do Greenpeace, destacou perspectivas de a\u00e7\u00f5es conjuntas com povos origin\u00e1rios, ribeirinhos e extrativistas.<\/p>\n\n\n\n<p>Outro destaque das reuni\u00f5es foi a participa\u00e7\u00e3o de Eunice Guedes, da Articula\u00e7\u00e3o de Mulheres Brasileiras (AMB), que compartilhou o processo de mobiliza\u00e7\u00e3o das mulheres em diversos \u00e2mbitos. Guedes tamb\u00e9m trouxe \u00e0 pauta a possibilidade de realizar semin\u00e1rios preparat\u00f3rios para a COP 30.<\/p>\n\n\n\n<p><strong>A Mobiliza\u00e7\u00e3o dos Povos pela Terra e Pelo Clima Rumo \u00e0 COP 30<\/strong><\/p>\n\n\n\n<p>As reuni\u00f5es em Bel\u00e9m refletem o compromisso dos movimentos e organiza\u00e7\u00f5es da sociedade civil em promover uma COP 30 marcada pela inclus\u00e3o e diversidade de vozes. A Mobiliza\u00e7\u00e3o dos Povos pela Terra e Pelo Clima, busca\u00a0articular povos e movimentos sociais territoriais antes,\u00a0durante e depois da COP 30, fortalecendo as lutas de povos e comunidades tradicionais em seus territ\u00f3rios e sua capacidade de incid\u00eancia pol\u00edtica.<br><br>Essa articula\u00e7\u00e3o refor\u00e7a a vis\u00e3o de que a COP 30 em Bel\u00e9m deve ser um espa\u00e7o de di\u00e1logo e transforma\u00e7\u00e3o, promovendo solu\u00e7\u00f5es para as quest\u00f5es clim\u00e1ticas e sociais que afetam a Amaz\u00f4nia e o planeta como um todo.<\/p>\n\n\n\n<div class=\"wp-block-group is-layout-constrained wp-block-group-is-layout-constrained\">\n<figure class=\"wp-block-gallery has-nested-images columns-default is-cropped wp-block-gallery-1 is-layout-flex wp-block-gallery-is-layout-flex\">\n<figure class=\"wp-block-image size-large\"><img fetchpriority=\"high\" decoding=\"async\" width=\"768\" height=\"1024\" data-id=\"15211\" src=\"https:\/\/repam.org.br\/cop30\/wp-content\/uploads\/2024\/11\/WhatsApp-Image-2024-11-05-at-19.05.49-1-768x1024.jpeg\" alt=\"\" class=\"wp-image-15211\" srcset=\"https:\/\/repam.org.br\/cop30\/wp-content\/uploads\/2024\/11\/WhatsApp-Image-2024-11-05-at-19.05.49-1-768x1024.jpeg 768w, https:\/\/repam.org.br\/cop30\/wp-content\/uploads\/2024\/11\/WhatsApp-Image-2024-11-05-at-19.05.49-1-225x300.jpeg 225w, https:\/\/repam.org.br\/cop30\/wp-content\/uploads\/2024\/11\/WhatsApp-Image-2024-11-05-at-19.05.49-1.jpeg 960w\" sizes=\"(max-width: 768px) 100vw, 768px\" \/><\/figure>\n\n\n\n<figure class=\"wp-block-image size-large\"><img decoding=\"async\" width=\"1024\" height=\"576\" data-id=\"15210\" src=\"https:\/\/repam.org.br\/cop30\/wp-content\/uploads\/2024\/11\/WhatsApp-Image-2024-11-05-at-19.02.42-1-1024x576.jpeg\" alt=\"\" class=\"wp-image-15210\" srcset=\"https:\/\/repam.org.br\/cop30\/wp-content\/uploads\/2024\/11\/WhatsApp-Image-2024-11-05-at-19.02.42-1-1024x576.jpeg 1024w, https:\/\/repam.org.br\/cop30\/wp-content\/uploads\/2024\/11\/WhatsApp-Image-2024-11-05-at-19.02.42-1-300x169.jpeg 300w, https:\/\/repam.org.br\/cop30\/wp-content\/uploads\/2024\/11\/WhatsApp-Image-2024-11-05-at-19.02.42-1-768x432.jpeg 768w, https:\/\/repam.org.br\/cop30\/wp-content\/uploads\/2024\/11\/WhatsApp-Image-2024-11-05-at-19.02.42-1.jpeg 1366w\" sizes=\"(max-width: 1024px) 100vw, 1024px\" \/><\/figure>\n<\/figure>\n<\/div>\n","protected":false},"excerpt":{"rendered":"<p>Encontros com representantes de movimentos e organiza\u00e7\u00f5es da sociedade civil discutem a\u00e7\u00f5es de mobiliza\u00e7\u00e3o e incid\u00eancia para a Confer\u00eancia do Clima em 2025 No \u00faltimo dia 5 de novembro, o escrit\u00f3rio da Mobiliza\u00e7\u00e3o dos Povos pela Terra e pelo Clima, em Bel\u00e9m, sediou uma s\u00e9rie de reuni\u00f5es estrat\u00e9gicas que fortaleceram o caminho para a COP 30, que ser\u00e1 realizada em 2025 na capital paraense. A articuladora da Rede Eclesial Pan-Amaz\u00f4nica (REPAM), Joana Menezes e o secret\u00e1rio Eduardo Soares, reuniram-se com representantes de movimentos e organiza\u00e7\u00f5es da sociedade civil, discutindo temas essenciais e a\u00e7\u00f5es coordenadas para garantir uma participa\u00e7\u00e3o ativa e efetiva na pr\u00f3xima Confer\u00eancia do Clima. Entre os presentes, estava Izabeli Miranda, do Movimento pela Soberania Popular na Minera\u00e7\u00e3o (MAM), que apresentou as iniciativas do movimento em torno da pauta da minera\u00e7\u00e3o e como essa agenda se conecta ao processo de constru\u00e7\u00e3o da C\u00fapula dos Povos e outras frentes de a\u00e7\u00e3o na Amaz\u00f4nia. Miranda destacou a import\u00e2ncia de trazer a quest\u00e3o da minera\u00e7\u00e3o para o centro das discuss\u00f5es clim\u00e1ticas, com foco nos impactos sociais e ambientais para as comunidades locais. Em outro momento, Danicley Aguiar, representante do Greenpeace, destacou perspectivas de a\u00e7\u00f5es conjuntas com povos origin\u00e1rios, ribeirinhos e extrativistas. Outro destaque das reuni\u00f5es foi a participa\u00e7\u00e3o de Eunice Guedes, da Articula\u00e7\u00e3o de Mulheres Brasileiras (AMB), que compartilhou o processo de mobiliza\u00e7\u00e3o das mulheres em diversos \u00e2mbitos. Guedes tamb\u00e9m trouxe \u00e0 pauta a possibilidade de realizar semin\u00e1rios preparat\u00f3rios para a COP 30. A Mobiliza\u00e7\u00e3o dos Povos pela Terra e Pelo Clima Rumo \u00e0 COP 30 As reuni\u00f5es em Bel\u00e9m refletem o compromisso dos movimentos e organiza\u00e7\u00f5es da sociedade civil em promover uma COP 30 marcada pela inclus\u00e3o e diversidade de vozes. A Mobiliza\u00e7\u00e3o dos Povos pela Terra e Pelo Clima, busca\u00a0articular povos e movimentos sociais territoriais antes,\u00a0durante e depois da COP 30, fortalecendo as lutas de povos e comunidades tradicionais em seus territ\u00f3rios e sua capacidade de incid\u00eancia pol\u00edtica. Essa articula\u00e7\u00e3o refor\u00e7a a vis\u00e3o de que a COP 30 em Bel\u00e9m deve ser um espa\u00e7o de di\u00e1logo e transforma\u00e7\u00e3o, promovendo solu\u00e7\u00f5es para as quest\u00f5es clim\u00e1ticas e sociais que afetam a Amaz\u00f4nia e o planeta como um todo.<\/p>\n","protected":false},"author":3,"featured_media":15207,"comment_status":"open","ping_status":"open","sticky":false,"template":"","format":"standard","meta":{"footnotes":""},"categories":[5],"tags":[],"class_list":["post-15206","post","type-post","status-publish","format-standard","has-post-thumbnail","hentry","category-noticias"],"rttpg_featured_image_url":{"full":["https:\/\/repam.org.br\/cop30\/wp-content\/uploads\/2024\/11\/WhatsApp-Image-2024-11-05-at-19.07.58-e1730922942374.jpeg",1530,990,false],"landscape":["https:\/\/repam.org.br\/cop30\/wp-content\/uploads\/2024\/11\/WhatsApp-Image-2024-11-05-at-19.07.58-e1730922942374.jpeg",1530,990,false],"portraits":["https:\/\/repam.org.br\/cop30\/wp-content\/uploads\/2024\/11\/WhatsApp-Image-2024-11-05-at-19.07.58-e1730922942374.jpeg",1530,990,false],"thumbnail":["https:\/\/repam.org.br\/cop30\/wp-content\/uploads\/2024\/11\/WhatsApp-Image-2024-11-05-at-19.07.58-e1730922942374-150x150.jpeg",150,150,true],"medium":["https:\/\/repam.org.br\/cop30\/wp-content\/uploads\/2024\/11\/WhatsApp-Image-2024-11-05-at-19.07.58-e1730922942374-300x194.jpeg",300,194,true],"large":["https:\/\/repam.org.br\/cop30\/wp-content\/uploads\/2024\/11\/WhatsApp-Image-2024-11-05-at-19.07.58-e1730922942374-1024x663.jpeg",800,518,true],"1536x1536":["https:\/\/repam.org.br\/cop30\/wp-content\/uploads\/2024\/11\/WhatsApp-Image-2024-11-05-at-19.07.58-e1730922942374.jpeg",1530,990,false],"2048x2048":["https:\/\/repam.org.br\/cop30\/wp-content\/uploads\/2024\/11\/WhatsApp-Image-2024-11-05-at-19.07.58-e1730922942374.jpeg",1530,990,false]},"rttpg_author":{"display_name":"Comunica\u00e7\u00e3o Cop30","author_link":"https:\/\/repam.org.br\/cop30\/author\/comunicacaocop30\/"},"rttpg_comment":0,"rttpg_category":"<a href=\"https:\/\/repam.org.br\/cop30\/category\/noticias\/\" rel=\"category tag\">Not\u00edcias<\/a>","rttpg_excerpt":"Encontros com representantes de movimentos e organiza\u00e7\u00f5es da sociedade civil discutem a\u00e7\u00f5es de mobiliza\u00e7\u00e3o e incid\u00eancia para a Confer\u00eancia do Clima em 2025 No \u00faltimo dia 5 de novembro, o escrit\u00f3rio da Mobiliza\u00e7\u00e3o dos Povos pela Terra e pelo Clima, em Bel\u00e9m, sediou uma s\u00e9rie de reuni\u00f5es estrat\u00e9gicas que fortaleceram o caminho para a COP&hellip;","_links":{"self":[{"href":"https:\/\/repam.org.br\/cop30\/wp-json\/wp\/v2\/posts\/15206","targetHints":{"allow":["GET"]}}],"collection":[{"href":"https:\/\/repam.org.br\/cop30\/wp-json\/wp\/v2\/posts"}],"about":[{"href":"https:\/\/repam.org.br\/cop30\/wp-json\/wp\/v2\/types\/post"}],"author":[{"embeddable":true,"href":"https:\/\/repam.org.br\/cop30\/wp-json\/wp\/v2\/users\/3"}],"replies":[{"embeddable":true,"href":"https:\/\/repam.org.br\/cop30\/wp-json\/wp\/v2\/comments?post=15206"}],"version-history":[{"count":2,"href":"https:\/\/repam.org.br\/cop30\/wp-json\/wp\/v2\/posts\/15206\/revisions"}],"predecessor-version":[{"id":15213,"href":"https:\/\/repam.org.br\/cop30\/wp-json\/wp\/v2\/posts\/15206\/revisions\/15213"}],"wp:featuredmedia":[{"embeddable":true,"href":"https:\/\/repam.org.br\/cop30\/wp-json\/wp\/v2\/media\/15207"}],"wp:attachment":[{"href":"https:\/\/repam.org.br\/cop30\/wp-json\/wp\/v2\/media?parent=15206"}],"wp:term":[{"taxonomy":"category","embeddable":true,"href":"https:\/\/repam.org.br\/cop30\/wp-json\/wp\/v2\/categories?post=15206"},{"taxonomy":"post_tag","embeddable":true,"href":"https:\/\/repam.org.br\/cop30\/wp-json\/wp\/v2\/tags?post=15206"}],"curies":[{"name":"wp","href":"https:\/\/api.w.org\/{rel}","templated":true}]}}