{"id":15214,"date":"2024-11-12T09:47:05","date_gmt":"2024-11-12T12:47:05","guid":{"rendered":"https:\/\/repam.org.br\/cop30\/?p=15214"},"modified":"2024-11-12T09:57:49","modified_gmt":"2024-11-12T12:57:49","slug":"painel-quilombola-na-cop-29-mulheres-quilombolas-frente-a-crise-climatica","status":"publish","type":"post","link":"https:\/\/repam.org.br\/cop30\/painel-quilombola-na-cop-29-mulheres-quilombolas-frente-a-crise-climatica\/","title":{"rendered":"Painel Quilombola na COP 29: Mulheres Quilombolas Frente \u00e0 Crise Clim\u00e1tica"},"content":{"rendered":"\n<p>Vem pro Painel Quilombola na COP 29! <strong>Mulheres Quilombolas Frente \u00e0 Crise Clim\u00e1tica: O Manejo das Tecnologias Ancestrais dos Quilombos na Constru\u00e7\u00e3o de Modelos Sociais Mais Justos, Sustent\u00e1veis e Equ\u00e2nimes nos Brasis&#8221;<\/strong>, onde l\u00edderes quilombolas compartilhar\u00e3o suas vis\u00f5es e pr\u00e1ticas para enfrentar as desigualdades sociais e a crise clim\u00e1tica.<\/p>\n\n\n\n<p>Neste evento, organizado no <strong>Pavilh\u00e3o Brasil<\/strong> no dia <strong>14 de novembro \u00e0s 15h (hor\u00e1rio de Baku)<\/strong>, as representantes <strong>Maria Aparecida Ribeiro de Sousa (COEQTO, CONAQ), Luzi Borges Oluk\u00f2so (MIR), Val\u00e9ria Carneiro (Fundo Mizizi Dudu), Samilly Valadares (Projeto Perpetuar), e Selma Dealdina Mbaye (CONAQ e Vice-Presidente do Fundo Casa)<\/strong> trar\u00e3o suas experi\u00eancias e o papel vital das mulheres quilombolas na prote\u00e7\u00e3o do meio ambiente e na promo\u00e7\u00e3o de justi\u00e7a social.<\/p>\n\n\n\n<p>O painel destaca o uso das tecnologias e saberes ancestrais quilombolas como solu\u00e7\u00f5es sustent\u00e1veis que buscam construir uma sociedade mais justa, equitativa e resiliente. Ser\u00e3o abordadas estrat\u00e9gias de preserva\u00e7\u00e3o ambiental, pr\u00e1ticas comunit\u00e1rias de cuidado e modelos sociais inclusivos.<\/p>\n\n\n\n<p><strong>N\u00e3o perca essa oportunidade de ouvir e aprender com as mulheres que, por meio de pr\u00e1ticas tradicionais, est\u00e3o na linha de frente por um futuro mais sustent\u00e1vel!<\/strong><\/p>\n","protected":false},"excerpt":{"rendered":"<p>Vem pro Painel Quilombola na COP 29! Mulheres Quilombolas Frente \u00e0 Crise Clim\u00e1tica: O Manejo das Tecnologias Ancestrais dos Quilombos na Constru\u00e7\u00e3o de Modelos Sociais Mais Justos, Sustent\u00e1veis e Equ\u00e2nimes nos Brasis&#8221;, onde l\u00edderes quilombolas compartilhar\u00e3o suas vis\u00f5es e pr\u00e1ticas para enfrentar as desigualdades sociais e a crise clim\u00e1tica. Neste evento, organizado no Pavilh\u00e3o Brasil no dia 14 de novembro \u00e0s 15h (hor\u00e1rio de Baku), as representantes Maria Aparecida Ribeiro de Sousa (COEQTO, CONAQ), Luzi Borges Oluk\u00f2so (MIR), Val\u00e9ria Carneiro (Fundo Mizizi Dudu), Samilly Valadares (Projeto Perpetuar), e Selma Dealdina Mbaye (CONAQ e Vice-Presidente do Fundo Casa) trar\u00e3o suas experi\u00eancias e o papel vital das mulheres quilombolas na prote\u00e7\u00e3o do meio ambiente e na promo\u00e7\u00e3o de justi\u00e7a social. O painel destaca o uso das tecnologias e saberes ancestrais quilombolas como solu\u00e7\u00f5es sustent\u00e1veis que buscam construir uma sociedade mais justa, equitativa e resiliente. Ser\u00e3o abordadas estrat\u00e9gias de preserva\u00e7\u00e3o ambiental, pr\u00e1ticas comunit\u00e1rias de cuidado e modelos sociais inclusivos. N\u00e3o perca essa oportunidade de ouvir e aprender com as mulheres que, por meio de pr\u00e1ticas tradicionais, est\u00e3o na linha de frente por um futuro mais sustent\u00e1vel!<\/p>\n","protected":false},"author":3,"featured_media":15215,"comment_status":"closed","ping_status":"open","sticky":false,"template":"","format":"standard","meta":{"footnotes":""},"categories":[5],"tags":[],"class_list":["post-15214","post","type-post","status-publish","format-standard","has-post-thumbnail","hentry","category-noticias"],"rttpg_featured_image_url":{"full":["https:\/\/repam.org.br\/cop30\/wp-content\/uploads\/2024\/11\/quilombola-na-Cop.png",744,747,false],"landscape":["https:\/\/repam.org.br\/cop30\/wp-content\/uploads\/2024\/11\/quilombola-na-Cop.png",744,747,false],"portraits":["https:\/\/repam.org.br\/cop30\/wp-content\/uploads\/2024\/11\/quilombola-na-Cop.png",744,747,false],"thumbnail":["https:\/\/repam.org.br\/cop30\/wp-content\/uploads\/2024\/11\/quilombola-na-Cop-150x150.png",150,150,true],"medium":["https:\/\/repam.org.br\/cop30\/wp-content\/uploads\/2024\/11\/quilombola-na-Cop-300x300.png",300,300,true],"large":["https:\/\/repam.org.br\/cop30\/wp-content\/uploads\/2024\/11\/quilombola-na-Cop.png",744,747,false],"1536x1536":["https:\/\/repam.org.br\/cop30\/wp-content\/uploads\/2024\/11\/quilombola-na-Cop.png",744,747,false],"2048x2048":["https:\/\/repam.org.br\/cop30\/wp-content\/uploads\/2024\/11\/quilombola-na-Cop.png",744,747,false]},"rttpg_author":{"display_name":"Comunica\u00e7\u00e3o Cop30","author_link":"https:\/\/repam.org.br\/cop30\/author\/comunicacaocop30\/"},"rttpg_comment":0,"rttpg_category":"<a href=\"https:\/\/repam.org.br\/cop30\/category\/noticias\/\" rel=\"category tag\">Not\u00edcias<\/a>","rttpg_excerpt":"Vem pro Painel Quilombola na COP 29! Mulheres Quilombolas Frente \u00e0 Crise Clim\u00e1tica: O Manejo das Tecnologias Ancestrais dos Quilombos na Constru\u00e7\u00e3o de Modelos Sociais Mais Justos, Sustent\u00e1veis e Equ\u00e2nimes nos Brasis&#8221;, onde l\u00edderes quilombolas compartilhar\u00e3o suas vis\u00f5es e pr\u00e1ticas para enfrentar as desigualdades sociais e a crise clim\u00e1tica. Neste evento, organizado no Pavilh\u00e3o Brasil&hellip;","_links":{"self":[{"href":"https:\/\/repam.org.br\/cop30\/wp-json\/wp\/v2\/posts\/15214","targetHints":{"allow":["GET"]}}],"collection":[{"href":"https:\/\/repam.org.br\/cop30\/wp-json\/wp\/v2\/posts"}],"about":[{"href":"https:\/\/repam.org.br\/cop30\/wp-json\/wp\/v2\/types\/post"}],"author":[{"embeddable":true,"href":"https:\/\/repam.org.br\/cop30\/wp-json\/wp\/v2\/users\/3"}],"replies":[{"embeddable":true,"href":"https:\/\/repam.org.br\/cop30\/wp-json\/wp\/v2\/comments?post=15214"}],"version-history":[{"count":1,"href":"https:\/\/repam.org.br\/cop30\/wp-json\/wp\/v2\/posts\/15214\/revisions"}],"predecessor-version":[{"id":15216,"href":"https:\/\/repam.org.br\/cop30\/wp-json\/wp\/v2\/posts\/15214\/revisions\/15216"}],"wp:featuredmedia":[{"embeddable":true,"href":"https:\/\/repam.org.br\/cop30\/wp-json\/wp\/v2\/media\/15215"}],"wp:attachment":[{"href":"https:\/\/repam.org.br\/cop30\/wp-json\/wp\/v2\/media?parent=15214"}],"wp:term":[{"taxonomy":"category","embeddable":true,"href":"https:\/\/repam.org.br\/cop30\/wp-json\/wp\/v2\/categories?post=15214"},{"taxonomy":"post_tag","embeddable":true,"href":"https:\/\/repam.org.br\/cop30\/wp-json\/wp\/v2\/tags?post=15214"}],"curies":[{"name":"wp","href":"https:\/\/api.w.org\/{rel}","templated":true}]}}