{"id":15224,"date":"2024-11-12T10:04:41","date_gmt":"2024-11-12T13:04:41","guid":{"rendered":"https:\/\/repam.org.br\/cop30\/?p=15224"},"modified":"2024-11-12T10:39:42","modified_gmt":"2024-11-12T13:39:42","slug":"financiamento-transicao-energetica-e-demarcacao-de-terras-sao-pautas-da-amazonia-indigena-na-cop29","status":"publish","type":"post","link":"https:\/\/repam.org.br\/cop30\/financiamento-transicao-energetica-e-demarcacao-de-terras-sao-pautas-da-amazonia-indigena-na-cop29\/","title":{"rendered":"Financiamento, transi\u00e7\u00e3o energ\u00e9tica e demarca\u00e7\u00e3o de terras s\u00e3o pautas da Amaz\u00f4nia ind\u00edgena na COP29"},"content":{"rendered":"\n<h2 class=\"wp-block-heading\">Povos ind\u00edgenas do Brasil, Austr\u00e1lia e Ilhas do Pac\u00edfico lan\u00e7ar\u00e3o troika para fortalecer incid\u00eancia durante a confer\u00eancia do clima<\/h2>\n\n\n\n<p>Por: Valdeniza Vasques<\/p>\n\n\n\n<p>Texto Publicado por <a href=\"https:\/\/coiab.org.br\/financiamento-transicao-energetica-e-demarcacao-de-terras-sao-pautas-da-amazonia-indigena-na-cop29\/\">COIAB<\/a><\/p>\n\n\n\n<figure class=\"wp-block-gallery has-nested-images columns-default is-cropped wp-block-gallery-1 is-layout-flex wp-block-gallery-is-layout-flex\"><\/figure>\n\n\n\n<p>Lideran\u00e7as ind\u00edgenas da Amaz\u00f4nia brasileira participam da Confer\u00eancia das Na\u00e7\u00f5es Unidas sobre Mudan\u00e7as Clim\u00e1ticas de 2024, a COP29, que ocorre em Baku, capital do Azerbaij\u00e3o, de 11 a 22 de novembro. Formada por representantes da Coordena\u00e7\u00e3o das Organiza\u00e7\u00f5es Ind\u00edgenas da Amaz\u00f4nia Brasileira (Coiab), a delega\u00e7\u00e3o defender\u00e1, durante a confer\u00eancia, pautas como financiamento direto para organiza\u00e7\u00f5es ind\u00edgenas, transi\u00e7\u00e3o energ\u00e9tica justa, protagonismo da juventude ind\u00edgena no equil\u00edbrio clim\u00e1tico e demarca\u00e7\u00e3o de territ\u00f3rios.<\/p>\n\n\n\n<p>Um dos destaques da participa\u00e7\u00e3o da Coiab na COP29 ser\u00e1 o lan\u00e7amento da troika entre os povos ind\u00edgenas do Brasil, Austr\u00e1lia e Ilhas do Pac\u00edfico como estrat\u00e9gia de incid\u00eancia nas agendas clim\u00e1ticas internacionais, visando uma co-presid\u00eancia ind\u00edgena na COP30, que ocorre em 2025 no Brasil, e a COP 31, que deve ocorrer na Austr\u00e1lia em 2026.<\/p>\n\n\n\n<p>A troika se junta \u00e0s iniciativas do movimento ind\u00edgena da Amaz\u00f4nia brasileira na luta pela justi\u00e7a clim\u00e1tica e pela biodiversidade. Recentemente, durante a COP16 da Biodiversidade, ocorrida em Cali, Col\u00f4mbia, organiza\u00e7\u00f5es ind\u00edgenas da bacia amaz\u00f4nica lan\u00e7aram o \u2018G9 da Amaz\u00f4nia Ind\u00edgena\u2019, uma coaliza\u00e7\u00e3o internacional com o objetivo de reunir as demandas dos povos ind\u00edgenas em defesa da conserva\u00e7\u00e3o, preserva\u00e7\u00e3o e combate \u00e0s mudan\u00e7as clim\u00e1ticas.<\/p>\n\n\n\n<p>Segundo o coordenador-tesoureiro da Coiab, Avanilson Karaj\u00e1, a Coiab refor\u00e7ar\u00e1 durante a COP29 a urg\u00eancia de uma transi\u00e7\u00e3o energ\u00e9tica que respeite os direitos dos povos ind\u00edgenas e seus territ\u00f3rios.<\/p>\n\n\n\n<p>\u201cN\u00e3o podemos permitir que os pa\u00edses continuem a explorar min\u00e9rios, petr\u00f3leo e g\u00e1s, ou que planejem fazer isso em terras ind\u00edgenas, como se essa fosse uma solu\u00e7\u00e3o para a economia. Embora a COP29 aconte\u00e7a em um pa\u00eds produtor de petr\u00f3leo, o Azerbaij\u00e3o, \u00e9 fundamental lembrar que n\u00e3o h\u00e1 vida em um planeta em chamas. As evid\u00eancias s\u00e3o claras: o aquecimento global s\u00f3 aumenta, e as consequ\u00eancias da explora\u00e7\u00e3o destrutiva dos recursos naturais se tornam cada vez mais vis\u00edveis\u201d, afirma a lideran\u00e7a.<\/p>\n\n\n\n<p>Avanilson ressalta que os povos ind\u00edgenas s\u00e3o essenciais para o combate \u00e0 atual crise clim\u00e1tica.<\/p>\n\n\n\n<p>\u201cPreservamos nossos territ\u00f3rios e lutamos contra os efeitos da crise clim\u00e1tica e a destrui\u00e7\u00e3o das nossas florestas. Estamos articulando uma rede de apoio com povos ind\u00edgenas dos pa\u00edses do G9 da Amaz\u00f4nia, formando uma coaliz\u00e3o com autoridades de todos os nove pa\u00edses da Bacia Amaz\u00f4nica, com o objetivo de garantir que os direitos territoriais sejam reconhecidos como uma prioridade nas pol\u00edticas clim\u00e1ticas. Al\u00e9m disso, estamos construindo uma alian\u00e7a entre a Coiab, os povos ind\u00edgenas da Austr\u00e1lia e das Ilhas do Pac\u00edfico, com o intuito de fortalecer a co-presid\u00eancia ind\u00edgena na COP30. Nosso compromisso \u00e9 claro: sem a prote\u00e7\u00e3o dos nossos territ\u00f3rios, n\u00e3o haver\u00e1 futuro para o planeta\u201d, completa o coordenador-tesoureiro da Coiab.<\/p>\n\n\n\n<p>Acesse a programa\u00e7\u00e3o completa&nbsp;<strong><a href=\"https:\/\/coiab.org.br\/wp-content\/uploads\/2024\/11\/PROGRAMACAO-AMAZONIA-INDIGENA-NA-COP-29.1-1.pdf\">aqui<\/a><\/strong>.<\/p>\n\n\n\n<h3 class=\"wp-block-heading\">Agendas pr\u00e9-COP29<\/h3>\n\n\n\n<p>A Amaz\u00f4nia ind\u00edgena brasileira tamb\u00e9m participou dos eventos da pr\u00e9-sess\u00e3o da COP29, como a 12\u00aa reuni\u00e3o do Grupo de Trabalho Facilitador da Plataforma de Comunidades Locais e Povos Ind\u00edgenas FWG\/LCIPP), entre os dias 5 e 8 de novembro. O objetivo da LCIPP \u00e9 \u00e9 refor\u00e7ar o envolvimento dos povos ind\u00edgenas e comunidades locais nos processos da UNFCCC e na implementa\u00e7\u00e3o do Acordo de Paris. A reuni\u00e3o focou na revis\u00e3o do plano de trabalho da plataforma e planejamento de a\u00e7\u00f5es futuras, com \u00eanfase em participa\u00e7\u00f5es mais efetivas. Uma das conquistas celebradas foi a inclus\u00e3o da tradu\u00e7\u00e3o para o portugu\u00eas na metodologia do FWG, o que facilita a participa\u00e7\u00e3o da delega\u00e7\u00e3o ind\u00edgena brasileira nos processos da plataforma. Os ind\u00edgenas brasileiros tamb\u00e9m defenderam uma comunica\u00e7\u00e3o interna mais efetiva, uma vez que os povos ind\u00edgenas possuem grande experi\u00eancia com mecanismos tradicionais que podem ajudar nas negocia\u00e7\u00f5es clim\u00e1ticas de forma t\u00e9cnica.<\/p>\n\n\n\n<p>Outra agenda pr\u00e9-COP29 foi a reuni\u00e3o preparat\u00f3ria do F\u00f3rum Internacional dos Povos Ind\u00edgenas sobre Mudan\u00e7as Clim\u00e1ticas (IIPFCC), o Caucus Ind\u00edgena, espa\u00e7o oficial dedicado exclusivamente aos povos ind\u00edgenas para alinhar conceitos e posicionamentos ligados \u00e0s pautas de negocia\u00e7\u00e3o na UNFCCC. O evento ocorreu nos dias 9 e 10 de novembro. A autoridade do clima Sineia do Vale, do povo Wapichana de Roraima, coordenadora do Comit\u00ea Ind\u00edgena das Mudan\u00e7as Clim\u00e1ticas (CIMC), assumiu a co-presid\u00eancia do Caucus pela Am\u00e9rica Latina e Caribe. Ela co-presidir\u00e1 o Caucus at\u00e9 a COP30, no Brasil.<\/p>\n","protected":false},"excerpt":{"rendered":"<p>Povos ind\u00edgenas do Brasil, Austr\u00e1lia e Ilhas do Pac\u00edfico lan\u00e7ar\u00e3o troika para fortalecer incid\u00eancia durante a confer\u00eancia do clima Por: Valdeniza Vasques Texto Publicado por COIAB Lideran\u00e7as ind\u00edgenas da Amaz\u00f4nia brasileira participam da Confer\u00eancia das Na\u00e7\u00f5es Unidas sobre Mudan\u00e7as Clim\u00e1ticas de 2024, a COP29, que ocorre em Baku, capital do Azerbaij\u00e3o, de 11 a 22 de novembro. Formada por representantes da Coordena\u00e7\u00e3o das Organiza\u00e7\u00f5es Ind\u00edgenas da Amaz\u00f4nia Brasileira (Coiab), a delega\u00e7\u00e3o defender\u00e1, durante a confer\u00eancia, pautas como financiamento direto para organiza\u00e7\u00f5es ind\u00edgenas, transi\u00e7\u00e3o energ\u00e9tica justa, protagonismo da juventude ind\u00edgena no equil\u00edbrio clim\u00e1tico e demarca\u00e7\u00e3o de territ\u00f3rios. Um dos destaques da participa\u00e7\u00e3o da Coiab na COP29 ser\u00e1 o lan\u00e7amento da troika entre os povos ind\u00edgenas do Brasil, Austr\u00e1lia e Ilhas do Pac\u00edfico como estrat\u00e9gia de incid\u00eancia nas agendas clim\u00e1ticas internacionais, visando uma co-presid\u00eancia ind\u00edgena na COP30, que ocorre em 2025 no Brasil, e a COP 31, que deve ocorrer na Austr\u00e1lia em 2026. A troika se junta \u00e0s iniciativas do movimento ind\u00edgena da Amaz\u00f4nia brasileira na luta pela justi\u00e7a clim\u00e1tica e pela biodiversidade. Recentemente, durante a COP16 da Biodiversidade, ocorrida em Cali, Col\u00f4mbia, organiza\u00e7\u00f5es ind\u00edgenas da bacia amaz\u00f4nica lan\u00e7aram o \u2018G9 da Amaz\u00f4nia Ind\u00edgena\u2019, uma coaliza\u00e7\u00e3o internacional com o objetivo de reunir as demandas dos povos ind\u00edgenas em defesa da conserva\u00e7\u00e3o, preserva\u00e7\u00e3o e combate \u00e0s mudan\u00e7as clim\u00e1ticas. Segundo o coordenador-tesoureiro da Coiab, Avanilson Karaj\u00e1, a Coiab refor\u00e7ar\u00e1 durante a COP29 a urg\u00eancia de uma transi\u00e7\u00e3o energ\u00e9tica que respeite os direitos dos povos ind\u00edgenas e seus territ\u00f3rios. \u201cN\u00e3o podemos permitir que os pa\u00edses continuem a explorar min\u00e9rios, petr\u00f3leo e g\u00e1s, ou que planejem fazer isso em terras ind\u00edgenas, como se essa fosse uma solu\u00e7\u00e3o para a economia. Embora a COP29 aconte\u00e7a em um pa\u00eds produtor de petr\u00f3leo, o Azerbaij\u00e3o, \u00e9 fundamental lembrar que n\u00e3o h\u00e1 vida em um planeta em chamas. As evid\u00eancias s\u00e3o claras: o aquecimento global s\u00f3 aumenta, e as consequ\u00eancias da explora\u00e7\u00e3o destrutiva dos recursos naturais se tornam cada vez mais vis\u00edveis\u201d, afirma a lideran\u00e7a. Avanilson ressalta que os povos ind\u00edgenas s\u00e3o essenciais para o combate \u00e0 atual crise clim\u00e1tica. \u201cPreservamos nossos territ\u00f3rios e lutamos contra os efeitos da crise clim\u00e1tica e a destrui\u00e7\u00e3o das nossas florestas. Estamos articulando uma rede de apoio com povos ind\u00edgenas dos pa\u00edses do G9 da Amaz\u00f4nia, formando uma coaliz\u00e3o com autoridades de todos os nove pa\u00edses da Bacia Amaz\u00f4nica, com o objetivo de garantir que os direitos territoriais sejam reconhecidos como uma prioridade nas pol\u00edticas clim\u00e1ticas. Al\u00e9m disso, estamos construindo uma alian\u00e7a entre a Coiab, os povos ind\u00edgenas da Austr\u00e1lia e das Ilhas do Pac\u00edfico, com o intuito de fortalecer a co-presid\u00eancia ind\u00edgena na COP30. Nosso compromisso \u00e9 claro: sem a prote\u00e7\u00e3o dos nossos territ\u00f3rios, n\u00e3o haver\u00e1 futuro para o planeta\u201d, completa o coordenador-tesoureiro da Coiab. Acesse a programa\u00e7\u00e3o completa&nbsp;aqui. Agendas pr\u00e9-COP29 A Amaz\u00f4nia ind\u00edgena brasileira tamb\u00e9m participou dos eventos da pr\u00e9-sess\u00e3o da COP29, como a 12\u00aa reuni\u00e3o do Grupo de Trabalho Facilitador da Plataforma de Comunidades Locais e Povos Ind\u00edgenas FWG\/LCIPP), entre os dias 5 e 8 de novembro. O objetivo da LCIPP \u00e9 \u00e9 refor\u00e7ar o envolvimento dos povos ind\u00edgenas e comunidades locais nos processos da UNFCCC e na implementa\u00e7\u00e3o do Acordo de Paris. A reuni\u00e3o focou na revis\u00e3o do plano de trabalho da plataforma e planejamento de a\u00e7\u00f5es futuras, com \u00eanfase em participa\u00e7\u00f5es mais efetivas. Uma das conquistas celebradas foi a inclus\u00e3o da tradu\u00e7\u00e3o para o portugu\u00eas na metodologia do FWG, o que facilita a participa\u00e7\u00e3o da delega\u00e7\u00e3o ind\u00edgena brasileira nos processos da plataforma. Os ind\u00edgenas brasileiros tamb\u00e9m defenderam uma comunica\u00e7\u00e3o interna mais efetiva, uma vez que os povos ind\u00edgenas possuem grande experi\u00eancia com mecanismos tradicionais que podem ajudar nas negocia\u00e7\u00f5es clim\u00e1ticas de forma t\u00e9cnica. Outra agenda pr\u00e9-COP29 foi a reuni\u00e3o preparat\u00f3ria do F\u00f3rum Internacional dos Povos Ind\u00edgenas sobre Mudan\u00e7as Clim\u00e1ticas (IIPFCC), o Caucus Ind\u00edgena, espa\u00e7o oficial dedicado exclusivamente aos povos ind\u00edgenas para alinhar conceitos e posicionamentos ligados \u00e0s pautas de negocia\u00e7\u00e3o na UNFCCC. O evento ocorreu nos dias 9 e 10 de novembro. A autoridade do clima Sineia do Vale, do povo Wapichana de Roraima, coordenadora do Comit\u00ea Ind\u00edgena das Mudan\u00e7as Clim\u00e1ticas (CIMC), assumiu a co-presid\u00eancia do Caucus pela Am\u00e9rica Latina e Caribe. Ela co-presidir\u00e1 o Caucus at\u00e9 a COP30, no Brasil.<\/p>\n","protected":false},"author":3,"featured_media":15223,"comment_status":"closed","ping_status":"open","sticky":false,"template":"","format":"standard","meta":{"footnotes":""},"categories":[5],"tags":[],"class_list":["post-15224","post","type-post","status-publish","format-standard","has-post-thumbnail","hentry","category-noticias"],"rttpg_featured_image_url":{"full":["https:\/\/repam.org.br\/cop30\/wp-content\/uploads\/2024\/11\/coiab-1.png",702,533,false],"landscape":["https:\/\/repam.org.br\/cop30\/wp-content\/uploads\/2024\/11\/coiab-1.png",702,533,false],"portraits":["https:\/\/repam.org.br\/cop30\/wp-content\/uploads\/2024\/11\/coiab-1.png",702,533,false],"thumbnail":["https:\/\/repam.org.br\/cop30\/wp-content\/uploads\/2024\/11\/coiab-1-150x150.png",150,150,true],"medium":["https:\/\/repam.org.br\/cop30\/wp-content\/uploads\/2024\/11\/coiab-1-300x228.png",300,228,true],"large":["https:\/\/repam.org.br\/cop30\/wp-content\/uploads\/2024\/11\/coiab-1.png",702,533,false],"1536x1536":["https:\/\/repam.org.br\/cop30\/wp-content\/uploads\/2024\/11\/coiab-1.png",702,533,false],"2048x2048":["https:\/\/repam.org.br\/cop30\/wp-content\/uploads\/2024\/11\/coiab-1.png",702,533,false]},"rttpg_author":{"display_name":"Comunica\u00e7\u00e3o Cop30","author_link":"https:\/\/repam.org.br\/cop30\/author\/comunicacaocop30\/"},"rttpg_comment":0,"rttpg_category":"<a href=\"https:\/\/repam.org.br\/cop30\/category\/noticias\/\" rel=\"category tag\">Not\u00edcias<\/a>","rttpg_excerpt":"Povos ind\u00edgenas do Brasil, Austr\u00e1lia e Ilhas do Pac\u00edfico lan\u00e7ar\u00e3o troika para fortalecer incid\u00eancia durante a confer\u00eancia do clima Por: Valdeniza Vasques Texto Publicado por COIAB Lideran\u00e7as ind\u00edgenas da Amaz\u00f4nia brasileira participam da Confer\u00eancia das Na\u00e7\u00f5es Unidas sobre Mudan\u00e7as Clim\u00e1ticas de 2024, a COP29, que ocorre em Baku, capital do Azerbaij\u00e3o, de 11 a 22&hellip;","_links":{"self":[{"href":"https:\/\/repam.org.br\/cop30\/wp-json\/wp\/v2\/posts\/15224","targetHints":{"allow":["GET"]}}],"collection":[{"href":"https:\/\/repam.org.br\/cop30\/wp-json\/wp\/v2\/posts"}],"about":[{"href":"https:\/\/repam.org.br\/cop30\/wp-json\/wp\/v2\/types\/post"}],"author":[{"embeddable":true,"href":"https:\/\/repam.org.br\/cop30\/wp-json\/wp\/v2\/users\/3"}],"replies":[{"embeddable":true,"href":"https:\/\/repam.org.br\/cop30\/wp-json\/wp\/v2\/comments?post=15224"}],"version-history":[{"count":2,"href":"https:\/\/repam.org.br\/cop30\/wp-json\/wp\/v2\/posts\/15224\/revisions"}],"predecessor-version":[{"id":15227,"href":"https:\/\/repam.org.br\/cop30\/wp-json\/wp\/v2\/posts\/15224\/revisions\/15227"}],"wp:featuredmedia":[{"embeddable":true,"href":"https:\/\/repam.org.br\/cop30\/wp-json\/wp\/v2\/media\/15223"}],"wp:attachment":[{"href":"https:\/\/repam.org.br\/cop30\/wp-json\/wp\/v2\/media?parent=15224"}],"wp:term":[{"taxonomy":"category","embeddable":true,"href":"https:\/\/repam.org.br\/cop30\/wp-json\/wp\/v2\/categories?post=15224"},{"taxonomy":"post_tag","embeddable":true,"href":"https:\/\/repam.org.br\/cop30\/wp-json\/wp\/v2\/tags?post=15224"}],"curies":[{"name":"wp","href":"https:\/\/api.w.org\/{rel}","templated":true}]}}