{"id":15228,"date":"2024-11-12T10:41:05","date_gmt":"2024-11-12T13:41:05","guid":{"rendered":"https:\/\/repam.org.br\/cop30\/?p=15228"},"modified":"2024-11-12T12:02:02","modified_gmt":"2024-11-12T15:02:02","slug":"debate-sobre-desafios-e-oportunidades-para-o-reconhecimento-das-comunidades-locais-na-unfccc-na-cop29-em-baku","status":"publish","type":"post","link":"https:\/\/repam.org.br\/cop30\/debate-sobre-desafios-e-oportunidades-para-o-reconhecimento-das-comunidades-locais-na-unfccc-na-cop29-em-baku\/","title":{"rendered":"COP 29: Desafios e Oportunidades para o Reconhecimento das Comunidades Locais na UNFCCC"},"content":{"rendered":"\n<p>Ontem (11\/11), na COP29 em Baku, lideran\u00e7as e organiza\u00e7\u00f5es se reuniram para debater os desafios e oportunidades para o reconhecimento das comunidades locais e tradicionais na Conven\u00e7\u00e3o-Quadro das Na\u00e7\u00f5es Unidas sobre Mudan\u00e7a do Clima (UNFCCC). O encontro contou com a participa\u00e7\u00e3o de representantes como&nbsp;<strong>Selma Dealdina Mbaye<\/strong>, coordenadora pol\u00edtica da&nbsp;<strong>CONAQ<\/strong>;&nbsp;<strong>Cleidiane Vieira<\/strong>, do&nbsp;<strong>Movimento dos Atingidos por Barragens (MAB)<\/strong>;&nbsp;<strong>Gustavo S\u00e1nchez Valle<\/strong>, presidente da&nbsp;<strong>Red MOCAF<\/strong>;&nbsp;<strong>Marco Tulio Scarpelli Cabral<\/strong>, chefe de gabinete da Secretaria de Clima do&nbsp;<strong>MRE<\/strong>;&nbsp;<strong>Selvyn P\u00e9rez Aju<\/strong>, representante da&nbsp;<strong>UTZ Che<\/strong>; e&nbsp;<strong>Vivian Maycruz<\/strong>, do&nbsp;<strong>Minist\u00e9rio do Meio Ambiente da Guatemala<\/strong>.<\/p>\n\n\n\n<figure class=\"wp-block-gallery has-nested-images columns-default is-cropped wp-block-gallery-1 is-layout-flex wp-block-gallery-is-layout-flex\"><\/figure>\n\n\n\n<p><\/p>\n\n\n\n<p>A discuss\u00e3o abordou a import\u00e2ncia de fortalecer a representatividade quilombola e de outras comunidades tradicionais na agenda clim\u00e1tica internacional, garantindo que seus direitos e necessidades sejam considerados nas negocia\u00e7\u00f5es e decis\u00f5es. A&nbsp;<a href=\"https:\/\/ugc.production.linktr.ee\/3c8d28c5-6b8f-47e2-8bda-c1251f7e614d_Carta-Pol-tica-C-pula-dos-Povos-Rumo---COP-30.pdf\">C\u00fapula dos Povos,<\/a>&nbsp;iniciativa independente de movimentos e organiza\u00e7\u00f5es sociais brasileiras, tem atuado como espa\u00e7o de mobiliza\u00e7\u00e3o e articula\u00e7\u00e3o em prol de uma agenda ambiental inclusiva para a pr\u00f3xima COP30, em Bel\u00e9m, em 2025.<\/p>\n\n\n\n<figure class=\"wp-block-image size-large\"><img fetchpriority=\"high\" decoding=\"async\" width=\"1024\" height=\"768\" src=\"https:\/\/repam.org.br\/cop30\/wp-content\/uploads\/2024\/11\/WhatsApp-Image-2024-11-12-at-11.37.32-1024x768.jpeg\" alt=\"\" class=\"wp-image-15247\" srcset=\"https:\/\/repam.org.br\/cop30\/wp-content\/uploads\/2024\/11\/WhatsApp-Image-2024-11-12-at-11.37.32-1024x768.jpeg 1024w, https:\/\/repam.org.br\/cop30\/wp-content\/uploads\/2024\/11\/WhatsApp-Image-2024-11-12-at-11.37.32-300x225.jpeg 300w, https:\/\/repam.org.br\/cop30\/wp-content\/uploads\/2024\/11\/WhatsApp-Image-2024-11-12-at-11.37.32-768x576.jpeg 768w, https:\/\/repam.org.br\/cop30\/wp-content\/uploads\/2024\/11\/WhatsApp-Image-2024-11-12-at-11.37.32-1536x1152.jpeg 1536w, https:\/\/repam.org.br\/cop30\/wp-content\/uploads\/2024\/11\/WhatsApp-Image-2024-11-12-at-11.37.32-2048x1536.jpeg 2048w\" sizes=\"(max-width: 1024px) 100vw, 1024px\" \/><figcaption class=\"wp-element-caption\">Foto: Gabrielle Sodr\u00e9 \/ MAB<\/figcaption><\/figure>\n\n\n\n<p>Cleunice Vieira, representante do Movimento dos Atingidos por Barragens (MAB) e da C\u00fapula dos Povos, esteve presente no painel e comentou ao final as expectativas e demandas do movimento em rela\u00e7\u00e3o \u00e0s negocia\u00e7\u00f5es clim\u00e1ticas.<\/p>\n\n\n\n<p>\u201cEstamos nesse processo de constru\u00e7\u00e3o e fortalecimento da C\u00fapula dos Povos rumo \u00e0 COP30. Nestes dias, participaremos de diversos debates para discutir como est\u00e3o nossos processos de constru\u00e7\u00e3o no Brasil, como estamos promovendo a internacionaliza\u00e7\u00e3o da C\u00fapula, o envolvimento da sociedade civil e como faremos de Bel\u00e9m um espa\u00e7o democr\u00e1tico na luta pela defesa do clima\u201d, afirmou Cleunice, ressaltando a import\u00e2ncia da C\u00fapula dos Povos e das articula\u00e7\u00f5es para a COP30.<br><br>A REPAM-Brasil, como parte da C\u00fapula dos Povos, que re\u00fane mais de 400 organiza\u00e7\u00f5es, est\u00e1 \u00e0 frente da Mobiliza\u00e7\u00e3o dos Povos pela Terra e pelo Clima, projeto de articula\u00e7\u00e3o da REPAM rumo \u00e0 COP 30, com sede em Bel\u00e9m-PA. O objetivo \u00e9 fortalecer a defesa dos territ\u00f3rios e da biodiversidade amaz\u00f4nica, alinhado com os preparativos para a COP30. Este processo de fortalecimento e internacionaliza\u00e7\u00e3o visa estabelecer um plano de a\u00e7\u00e3o robusto em defesa do clima e da justi\u00e7a social, reunindo vozes diversas e comprometidas com uma transi\u00e7\u00e3o sustent\u00e1vel.<\/p>\n\n\n\n<p><\/p>\n","protected":false},"excerpt":{"rendered":"<p>Ontem (11\/11), na COP29 em Baku, lideran\u00e7as e organiza\u00e7\u00f5es se reuniram para debater os desafios e oportunidades para o reconhecimento das comunidades locais e tradicionais na Conven\u00e7\u00e3o-Quadro das Na\u00e7\u00f5es Unidas sobre Mudan\u00e7a do Clima (UNFCCC). O encontro contou com a participa\u00e7\u00e3o de representantes como&nbsp;Selma Dealdina Mbaye, coordenadora pol\u00edtica da&nbsp;CONAQ;&nbsp;Cleidiane Vieira, do&nbsp;Movimento dos Atingidos por Barragens (MAB);&nbsp;Gustavo S\u00e1nchez Valle, presidente da&nbsp;Red MOCAF;&nbsp;Marco Tulio Scarpelli Cabral, chefe de gabinete da Secretaria de Clima do&nbsp;MRE;&nbsp;Selvyn P\u00e9rez Aju, representante da&nbsp;UTZ Che; e&nbsp;Vivian Maycruz, do&nbsp;Minist\u00e9rio do Meio Ambiente da Guatemala. A discuss\u00e3o abordou a import\u00e2ncia de fortalecer a representatividade quilombola e de outras comunidades tradicionais na agenda clim\u00e1tica internacional, garantindo que seus direitos e necessidades sejam considerados nas negocia\u00e7\u00f5es e decis\u00f5es. A&nbsp;C\u00fapula dos Povos,&nbsp;iniciativa independente de movimentos e organiza\u00e7\u00f5es sociais brasileiras, tem atuado como espa\u00e7o de mobiliza\u00e7\u00e3o e articula\u00e7\u00e3o em prol de uma agenda ambiental inclusiva para a pr\u00f3xima COP30, em Bel\u00e9m, em 2025. Cleunice Vieira, representante do Movimento dos Atingidos por Barragens (MAB) e da C\u00fapula dos Povos, esteve presente no painel e comentou ao final as expectativas e demandas do movimento em rela\u00e7\u00e3o \u00e0s negocia\u00e7\u00f5es clim\u00e1ticas. \u201cEstamos nesse processo de constru\u00e7\u00e3o e fortalecimento da C\u00fapula dos Povos rumo \u00e0 COP30. Nestes dias, participaremos de diversos debates para discutir como est\u00e3o nossos processos de constru\u00e7\u00e3o no Brasil, como estamos promovendo a internacionaliza\u00e7\u00e3o da C\u00fapula, o envolvimento da sociedade civil e como faremos de Bel\u00e9m um espa\u00e7o democr\u00e1tico na luta pela defesa do clima\u201d, afirmou Cleunice, ressaltando a import\u00e2ncia da C\u00fapula dos Povos e das articula\u00e7\u00f5es para a COP30. A REPAM-Brasil, como parte da C\u00fapula dos Povos, que re\u00fane mais de 400 organiza\u00e7\u00f5es, est\u00e1 \u00e0 frente da Mobiliza\u00e7\u00e3o dos Povos pela Terra e pelo Clima, projeto de articula\u00e7\u00e3o da REPAM rumo \u00e0 COP 30, com sede em Bel\u00e9m-PA. O objetivo \u00e9 fortalecer a defesa dos territ\u00f3rios e da biodiversidade amaz\u00f4nica, alinhado com os preparativos para a COP30. Este processo de fortalecimento e internacionaliza\u00e7\u00e3o visa estabelecer um plano de a\u00e7\u00e3o robusto em defesa do clima e da justi\u00e7a social, reunindo vozes diversas e comprometidas com uma transi\u00e7\u00e3o sustent\u00e1vel.<\/p>\n","protected":false},"author":3,"featured_media":15244,"comment_status":"closed","ping_status":"open","sticky":false,"template":"","format":"standard","meta":{"footnotes":""},"categories":[5],"tags":[],"class_list":["post-15228","post","type-post","status-publish","format-standard","has-post-thumbnail","hentry","category-noticias"],"rttpg_featured_image_url":{"full":["https:\/\/repam.org.br\/cop30\/wp-content\/uploads\/2024\/11\/WhatsApp-Image-2024-11-12-at-11.37.30-scaled.jpeg",2560,1920,false],"landscape":["https:\/\/repam.org.br\/cop30\/wp-content\/uploads\/2024\/11\/WhatsApp-Image-2024-11-12-at-11.37.30-scaled.jpeg",2560,1920,false],"portraits":["https:\/\/repam.org.br\/cop30\/wp-content\/uploads\/2024\/11\/WhatsApp-Image-2024-11-12-at-11.37.30-scaled.jpeg",2560,1920,false],"thumbnail":["https:\/\/repam.org.br\/cop30\/wp-content\/uploads\/2024\/11\/WhatsApp-Image-2024-11-12-at-11.37.30-150x150.jpeg",150,150,true],"medium":["https:\/\/repam.org.br\/cop30\/wp-content\/uploads\/2024\/11\/WhatsApp-Image-2024-11-12-at-11.37.30-300x225.jpeg",300,225,true],"large":["https:\/\/repam.org.br\/cop30\/wp-content\/uploads\/2024\/11\/WhatsApp-Image-2024-11-12-at-11.37.30-1024x768.jpeg",800,600,true],"1536x1536":["https:\/\/repam.org.br\/cop30\/wp-content\/uploads\/2024\/11\/WhatsApp-Image-2024-11-12-at-11.37.30-1536x1152.jpeg",1536,1152,true],"2048x2048":["https:\/\/repam.org.br\/cop30\/wp-content\/uploads\/2024\/11\/WhatsApp-Image-2024-11-12-at-11.37.30-2048x1536.jpeg",2048,1536,true]},"rttpg_author":{"display_name":"Comunica\u00e7\u00e3o Cop30","author_link":"https:\/\/repam.org.br\/cop30\/author\/comunicacaocop30\/"},"rttpg_comment":0,"rttpg_category":"<a href=\"https:\/\/repam.org.br\/cop30\/category\/noticias\/\" rel=\"category tag\">Not\u00edcias<\/a>","rttpg_excerpt":"Ontem (11\/11), na COP29 em Baku, lideran\u00e7as e organiza\u00e7\u00f5es se reuniram para debater os desafios e oportunidades para o reconhecimento das comunidades locais e tradicionais na Conven\u00e7\u00e3o-Quadro das Na\u00e7\u00f5es Unidas sobre Mudan\u00e7a do Clima (UNFCCC). O encontro contou com a participa\u00e7\u00e3o de representantes como&nbsp;Selma Dealdina Mbaye, coordenadora pol\u00edtica da&nbsp;CONAQ;&nbsp;Cleidiane Vieira, do&nbsp;Movimento dos Atingidos por Barragens&hellip;","_links":{"self":[{"href":"https:\/\/repam.org.br\/cop30\/wp-json\/wp\/v2\/posts\/15228","targetHints":{"allow":["GET"]}}],"collection":[{"href":"https:\/\/repam.org.br\/cop30\/wp-json\/wp\/v2\/posts"}],"about":[{"href":"https:\/\/repam.org.br\/cop30\/wp-json\/wp\/v2\/types\/post"}],"author":[{"embeddable":true,"href":"https:\/\/repam.org.br\/cop30\/wp-json\/wp\/v2\/users\/3"}],"replies":[{"embeddable":true,"href":"https:\/\/repam.org.br\/cop30\/wp-json\/wp\/v2\/comments?post=15228"}],"version-history":[{"count":10,"href":"https:\/\/repam.org.br\/cop30\/wp-json\/wp\/v2\/posts\/15228\/revisions"}],"predecessor-version":[{"id":15252,"href":"https:\/\/repam.org.br\/cop30\/wp-json\/wp\/v2\/posts\/15228\/revisions\/15252"}],"wp:featuredmedia":[{"embeddable":true,"href":"https:\/\/repam.org.br\/cop30\/wp-json\/wp\/v2\/media\/15244"}],"wp:attachment":[{"href":"https:\/\/repam.org.br\/cop30\/wp-json\/wp\/v2\/media?parent=15228"}],"wp:term":[{"taxonomy":"category","embeddable":true,"href":"https:\/\/repam.org.br\/cop30\/wp-json\/wp\/v2\/categories?post=15228"},{"taxonomy":"post_tag","embeddable":true,"href":"https:\/\/repam.org.br\/cop30\/wp-json\/wp\/v2\/tags?post=15228"}],"curies":[{"name":"wp","href":"https:\/\/api.w.org\/{rel}","templated":true}]}}