{"id":15254,"date":"2024-11-12T16:38:33","date_gmt":"2024-11-12T19:38:33","guid":{"rendered":"https:\/\/repam.org.br\/cop30\/?p=15254"},"modified":"2024-11-12T16:39:17","modified_gmt":"2024-11-12T19:39:17","slug":"cupula-dos-povos-vozes-da-america-latina-se-reunem-para-debate-critico-a-cupula-do-g20","status":"publish","type":"post","link":"https:\/\/repam.org.br\/cop30\/cupula-dos-povos-vozes-da-america-latina-se-reunem-para-debate-critico-a-cupula-do-g20\/","title":{"rendered":"C\u00fapula dos Povos: Vozes da Am\u00e9rica Latina se re\u00fanem para debate cr\u00edtico \u00e0 C\u00fapula do G20"},"content":{"rendered":"\n<h5 class=\"wp-block-heading\"><em>Coletivo internacional de entidades realiza mobiliza\u00e7\u00e3o independente e aut\u00f4noma, para um debate cr\u00edtico \u00e0 C\u00fapula de L\u00edderes do G20. Com convidados do Brasil, Am\u00e9rica Latina e Caribe, encontro ser\u00e1 dia (14) &nbsp;partir das 14h, na Associa\u00e7\u00e3o Brasileira de Imprensa (ABI)<\/em><\/h5>\n\n\n\n<h5 class=\"wp-block-heading\">Neste pr\u00f3ximo dia 14 de novembro (quinta-feira), o Rio de Janeiro\u2013RJ sedia a\u00a0<em>C\u00fapula dos Povos frente ao G20<\/em>. O\u00a0 encontro ser\u00e1 das 14h \u00e0s 19h (hor\u00e1rio de Bras\u00edlia), na Associa\u00e7\u00e3o Brasileira de Imprensa (ABI), \u00e0 Rua Ara\u00fajo Porto Alegre n.\u00ba 71, no Centro da capital fluminense. Para participar, \u00e9 necess\u00e1rio inscri\u00e7\u00e3o pr\u00e9via at\u00e9 dia 12\/11\u00a0<a href=\"https:\/\/forms.gle\/MAHtgBPqZjfTovcb8\">clicando aqui<\/a>. Para jornalistas e comunicadores\/as,\u00a0<a href=\"https:\/\/docs.google.com\/forms\/d\/e\/1FAIpQLSeWzBwsIv4gGs4pyavFZgkm1RNsX_9Wkd6ujbde-0YOxcZMTQ\/viewform?usp=sf_link\">acesse o credenciamento de imprensa<\/a>.<\/h5>\n\n\n\n<h5 class=\"wp-block-heading\">A C\u00fapula dos Povos \u00e9 uma atividade aut\u00f4noma e independente, por iniciativa de um coletivo internacional de organiza\u00e7\u00f5es da sociedade civil, redes, sindicatos e movimentos populares. A atividade na ABI ocorre em paralelo \u00e0 programa\u00e7\u00e3o oficial da&nbsp;<em>C\u00fapula de L\u00edderes do G20,&nbsp;<\/em>que vai reunir chefes de Estado e de governo das vinte entre as maiores economias globais (G20), nos 18 e 19 de novembro pr\u00f3ximo, tamb\u00e9m na capital fluminense<\/h5>\n\n\n\n<h5 class=\"wp-block-heading\">Como parte da mobiliza\u00e7\u00e3o, no dia 16 de novembro (s\u00e1bado), o coletivo organizador da C\u00fapula dos Povos realiza a&nbsp;<strong><em>Marcha \u201cPalestina Livre do Rio ao Mar. Fora Imperialismo!\u201d<\/em><\/strong>. A concentra\u00e7\u00e3o \u00e9 a partir das 8h, no Posto 6 da praia de Copacabana, com caminhada at\u00e9 o Posto 3.<\/h5>\n\n\n\n<h5 class=\"wp-block-heading\"><strong>Programa\u00e7\u00e3o<\/strong><\/h5>\n\n\n\n<h5 class=\"wp-block-heading\">No dia 14, na ABI, a partir das 14h, convidadas e convidados de todas as regi\u00f5es do Brasil, pa\u00edses Am\u00e9rica Latina e Caribe participam numa das quatro plen\u00e1rias tem\u00e1ticas que ocorrem simultaneamente:<\/h5>\n\n\n\n<ul class=\"wp-block-list\">\n<li>Plen\u00e1ria 1: Justi\u00e7a Socioambiental e Crise Clim\u00e1tica<\/li>\n\n\n\n<li>Plen\u00e1ria 2: Lutas Antipatriarcais e Antirracistas no enfrentamento \u00e0s desigualdades<\/li>\n\n\n\n<li>Plen\u00e1ria 3: A luta anticapitalista e a governan\u00e7a mundial<\/li>\n\n\n\n<li>Plen\u00e1ria 4: Internacionalismo e a Soberania dos Povos<\/li>\n<\/ul>\n\n\n\n<h5 class=\"wp-block-heading\">\u00c0s 17h, ocorre uma plen\u00e1ria unificada para a partilha dos principais debates e delibera\u00e7\u00f5es realizados durante a tarde nas plen\u00e1rias simult\u00e2neas. A conclus\u00e3o dos trabalhos \u00e9 \u00e0s 18h30, com uma M\u00edstica dos Povos marcando a continuidade da mobiliza\u00e7\u00e3o coletiva rumo \u00e0 Confer\u00eancia do Clima (COP 30), que se realiza em 2025, em Bel\u00e9m (PA). O encerramento tem momento cultural com roda de samba a partir das 19h30, na Rua Alcindo Guanabara, na Cinel\u00e2ndia, regi\u00e3o central do Rio de Janeiro.<\/h5>\n\n\n\n<h5 class=\"wp-block-heading\"><strong>Sobre a C\u00fapula dos Povos frente ao G20<\/strong><\/h5>\n\n\n\n<h5 class=\"wp-block-heading\">Da mesma forma que na C\u00fapula dos Povos da Rio+20, em 2012, o coletivo de entidades que articulam a mobiliza\u00e7\u00e3o neste 2024 tem como objetivo disputar a agenda e promover um debate cr\u00edtico \u00e0 C\u00fapula do G20, buscar a constru\u00e7\u00e3o de alternativas frente aos desafios da conjuntura e denunciar as falsas solu\u00e7\u00f5es propostas pelos pa\u00edses membros do Grupo dos 20 para as m\u00faltiplas crises da atualidade.<\/h5>\n\n\n\n<h5 class=\"wp-block-heading\">Al\u00e9m de apontar as contradi\u00e7\u00f5es do G20 e sua parcela de responsabilidade na produ\u00e7\u00e3o de desigualdade social e econ\u00f4mica no planeta, tamb\u00e9m s\u00e3o bandeiras das organiza\u00e7\u00f5es e dos movimentos populares temas como a urg\u00eancia de novas abordagens \u00e0 quest\u00e3o ambiental; a luta antirracista; e a solidariedade internacional, como no caso do povo palestino e a situa\u00e7\u00e3o na Faixa de Gaza.<\/h5>\n\n\n\n<h5 class=\"wp-block-heading\">O processo organizativo vem sendo constru\u00eddo coletivamente desde o in\u00edcio do ano, com o lan\u00e7amento oficial da C\u00fapula dos Povos no \u00faltimo 14 de setembro, com caminhada e ato p\u00fablico na Via \u00c1pia da Rocinha.<\/h5>\n\n\n\n<h5 class=\"wp-block-heading\"><strong>SERVI\u00c7O<\/strong><\/h5>\n\n\n\n<h5 class=\"wp-block-heading\"><strong>C\u00fapula dos Povos Frente ao G20<br>Dia:&nbsp;<\/strong>14 de novembro de 2024 (quinta-feira)<br><strong>Hora:<\/strong>&nbsp;14h \u00e0s 19h (hor\u00e1rio de Bras\u00edlia)<\/h5>\n\n\n\n<h5 class=\"wp-block-heading\"><strong>Local:<\/strong>&nbsp;Associa\u00e7\u00e3o Brasileira de Imprensa \u2013 ABI<br>Rua Ara\u00fajo Porto Alegre n\u00ba 71 \u2013 Centro \u2013 Rio de Janeiro<\/h5>\n\n\n\n<h5 class=\"wp-block-heading\">Inscri\u00e7\u00e3o de participantes&nbsp;<a href=\"https:\/\/forms.gle\/MAHtgBPqZjfTovcb8\">clicando aqui.<\/a><br>Para jornalistas e comunicadores\/as,&nbsp;<a href=\"https:\/\/docs.google.com\/forms\/d\/e\/1FAIpQLSeWzBwsIv4gGs4pyavFZgkm1RNsX_9Wkd6ujbde-0YOxcZMTQ\/viewform?usp=sf_link\">acesse o credenciamento de imprensa<\/a>.<\/h5>\n\n\n\n<h5 class=\"wp-block-heading\"><strong>Marcha \u201cPela vida acima do lucro: povos e natureza n\u00e3o est\u00e3o \u00e0 venda\u201d<\/strong><\/h5>\n\n\n\n<h5 class=\"wp-block-heading\">16 de novembro de 2024 (s\u00e1bado)<br>Concentra\u00e7\u00e3o a partir das 8h no Posto 6 \u2013 Copacabana \u2013 Rio de Janeiro<\/h5>\n\n\n\n<p>*Mat\u00e9ria publicada na <a href=\"https:\/\/cepastcnbb.org.br\/cupula-dos-povos-vozes-da-america-latina-se-reunem-para-debate-critico-a-cupula-do-g20\/\">CNBB<\/a><\/p>\n\n\n\n<p><\/p>\n","protected":false},"excerpt":{"rendered":"<p>Coletivo internacional de entidades realiza mobiliza\u00e7\u00e3o independente e aut\u00f4noma, para um debate cr\u00edtico \u00e0 C\u00fapula de L\u00edderes do G20. Com convidados do Brasil, Am\u00e9rica Latina e Caribe, encontro ser\u00e1 dia (14) &nbsp;partir das 14h, na Associa\u00e7\u00e3o Brasileira de Imprensa (ABI) Neste pr\u00f3ximo dia 14 de novembro (quinta-feira), o Rio de Janeiro\u2013RJ sedia a\u00a0C\u00fapula dos Povos frente ao G20. O\u00a0 encontro ser\u00e1 das 14h \u00e0s 19h (hor\u00e1rio de Bras\u00edlia), na Associa\u00e7\u00e3o Brasileira de Imprensa (ABI), \u00e0 Rua Ara\u00fajo Porto Alegre n.\u00ba 71, no Centro da capital fluminense. Para participar, \u00e9 necess\u00e1rio inscri\u00e7\u00e3o pr\u00e9via at\u00e9 dia 12\/11\u00a0clicando aqui. Para jornalistas e comunicadores\/as,\u00a0acesse o credenciamento de imprensa. A C\u00fapula dos Povos \u00e9 uma atividade aut\u00f4noma e independente, por iniciativa de um coletivo internacional de organiza\u00e7\u00f5es da sociedade civil, redes, sindicatos e movimentos populares. A atividade na ABI ocorre em paralelo \u00e0 programa\u00e7\u00e3o oficial da&nbsp;C\u00fapula de L\u00edderes do G20,&nbsp;que vai reunir chefes de Estado e de governo das vinte entre as maiores economias globais (G20), nos 18 e 19 de novembro pr\u00f3ximo, tamb\u00e9m na capital fluminense Como parte da mobiliza\u00e7\u00e3o, no dia 16 de novembro (s\u00e1bado), o coletivo organizador da C\u00fapula dos Povos realiza a&nbsp;Marcha \u201cPalestina Livre do Rio ao Mar. Fora Imperialismo!\u201d. A concentra\u00e7\u00e3o \u00e9 a partir das 8h, no Posto 6 da praia de Copacabana, com caminhada at\u00e9 o Posto 3. Programa\u00e7\u00e3o No dia 14, na ABI, a partir das 14h, convidadas e convidados de todas as regi\u00f5es do Brasil, pa\u00edses Am\u00e9rica Latina e Caribe participam numa das quatro plen\u00e1rias tem\u00e1ticas que ocorrem simultaneamente: \u00c0s 17h, ocorre uma plen\u00e1ria unificada para a partilha dos principais debates e delibera\u00e7\u00f5es realizados durante a tarde nas plen\u00e1rias simult\u00e2neas. A conclus\u00e3o dos trabalhos \u00e9 \u00e0s 18h30, com uma M\u00edstica dos Povos marcando a continuidade da mobiliza\u00e7\u00e3o coletiva rumo \u00e0 Confer\u00eancia do Clima (COP 30), que se realiza em 2025, em Bel\u00e9m (PA). O encerramento tem momento cultural com roda de samba a partir das 19h30, na Rua Alcindo Guanabara, na Cinel\u00e2ndia, regi\u00e3o central do Rio de Janeiro. Sobre a C\u00fapula dos Povos frente ao G20 Da mesma forma que na C\u00fapula dos Povos da Rio+20, em 2012, o coletivo de entidades que articulam a mobiliza\u00e7\u00e3o neste 2024 tem como objetivo disputar a agenda e promover um debate cr\u00edtico \u00e0 C\u00fapula do G20, buscar a constru\u00e7\u00e3o de alternativas frente aos desafios da conjuntura e denunciar as falsas solu\u00e7\u00f5es propostas pelos pa\u00edses membros do Grupo dos 20 para as m\u00faltiplas crises da atualidade. Al\u00e9m de apontar as contradi\u00e7\u00f5es do G20 e sua parcela de responsabilidade na produ\u00e7\u00e3o de desigualdade social e econ\u00f4mica no planeta, tamb\u00e9m s\u00e3o bandeiras das organiza\u00e7\u00f5es e dos movimentos populares temas como a urg\u00eancia de novas abordagens \u00e0 quest\u00e3o ambiental; a luta antirracista; e a solidariedade internacional, como no caso do povo palestino e a situa\u00e7\u00e3o na Faixa de Gaza. O processo organizativo vem sendo constru\u00eddo coletivamente desde o in\u00edcio do ano, com o lan\u00e7amento oficial da C\u00fapula dos Povos no \u00faltimo 14 de setembro, com caminhada e ato p\u00fablico na Via \u00c1pia da Rocinha. SERVI\u00c7O C\u00fapula dos Povos Frente ao G20Dia:&nbsp;14 de novembro de 2024 (quinta-feira)Hora:&nbsp;14h \u00e0s 19h (hor\u00e1rio de Bras\u00edlia) Local:&nbsp;Associa\u00e7\u00e3o Brasileira de Imprensa \u2013 ABIRua Ara\u00fajo Porto Alegre n\u00ba 71 \u2013 Centro \u2013 Rio de Janeiro Inscri\u00e7\u00e3o de participantes&nbsp;clicando aqui.Para jornalistas e comunicadores\/as,&nbsp;acesse o credenciamento de imprensa. Marcha \u201cPela vida acima do lucro: povos e natureza n\u00e3o est\u00e3o \u00e0 venda\u201d 16 de novembro de 2024 (s\u00e1bado)Concentra\u00e7\u00e3o a partir das 8h no Posto 6 \u2013 Copacabana \u2013 Rio de Janeiro *Mat\u00e9ria publicada na CNBB<\/p>\n","protected":false},"author":3,"featured_media":15255,"comment_status":"closed","ping_status":"open","sticky":false,"template":"","format":"standard","meta":{"footnotes":""},"categories":[5],"tags":[],"class_list":["post-15254","post","type-post","status-publish","format-standard","has-post-thumbnail","hentry","category-noticias"],"rttpg_featured_image_url":{"full":["https:\/\/repam.org.br\/cop30\/wp-content\/uploads\/2024\/11\/cupula-dos-povos-G20.png",1283,634,false],"landscape":["https:\/\/repam.org.br\/cop30\/wp-content\/uploads\/2024\/11\/cupula-dos-povos-G20.png",1283,634,false],"portraits":["https:\/\/repam.org.br\/cop30\/wp-content\/uploads\/2024\/11\/cupula-dos-povos-G20.png",1283,634,false],"thumbnail":["https:\/\/repam.org.br\/cop30\/wp-content\/uploads\/2024\/11\/cupula-dos-povos-G20-150x150.png",150,150,true],"medium":["https:\/\/repam.org.br\/cop30\/wp-content\/uploads\/2024\/11\/cupula-dos-povos-G20-300x148.png",300,148,true],"large":["https:\/\/repam.org.br\/cop30\/wp-content\/uploads\/2024\/11\/cupula-dos-povos-G20-1024x506.png",800,395,true],"1536x1536":["https:\/\/repam.org.br\/cop30\/wp-content\/uploads\/2024\/11\/cupula-dos-povos-G20.png",1283,634,false],"2048x2048":["https:\/\/repam.org.br\/cop30\/wp-content\/uploads\/2024\/11\/cupula-dos-povos-G20.png",1283,634,false]},"rttpg_author":{"display_name":"Comunica\u00e7\u00e3o Cop30","author_link":"https:\/\/repam.org.br\/cop30\/author\/comunicacaocop30\/"},"rttpg_comment":0,"rttpg_category":"<a href=\"https:\/\/repam.org.br\/cop30\/category\/noticias\/\" rel=\"category tag\">Not\u00edcias<\/a>","rttpg_excerpt":"Coletivo internacional de entidades realiza mobiliza\u00e7\u00e3o independente e aut\u00f4noma, para um debate cr\u00edtico \u00e0 C\u00fapula de L\u00edderes do G20. Com convidados do Brasil, Am\u00e9rica Latina e Caribe, encontro ser\u00e1 dia (14) &nbsp;partir das 14h, na Associa\u00e7\u00e3o Brasileira de Imprensa (ABI) Neste pr\u00f3ximo dia 14 de novembro (quinta-feira), o Rio de Janeiro\u2013RJ sedia a\u00a0C\u00fapula dos Povos&hellip;","_links":{"self":[{"href":"https:\/\/repam.org.br\/cop30\/wp-json\/wp\/v2\/posts\/15254","targetHints":{"allow":["GET"]}}],"collection":[{"href":"https:\/\/repam.org.br\/cop30\/wp-json\/wp\/v2\/posts"}],"about":[{"href":"https:\/\/repam.org.br\/cop30\/wp-json\/wp\/v2\/types\/post"}],"author":[{"embeddable":true,"href":"https:\/\/repam.org.br\/cop30\/wp-json\/wp\/v2\/users\/3"}],"replies":[{"embeddable":true,"href":"https:\/\/repam.org.br\/cop30\/wp-json\/wp\/v2\/comments?post=15254"}],"version-history":[{"count":2,"href":"https:\/\/repam.org.br\/cop30\/wp-json\/wp\/v2\/posts\/15254\/revisions"}],"predecessor-version":[{"id":15257,"href":"https:\/\/repam.org.br\/cop30\/wp-json\/wp\/v2\/posts\/15254\/revisions\/15257"}],"wp:featuredmedia":[{"embeddable":true,"href":"https:\/\/repam.org.br\/cop30\/wp-json\/wp\/v2\/media\/15255"}],"wp:attachment":[{"href":"https:\/\/repam.org.br\/cop30\/wp-json\/wp\/v2\/media?parent=15254"}],"wp:term":[{"taxonomy":"category","embeddable":true,"href":"https:\/\/repam.org.br\/cop30\/wp-json\/wp\/v2\/categories?post=15254"},{"taxonomy":"post_tag","embeddable":true,"href":"https:\/\/repam.org.br\/cop30\/wp-json\/wp\/v2\/tags?post=15254"}],"curies":[{"name":"wp","href":"https:\/\/api.w.org\/{rel}","templated":true}]}}