{"id":15276,"date":"2024-11-15T09:50:18","date_gmt":"2024-11-15T12:50:18","guid":{"rendered":"https:\/\/repam.org.br\/cop30\/?p=15276"},"modified":"2024-11-18T09:50:47","modified_gmt":"2024-11-18T12:50:47","slug":"encontro-internacional-da-cupula-dos-povos-rumo-a-cop-30","status":"publish","type":"post","link":"https:\/\/repam.org.br\/cop30\/encontro-internacional-da-cupula-dos-povos-rumo-a-cop-30\/","title":{"rendered":"Encontro Internacional da C\u00fapula dos Povos rumo \u00e0 COP-30"},"content":{"rendered":"\n<p>Durante a COP-29, convidamos todos os movimentos e organiza\u00e7\u00f5es comprometidos com a justi\u00e7a clim\u00e1tica para nosso primeiro encontro de articula\u00e7\u00e3o da <strong>C\u00fapula dos Povos rumo \u00e0 COP-30<\/strong>. Este momento \u00e9 fundamental para fortalecer a mobiliza\u00e7\u00e3o global, alavancar estrat\u00e9gias coletivas e garantir uma presen\u00e7a unificada na luta por um futuro sustent\u00e1vel e justo.<\/p>\n\n\n\n<p>Nosso olhar j\u00e1 se volta para Bel\u00e9m (PA), Brasil, onde, em 2025, ser\u00e1 realizada a COP-30, e reafirmaremos nossos compromissos com a justi\u00e7a clim\u00e1tica e social. Este encontro em Baku representa um passo importante para construir uma presen\u00e7a ativa e influente nos espa\u00e7os de decis\u00e3o clim\u00e1tica, garantindo que as vozes dos povos sejam efetivamente ouvidas.<\/p>\n\n\n\n<p><strong>Data:<\/strong> 15 de novembro<br><strong>Hora:<\/strong> 16:00 &#8211; 17:00 (Hor\u00e1rio de Baku)<br><strong>Local:<\/strong> Meeting Room 16, \u00c1rea C, Blue Zone, COP-29, Baku<\/p>\n\n\n\n<p>Junte-se a n\u00f3s nessa jornada por uma transforma\u00e7\u00e3o clim\u00e1tica e social real!<\/p>\n","protected":false},"excerpt":{"rendered":"<p>Durante a COP-29, convidamos todos os movimentos e organiza\u00e7\u00f5es comprometidos com a justi\u00e7a clim\u00e1tica para nosso primeiro encontro de articula\u00e7\u00e3o da C\u00fapula dos Povos rumo \u00e0 COP-30. Este momento \u00e9 fundamental para fortalecer a mobiliza\u00e7\u00e3o global, alavancar estrat\u00e9gias coletivas e garantir uma presen\u00e7a unificada na luta por um futuro sustent\u00e1vel e justo. Nosso olhar j\u00e1 se volta para Bel\u00e9m (PA), Brasil, onde, em 2025, ser\u00e1 realizada a COP-30, e reafirmaremos nossos compromissos com a justi\u00e7a clim\u00e1tica e social. Este encontro em Baku representa um passo importante para construir uma presen\u00e7a ativa e influente nos espa\u00e7os de decis\u00e3o clim\u00e1tica, garantindo que as vozes dos povos sejam efetivamente ouvidas. Data: 15 de novembroHora: 16:00 &#8211; 17:00 (Hor\u00e1rio de Baku)Local: Meeting Room 16, \u00c1rea C, Blue Zone, COP-29, Baku Junte-se a n\u00f3s nessa jornada por uma transforma\u00e7\u00e3o clim\u00e1tica e social real!<\/p>\n","protected":false},"author":3,"featured_media":15265,"comment_status":"closed","ping_status":"open","sticky":false,"template":"","format":"standard","meta":{"footnotes":""},"categories":[5],"tags":[],"class_list":["post-15276","post","type-post","status-publish","format-standard","has-post-thumbnail","hentry","category-noticias"],"rttpg_featured_image_url":{"full":["https:\/\/repam.org.br\/cop30\/wp-content\/uploads\/2024\/11\/WhatsApp-Image-2024-11-14-at-15.26.54.jpeg",1080,1080,false],"landscape":["https:\/\/repam.org.br\/cop30\/wp-content\/uploads\/2024\/11\/WhatsApp-Image-2024-11-14-at-15.26.54.jpeg",1080,1080,false],"portraits":["https:\/\/repam.org.br\/cop30\/wp-content\/uploads\/2024\/11\/WhatsApp-Image-2024-11-14-at-15.26.54.jpeg",1080,1080,false],"thumbnail":["https:\/\/repam.org.br\/cop30\/wp-content\/uploads\/2024\/11\/WhatsApp-Image-2024-11-14-at-15.26.54-150x150.jpeg",150,150,true],"medium":["https:\/\/repam.org.br\/cop30\/wp-content\/uploads\/2024\/11\/WhatsApp-Image-2024-11-14-at-15.26.54-300x300.jpeg",300,300,true],"large":["https:\/\/repam.org.br\/cop30\/wp-content\/uploads\/2024\/11\/WhatsApp-Image-2024-11-14-at-15.26.54-1024x1024.jpeg",800,800,true],"1536x1536":["https:\/\/repam.org.br\/cop30\/wp-content\/uploads\/2024\/11\/WhatsApp-Image-2024-11-14-at-15.26.54.jpeg",1080,1080,false],"2048x2048":["https:\/\/repam.org.br\/cop30\/wp-content\/uploads\/2024\/11\/WhatsApp-Image-2024-11-14-at-15.26.54.jpeg",1080,1080,false]},"rttpg_author":{"display_name":"Comunica\u00e7\u00e3o Cop30","author_link":"https:\/\/repam.org.br\/cop30\/author\/comunicacaocop30\/"},"rttpg_comment":0,"rttpg_category":"<a href=\"https:\/\/repam.org.br\/cop30\/category\/noticias\/\" rel=\"category tag\">Not\u00edcias<\/a>","rttpg_excerpt":"Durante a COP-29, convidamos todos os movimentos e organiza\u00e7\u00f5es comprometidos com a justi\u00e7a clim\u00e1tica para nosso primeiro encontro de articula\u00e7\u00e3o da C\u00fapula dos Povos rumo \u00e0 COP-30. Este momento \u00e9 fundamental para fortalecer a mobiliza\u00e7\u00e3o global, alavancar estrat\u00e9gias coletivas e garantir uma presen\u00e7a unificada na luta por um futuro sustent\u00e1vel e justo. Nosso olhar j\u00e1&hellip;","_links":{"self":[{"href":"https:\/\/repam.org.br\/cop30\/wp-json\/wp\/v2\/posts\/15276","targetHints":{"allow":["GET"]}}],"collection":[{"href":"https:\/\/repam.org.br\/cop30\/wp-json\/wp\/v2\/posts"}],"about":[{"href":"https:\/\/repam.org.br\/cop30\/wp-json\/wp\/v2\/types\/post"}],"author":[{"embeddable":true,"href":"https:\/\/repam.org.br\/cop30\/wp-json\/wp\/v2\/users\/3"}],"replies":[{"embeddable":true,"href":"https:\/\/repam.org.br\/cop30\/wp-json\/wp\/v2\/comments?post=15276"}],"version-history":[{"count":1,"href":"https:\/\/repam.org.br\/cop30\/wp-json\/wp\/v2\/posts\/15276\/revisions"}],"predecessor-version":[{"id":15299,"href":"https:\/\/repam.org.br\/cop30\/wp-json\/wp\/v2\/posts\/15276\/revisions\/15299"}],"wp:featuredmedia":[{"embeddable":true,"href":"https:\/\/repam.org.br\/cop30\/wp-json\/wp\/v2\/media\/15265"}],"wp:attachment":[{"href":"https:\/\/repam.org.br\/cop30\/wp-json\/wp\/v2\/media?parent=15276"}],"wp:term":[{"taxonomy":"category","embeddable":true,"href":"https:\/\/repam.org.br\/cop30\/wp-json\/wp\/v2\/categories?post=15276"},{"taxonomy":"post_tag","embeddable":true,"href":"https:\/\/repam.org.br\/cop30\/wp-json\/wp\/v2\/tags?post=15276"}],"curies":[{"name":"wp","href":"https:\/\/api.w.org\/{rel}","templated":true}]}}