{"id":15278,"date":"2024-11-15T10:32:04","date_gmt":"2024-11-15T13:32:04","guid":{"rendered":"https:\/\/repam.org.br\/cop30\/?p=15278"},"modified":"2024-11-18T12:52:57","modified_gmt":"2024-11-18T15:52:57","slug":"1o-encontro-da-juventude-indigena-na-aldeia-yeta-identidade-e-resistencia-em-foco","status":"publish","type":"post","link":"https:\/\/repam.org.br\/cop30\/1o-encontro-da-juventude-indigena-na-aldeia-yeta-identidade-e-resistencia-em-foco\/","title":{"rendered":"1\u00ba Encontro da Juventude Ind\u00edgena na Aldeia Yet\u00e1: Identidade e Resist\u00eancia em Foco"},"content":{"rendered":"\n<p class=\"has-medium-font-size\"><\/p>\n\n\n\n<figure class=\"wp-block-image size-full\"><img decoding=\"async\" src=\"https:\/\/repam.org.br\/cop30\/wp-content\/uploads\/2024\/11\/IMG_5339-1.heic\" alt=\"\" class=\"wp-image-15320\"\/><\/figure>\n\n\n\n<p class=\"has-medium-font-size\"><em><strong>Mobiliza\u00e7\u00e3o dos Povos pela Terra e pelo Clima, da REPAM, debate a constru\u00e7\u00e3o de pautas coletivas rumo \u00e0 COP30 em 2025.<\/strong><\/em><\/p>\n\n\n\n<p>Ontem, 14 de novembro, na Aldeia Yet\u00e1, situada na Terra Ind\u00edgena Soror\u00f3, teve in\u00edcio o 1\u00ba Encontro da Juventude Ind\u00edgena, reunindo mais de 70 participantes. Sob o tema \u201cIdentidade e Resist\u00eancia: Tecendo Redes na Garantia de Direitos\u201d, o evento consolidou-se como um marco na mobiliza\u00e7\u00e3o dos jovens ind\u00edgenas Aikewara Suru\u00ed, fortalecendo suas vozes e reafirmando a import\u00e2ncia de sua cultura e territ\u00f3rio.&nbsp;&nbsp;<\/p>\n\n\n\n<p class=\"has-medium-font-size\"><strong>Identidade e Cultura&nbsp;&nbsp;<\/strong><\/p>\n\n\n\n<p>A abertura contou com breve apresenta\u00e7\u00e3o das lideran\u00e7as de cada aldeia, destacando o papel da juventude na preserva\u00e7\u00e3o da cultura e na luta por direitos. O cacique Abil Suru\u00ed, da Aldeia Yet\u00e1, enfatizou que o encontro era um sonho antigo, finalmente concretizado. &#8220;Os ataques aos povos ind\u00edgenas s\u00e3o constantes. Se n\u00e3o nos prepararmos, seremos atropelados\u201d, ressalta.&nbsp;<\/p>\n\n\n\n<p>A Mesa 1, intitulada \u201cIdentidade da Juventude Ind\u00edgena Aikewara Suru\u00ed: Desafios e Pot\u00eancias Ancestrais nas Redes Sociais\u201d, contou com lideran\u00e7as como o cacique Abias, Matania Suru\u00ed e Monete Suru\u00ed. Eles ressaltaram o papel das redes sociais como ferramentas de fortalecimento cultural, alertando sobre o impacto da modernidade na identidade ind\u00edgena.&nbsp;&nbsp;<\/p>\n\n\n\n<p>Monete Suru\u00ed destacou a import\u00e2ncia da conex\u00e3o com a ancestralidade. &#8220;Nossa terra era grande, hoje est\u00e1 menor. Precisamos trazer os mais velhos para as escolas e reuni\u00f5es. Saber de onde viemos fortalece nossa identidade e nos prepara para o futuro.&#8221;&nbsp;&nbsp;<\/p>\n\n\n\n<p class=\"has-medium-font-size\"><strong>Clima e Justi\u00e7a Ambiental&nbsp;&nbsp;<\/strong><\/p>\n\n\n\n<p>Na Mesa 2, \u201cCOP30 e Crise Clim\u00e1tica: Estrat\u00e9gias de comunica\u00e7\u00e3o como visibilidade nas redes sociais\u201d, temas como mudan\u00e7as clim\u00e1ticas e a participa\u00e7\u00e3o dos povos ind\u00edgenas nas decis\u00f5es globais foram abordados. Rafael Martins , procurador do Minist\u00e9rio P\u00fablico Federal falou do papel do MPF em garantir os direitos previstos na constitui\u00e7\u00e3o os povos ind\u00edgenas e colocou como agenda a constru\u00e7\u00e3o de um documento de consulta das demandas territ\u00f3riais para a COP 30.<\/p>\n\n\n\n<p>Discutiu-se tamb\u00e9m a import\u00e2ncia da COP30, que ocorrer\u00e1 em Bel\u00e9m, destacando a necessidade de estrat\u00e9gias para garantir que as vozes ind\u00edgenas sejam ouvidas, assim como uma coalis\u00e3o de for\u00e7as para garantir que a COP seja um espa\u00e7o popular de escuta dos povos.&nbsp;<\/p>\n\n\n\n<p>\u201cIniciamos um processo de enraizamento da mobiliza\u00e7\u00e3o para construir uma articula\u00e7\u00e3o antes, durante e depois da COP 30. Esse encontro \u00e9 fundamental, e o papel da juventude nas discuss\u00f5es clim\u00e1ticas \u00e9 essencial nesse contexto. Pensar em como ampliar a comunica\u00e7\u00e3o territorial tamb\u00e9m \u00e9 uma prioridade. Sabemos que os espa\u00e7os de decis\u00e3o da COP s\u00e3o restritos, mas, como Mobiliza\u00e7\u00e3o, ao lado de outros movimentos e coaliz\u00f5es, estamos construindo um processo que envia uma mensagem clara aos tomadores de decis\u00e3o: parte das estrat\u00e9gias e solu\u00e7\u00f5es para enfrentar a crise clim\u00e1tica devem partir dos territ\u00f3rios.\u201d disse Joana Menezes, articuladora da REPAM rumo \u00e0 COP 30.<\/p>\n\n\n\n<p>Mayara Silva, da Comunica\u00e7\u00e3o da Mobiliza\u00e7\u00e3o rumo \u00e0 COP 30, destacou a import\u00e2ncia de democratizar a informa\u00e7\u00e3o sobre o que \u00e9 uma COP e levar essas informa\u00e7\u00f5es de forma mais acess\u00edvel \u00e0s bases. \u201cParticipar da C\u00fapula dos Povos, que est\u00e1 reunindo mais de 400 organiza\u00e7\u00f5es, construindo documento colaborativo \u00e9 uma maneira da gente tentar construir pautas que atinjam a todos e que a gente possa levar pro governo\u201d, ressalta Mayara Silva.&nbsp;<\/p>\n\n\n\n<p>O 1\u00ba Encontro da Juventude Ind\u00edgena acontece at\u00e9 o dia 15 de novembro, e refor\u00e7a que a juventude Aikewara Suru\u00ed est\u00e1 unida na defesa de sua identidade, cultura e direitos, tecendo redes de resist\u00eancia que ecoar\u00e3o por gera\u00e7\u00f5es.&nbsp;&nbsp;<\/p>\n\n\n\n<figure class=\"wp-block-gallery has-nested-images columns-default is-cropped wp-block-gallery-1 is-layout-flex wp-block-gallery-is-layout-flex\">\n<figure class=\"wp-block-image size-full\"><img decoding=\"async\" data-id=\"15312\" src=\"https:\/\/repam.org.br\/cop30\/wp-content\/uploads\/2024\/11\/IMG_4982.heic\" alt=\"\" class=\"wp-image-15312\"\/><\/figure>\n\n\n\n<figure class=\"wp-block-image size-full\"><img decoding=\"async\" data-id=\"15311\" src=\"https:\/\/repam.org.br\/cop30\/wp-content\/uploads\/2024\/11\/IMG_4893.heic\" alt=\"\" class=\"wp-image-15311\"\/><\/figure>\n\n\n\n<figure class=\"wp-block-image size-large\"><img decoding=\"async\" data-id=\"15284\" src=\"https:\/\/repam.org.br\/cop30\/wp-content\/uploads\/2024\/11\/IMG_4995-1.heic\" alt=\"\" class=\"wp-image-15284\"\/><\/figure>\n\n\n\n<figure class=\"wp-block-image size-large\"><img decoding=\"async\" data-id=\"15283\" src=\"https:\/\/repam.org.br\/cop30\/wp-content\/uploads\/2024\/11\/IMG_5014.heic\" alt=\"\" class=\"wp-image-15283\"\/><\/figure>\n\n\n\n<figure class=\"wp-block-image size-full\"><img decoding=\"async\" data-id=\"15315\" src=\"https:\/\/repam.org.br\/cop30\/wp-content\/uploads\/2024\/11\/IMG_5042.heic\" alt=\"\" class=\"wp-image-15315\"\/><\/figure>\n<\/figure>\n","protected":false},"excerpt":{"rendered":"<p>Mobiliza\u00e7\u00e3o dos Povos pela Terra e pelo Clima, da REPAM, debate a constru\u00e7\u00e3o de pautas coletivas rumo \u00e0 COP30 em 2025. Ontem, 14 de novembro, na Aldeia Yet\u00e1, situada na Terra Ind\u00edgena Soror\u00f3, teve in\u00edcio o 1\u00ba Encontro da Juventude Ind\u00edgena, reunindo mais de 70 participantes. Sob o tema \u201cIdentidade e Resist\u00eancia: Tecendo Redes na Garantia de Direitos\u201d, o evento consolidou-se como um marco na mobiliza\u00e7\u00e3o dos jovens ind\u00edgenas Aikewara Suru\u00ed, fortalecendo suas vozes e reafirmando a import\u00e2ncia de sua cultura e territ\u00f3rio.&nbsp;&nbsp; Identidade e Cultura&nbsp;&nbsp; A abertura contou com breve apresenta\u00e7\u00e3o das lideran\u00e7as de cada aldeia, destacando o papel da juventude na preserva\u00e7\u00e3o da cultura e na luta por direitos. O cacique Abil Suru\u00ed, da Aldeia Yet\u00e1, enfatizou que o encontro era um sonho antigo, finalmente concretizado. &#8220;Os ataques aos povos ind\u00edgenas s\u00e3o constantes. Se n\u00e3o nos prepararmos, seremos atropelados\u201d, ressalta.&nbsp; A Mesa 1, intitulada \u201cIdentidade da Juventude Ind\u00edgena Aikewara Suru\u00ed: Desafios e Pot\u00eancias Ancestrais nas Redes Sociais\u201d, contou com lideran\u00e7as como o cacique Abias, Matania Suru\u00ed e Monete Suru\u00ed. Eles ressaltaram o papel das redes sociais como ferramentas de fortalecimento cultural, alertando sobre o impacto da modernidade na identidade ind\u00edgena.&nbsp;&nbsp; Monete Suru\u00ed destacou a import\u00e2ncia da conex\u00e3o com a ancestralidade. &#8220;Nossa terra era grande, hoje est\u00e1 menor. Precisamos trazer os mais velhos para as escolas e reuni\u00f5es. Saber de onde viemos fortalece nossa identidade e nos prepara para o futuro.&#8221;&nbsp;&nbsp; Clima e Justi\u00e7a Ambiental&nbsp;&nbsp; Na Mesa 2, \u201cCOP30 e Crise Clim\u00e1tica: Estrat\u00e9gias de comunica\u00e7\u00e3o como visibilidade nas redes sociais\u201d, temas como mudan\u00e7as clim\u00e1ticas e a participa\u00e7\u00e3o dos povos ind\u00edgenas nas decis\u00f5es globais foram abordados. Rafael Martins , procurador do Minist\u00e9rio P\u00fablico Federal falou do papel do MPF em garantir os direitos previstos na constitui\u00e7\u00e3o os povos ind\u00edgenas e colocou como agenda a constru\u00e7\u00e3o de um documento de consulta das demandas territ\u00f3riais para a COP 30. Discutiu-se tamb\u00e9m a import\u00e2ncia da COP30, que ocorrer\u00e1 em Bel\u00e9m, destacando a necessidade de estrat\u00e9gias para garantir que as vozes ind\u00edgenas sejam ouvidas, assim como uma coalis\u00e3o de for\u00e7as para garantir que a COP seja um espa\u00e7o popular de escuta dos povos.&nbsp; \u201cIniciamos um processo de enraizamento da mobiliza\u00e7\u00e3o para construir uma articula\u00e7\u00e3o antes, durante e depois da COP 30. Esse encontro \u00e9 fundamental, e o papel da juventude nas discuss\u00f5es clim\u00e1ticas \u00e9 essencial nesse contexto. Pensar em como ampliar a comunica\u00e7\u00e3o territorial tamb\u00e9m \u00e9 uma prioridade. Sabemos que os espa\u00e7os de decis\u00e3o da COP s\u00e3o restritos, mas, como Mobiliza\u00e7\u00e3o, ao lado de outros movimentos e coaliz\u00f5es, estamos construindo um processo que envia uma mensagem clara aos tomadores de decis\u00e3o: parte das estrat\u00e9gias e solu\u00e7\u00f5es para enfrentar a crise clim\u00e1tica devem partir dos territ\u00f3rios.\u201d disse Joana Menezes, articuladora da REPAM rumo \u00e0 COP 30. Mayara Silva, da Comunica\u00e7\u00e3o da Mobiliza\u00e7\u00e3o rumo \u00e0 COP 30, destacou a import\u00e2ncia de democratizar a informa\u00e7\u00e3o sobre o que \u00e9 uma COP e levar essas informa\u00e7\u00f5es de forma mais acess\u00edvel \u00e0s bases. \u201cParticipar da C\u00fapula dos Povos, que est\u00e1 reunindo mais de 400 organiza\u00e7\u00f5es, construindo documento colaborativo \u00e9 uma maneira da gente tentar construir pautas que atinjam a todos e que a gente possa levar pro governo\u201d, ressalta Mayara Silva.&nbsp; O 1\u00ba Encontro da Juventude Ind\u00edgena acontece at\u00e9 o dia 15 de novembro, e refor\u00e7a que a juventude Aikewara Suru\u00ed est\u00e1 unida na defesa de sua identidade, cultura e direitos, tecendo redes de resist\u00eancia que ecoar\u00e3o por gera\u00e7\u00f5es.&nbsp;&nbsp;<\/p>\n","protected":false},"author":3,"featured_media":15320,"comment_status":"open","ping_status":"open","sticky":false,"template":"","format":"standard","meta":{"footnotes":""},"categories":[5],"tags":[],"class_list":["post-15278","post","type-post","status-publish","format-standard","has-post-thumbnail","hentry","category-noticias"],"rttpg_featured_image_url":{"full":["https:\/\/repam.org.br\/cop30\/wp-content\/uploads\/2024\/11\/IMG_5339-1.heic",0,0,false],"landscape":["https:\/\/repam.org.br\/cop30\/wp-content\/uploads\/2024\/11\/IMG_5339-1.heic",0,0,false],"portraits":["https:\/\/repam.org.br\/cop30\/wp-content\/uploads\/2024\/11\/IMG_5339-1.heic",0,0,false],"thumbnail":["https:\/\/repam.org.br\/cop30\/wp-content\/uploads\/2024\/11\/IMG_5339-1.heic",1,1,false],"medium":["https:\/\/repam.org.br\/cop30\/wp-content\/uploads\/2024\/11\/IMG_5339-1.heic",1,1,false],"large":["https:\/\/repam.org.br\/cop30\/wp-content\/uploads\/2024\/11\/IMG_5339-1.heic",1,1,false],"1536x1536":["https:\/\/repam.org.br\/cop30\/wp-content\/uploads\/2024\/11\/IMG_5339-1.heic",1,1,false],"2048x2048":["https:\/\/repam.org.br\/cop30\/wp-content\/uploads\/2024\/11\/IMG_5339-1.heic",1,1,false]},"rttpg_author":{"display_name":"Comunica\u00e7\u00e3o Cop30","author_link":"https:\/\/repam.org.br\/cop30\/author\/comunicacaocop30\/"},"rttpg_comment":0,"rttpg_category":"<a href=\"https:\/\/repam.org.br\/cop30\/category\/noticias\/\" rel=\"category tag\">Not\u00edcias<\/a>","rttpg_excerpt":"Mobiliza\u00e7\u00e3o dos Povos pela Terra e pelo Clima, da REPAM, debate a constru\u00e7\u00e3o de pautas coletivas rumo \u00e0 COP30 em 2025. Ontem, 14 de novembro, na Aldeia Yet\u00e1, situada na Terra Ind\u00edgena Soror\u00f3, teve in\u00edcio o 1\u00ba Encontro da Juventude Ind\u00edgena, reunindo mais de 70 participantes. Sob o tema \u201cIdentidade e Resist\u00eancia: Tecendo Redes na&hellip;","_links":{"self":[{"href":"https:\/\/repam.org.br\/cop30\/wp-json\/wp\/v2\/posts\/15278","targetHints":{"allow":["GET"]}}],"collection":[{"href":"https:\/\/repam.org.br\/cop30\/wp-json\/wp\/v2\/posts"}],"about":[{"href":"https:\/\/repam.org.br\/cop30\/wp-json\/wp\/v2\/types\/post"}],"author":[{"embeddable":true,"href":"https:\/\/repam.org.br\/cop30\/wp-json\/wp\/v2\/users\/3"}],"replies":[{"embeddable":true,"href":"https:\/\/repam.org.br\/cop30\/wp-json\/wp\/v2\/comments?post=15278"}],"version-history":[{"count":7,"href":"https:\/\/repam.org.br\/cop30\/wp-json\/wp\/v2\/posts\/15278\/revisions"}],"predecessor-version":[{"id":15333,"href":"https:\/\/repam.org.br\/cop30\/wp-json\/wp\/v2\/posts\/15278\/revisions\/15333"}],"wp:featuredmedia":[{"embeddable":true,"href":"https:\/\/repam.org.br\/cop30\/wp-json\/wp\/v2\/media\/15320"}],"wp:attachment":[{"href":"https:\/\/repam.org.br\/cop30\/wp-json\/wp\/v2\/media?parent=15278"}],"wp:term":[{"taxonomy":"category","embeddable":true,"href":"https:\/\/repam.org.br\/cop30\/wp-json\/wp\/v2\/categories?post=15278"},{"taxonomy":"post_tag","embeddable":true,"href":"https:\/\/repam.org.br\/cop30\/wp-json\/wp\/v2\/tags?post=15278"}],"curies":[{"name":"wp","href":"https:\/\/api.w.org\/{rel}","templated":true}]}}