{"id":15292,"date":"2024-11-16T15:22:20","date_gmt":"2024-11-16T18:22:20","guid":{"rendered":"https:\/\/repam.org.br\/cop30\/?p=15292"},"modified":"2024-11-18T09:58:59","modified_gmt":"2024-11-18T12:58:59","slug":"dia-global-de-acao-por-justica-climatica-reune-vozes-do-mundo-pela-transformacao","status":"publish","type":"post","link":"https:\/\/repam.org.br\/cop30\/dia-global-de-acao-por-justica-climatica-reune-vozes-do-mundo-pela-transformacao\/","title":{"rendered":"Dia Global de A\u00e7\u00e3o por Justi\u00e7a Clim\u00e1tica re\u00fane vozes do mundo pela transforma\u00e7\u00e3o"},"content":{"rendered":"\n<p>Durante a #COP29, realizada em Baku, no Azerbaij\u00e3o, centenas de organiza\u00e7\u00f5es, movimentos sociais e ambientalistas de diferentes partes do mundo\u2014representando os campos, as \u00e1guas e as florestas\u2014se uniram no <strong>Dia Global de A\u00e7\u00e3o por Justi\u00e7a Clim\u00e1tica<\/strong> . Com um chamado contundente, exigiam justi\u00e7a clim\u00e1tica, responsabiliza\u00e7\u00e3o dos grandes poluidores e o pagamento dos custos de adapta\u00e7\u00e3o e mitiga\u00e7\u00e3o clim\u00e1tica pelos pa\u00edses do Norte Global, principais respons\u00e1veis \u200b\u200bhist\u00f3ricos pela crise ambiental.<\/p>\n\n\n\n<p>Mais de 80 organiza\u00e7\u00f5es internacionais estiveram presentes, refor\u00e7ando a solidariedade global na defesa da vida, dos territ\u00f3rios e das comunidades mais vulner\u00e1veis.<\/p>\n\n\n\n<p>Nosso clamor n\u00e3o se limita ao clima. Tamb\u00e9m pedimos o fim do genoc\u00eddio em Gaza, da militariza\u00e7\u00e3o e da destrui\u00e7\u00e3o de territ\u00f3rios. <strong>A resposta \u00e9 em n\u00f3s mesmos<\/strong> \u2014povos e comunidades tradicionais, origin\u00e1rios, camponeses e ribeirinhos\u2014que resistem, cuidam e lutam por um futuro justo e sustent\u00e1vel para todos.<\/p>\n\n\n\n<p>A mudan\u00e7a come\u00e7a aqui e agora, com as vozes de quem vive e protege a Terra. A <strong>REPAM-Brasil<\/strong> desempenha um papel central na C\u00fapula dos Povos, liderando a <strong>Mobiliza\u00e7\u00e3o dos Povos pela Terra e pelo Clima<\/strong> como parte dos preparativos para a COP30, em Bel\u00e9m-PA. Sua articula\u00e7\u00e3o \u00e9 fundamental para integrar vozes diversas e comprometidas com uma transi\u00e7\u00e3o sustent\u00e1vel e a prote\u00e7\u00e3o da Amaz\u00f4nia.<\/p>\n\n\n\n<p><\/p>\n","protected":false},"excerpt":{"rendered":"<p>Durante a #COP29, realizada em Baku, no Azerbaij\u00e3o, centenas de organiza\u00e7\u00f5es, movimentos sociais e ambientalistas de diferentes partes do mundo\u2014representando os campos, as \u00e1guas e as florestas\u2014se uniram no Dia Global de A\u00e7\u00e3o por Justi\u00e7a Clim\u00e1tica . Com um chamado contundente, exigiam justi\u00e7a clim\u00e1tica, responsabiliza\u00e7\u00e3o dos grandes poluidores e o pagamento dos custos de adapta\u00e7\u00e3o e mitiga\u00e7\u00e3o clim\u00e1tica pelos pa\u00edses do Norte Global, principais respons\u00e1veis \u200b\u200bhist\u00f3ricos pela crise ambiental. Mais de 80 organiza\u00e7\u00f5es internacionais estiveram presentes, refor\u00e7ando a solidariedade global na defesa da vida, dos territ\u00f3rios e das comunidades mais vulner\u00e1veis. Nosso clamor n\u00e3o se limita ao clima. Tamb\u00e9m pedimos o fim do genoc\u00eddio em Gaza, da militariza\u00e7\u00e3o e da destrui\u00e7\u00e3o de territ\u00f3rios. A resposta \u00e9 em n\u00f3s mesmos \u2014povos e comunidades tradicionais, origin\u00e1rios, camponeses e ribeirinhos\u2014que resistem, cuidam e lutam por um futuro justo e sustent\u00e1vel para todos. A mudan\u00e7a come\u00e7a aqui e agora, com as vozes de quem vive e protege a Terra. A REPAM-Brasil desempenha um papel central na C\u00fapula dos Povos, liderando a Mobiliza\u00e7\u00e3o dos Povos pela Terra e pelo Clima como parte dos preparativos para a COP30, em Bel\u00e9m-PA. Sua articula\u00e7\u00e3o \u00e9 fundamental para integrar vozes diversas e comprometidas com uma transi\u00e7\u00e3o sustent\u00e1vel e a prote\u00e7\u00e3o da Amaz\u00f4nia.<\/p>\n","protected":false},"author":3,"featured_media":15302,"comment_status":"closed","ping_status":"open","sticky":false,"template":"","format":"standard","meta":{"footnotes":""},"categories":[5],"tags":[],"class_list":["post-15292","post","type-post","status-publish","format-standard","has-post-thumbnail","hentry","category-noticias"],"rttpg_featured_image_url":{"full":["https:\/\/repam.org.br\/cop30\/wp-content\/uploads\/2024\/11\/dia-global-1.png",790,548,false],"landscape":["https:\/\/repam.org.br\/cop30\/wp-content\/uploads\/2024\/11\/dia-global-1.png",790,548,false],"portraits":["https:\/\/repam.org.br\/cop30\/wp-content\/uploads\/2024\/11\/dia-global-1.png",790,548,false],"thumbnail":["https:\/\/repam.org.br\/cop30\/wp-content\/uploads\/2024\/11\/dia-global-1-150x150.png",150,150,true],"medium":["https:\/\/repam.org.br\/cop30\/wp-content\/uploads\/2024\/11\/dia-global-1-300x208.png",300,208,true],"large":["https:\/\/repam.org.br\/cop30\/wp-content\/uploads\/2024\/11\/dia-global-1.png",790,548,false],"1536x1536":["https:\/\/repam.org.br\/cop30\/wp-content\/uploads\/2024\/11\/dia-global-1.png",790,548,false],"2048x2048":["https:\/\/repam.org.br\/cop30\/wp-content\/uploads\/2024\/11\/dia-global-1.png",790,548,false]},"rttpg_author":{"display_name":"Comunica\u00e7\u00e3o Cop30","author_link":"https:\/\/repam.org.br\/cop30\/author\/comunicacaocop30\/"},"rttpg_comment":0,"rttpg_category":"<a href=\"https:\/\/repam.org.br\/cop30\/category\/noticias\/\" rel=\"category tag\">Not\u00edcias<\/a>","rttpg_excerpt":"Durante a #COP29, realizada em Baku, no Azerbaij\u00e3o, centenas de organiza\u00e7\u00f5es, movimentos sociais e ambientalistas de diferentes partes do mundo\u2014representando os campos, as \u00e1guas e as florestas\u2014se uniram no Dia Global de A\u00e7\u00e3o por Justi\u00e7a Clim\u00e1tica . Com um chamado contundente, exigiam justi\u00e7a clim\u00e1tica, responsabiliza\u00e7\u00e3o dos grandes poluidores e o pagamento dos custos de adapta\u00e7\u00e3o&hellip;","_links":{"self":[{"href":"https:\/\/repam.org.br\/cop30\/wp-json\/wp\/v2\/posts\/15292","targetHints":{"allow":["GET"]}}],"collection":[{"href":"https:\/\/repam.org.br\/cop30\/wp-json\/wp\/v2\/posts"}],"about":[{"href":"https:\/\/repam.org.br\/cop30\/wp-json\/wp\/v2\/types\/post"}],"author":[{"embeddable":true,"href":"https:\/\/repam.org.br\/cop30\/wp-json\/wp\/v2\/users\/3"}],"replies":[{"embeddable":true,"href":"https:\/\/repam.org.br\/cop30\/wp-json\/wp\/v2\/comments?post=15292"}],"version-history":[{"count":2,"href":"https:\/\/repam.org.br\/cop30\/wp-json\/wp\/v2\/posts\/15292\/revisions"}],"predecessor-version":[{"id":15295,"href":"https:\/\/repam.org.br\/cop30\/wp-json\/wp\/v2\/posts\/15292\/revisions\/15295"}],"wp:featuredmedia":[{"embeddable":true,"href":"https:\/\/repam.org.br\/cop30\/wp-json\/wp\/v2\/media\/15302"}],"wp:attachment":[{"href":"https:\/\/repam.org.br\/cop30\/wp-json\/wp\/v2\/media?parent=15292"}],"wp:term":[{"taxonomy":"category","embeddable":true,"href":"https:\/\/repam.org.br\/cop30\/wp-json\/wp\/v2\/categories?post=15292"},{"taxonomy":"post_tag","embeddable":true,"href":"https:\/\/repam.org.br\/cop30\/wp-json\/wp\/v2\/tags?post=15292"}],"curies":[{"name":"wp","href":"https:\/\/api.w.org\/{rel}","templated":true}]}}