{"id":15296,"date":"2024-11-18T09:44:40","date_gmt":"2024-11-18T12:44:40","guid":{"rendered":"https:\/\/repam.org.br\/cop30\/?p=15296"},"modified":"2024-11-18T09:45:07","modified_gmt":"2024-11-18T12:45:07","slug":"declaracao-dos-agricultores-familiares-povos-e-comunidades-tradicionais-para-a-cupula-social-do-g20","status":"publish","type":"post","link":"https:\/\/repam.org.br\/cop30\/declaracao-dos-agricultores-familiares-povos-e-comunidades-tradicionais-para-a-cupula-social-do-g20\/","title":{"rendered":"Declara\u00e7\u00e3o dos Agricultores Familiares, Povos e Comunidades Tradicionais para a C\u00fapula Social do G20"},"content":{"rendered":"\n<p>A Declara\u00e7\u00e3o dos Agricultores Familiares, Povos Ind\u00edgenas, Comunidades Tradicionais, Camponeses, Afrodescendentes, Pastores e Pescadores Artesanais representa um marco de di\u00e1logo e constru\u00e7\u00e3o coletiva, realizada sob a lideran\u00e7a do Conselho Nacional de Desenvolvimento Rural Sustent\u00e1vel (Condraf) e seu Comit\u00ea de Assuntos Internacionais. O documento cont\u00e9m a participa\u00e7\u00e3o de movimentos sociais e internacionais, reafirmando o protagonismo desses grupos na constru\u00e7\u00e3o de pol\u00edticas inclusivas e sustent\u00e1veis.<\/p>\n\n\n\n<p>Reunidos no Rio de Janeiro, os representantes desses povos e comunidades levam \u00e0 mesa do G20 uma mensagem urgente e transformadora: a agricultura familiar, os sistemas agroecol\u00f3gicos e os saberes tradicionais s\u00e3o pilares para a soberania alimentar global, a biodiversidade e a resili\u00eancia clim\u00e1tica. No entanto, para que essas pr\u00e1ticas prosperem, \u00e9 necess\u00e1ria uma transforma\u00e7\u00e3o profunda do sistema alimentar global e o respeito integral aos Direitos Humanos.<\/p>\n\n\n\n<p><strong>Principais Demandas e Compromissos da Declara\u00e7\u00e3o:<\/strong><\/p>\n\n\n\n<ol class=\"wp-block-list\">\n<li><strong>Reconhecimento do papel central dos pequenos produtores<\/strong> na seguran\u00e7a alimentar global: mais de 80% dos alimentos consumidos no mundo s\u00e3o produzidos por agricultores familiares e povos tradicionais.<\/li>\n\n\n\n<li><strong>Defesa dos direitos humanos<\/strong> como base para pol\u00edticas globais de alimenta\u00e7\u00e3o e agricultura, em alinhamento com instrumentos como a Declara\u00e7\u00e3o das Na\u00e7\u00f5es Unidas sobre os Direitos dos Povos Ind\u00edgenas (UNDRIP) e os Direitos dos Camponeses (UNDROP).<\/li>\n\n\n\n<li><strong>Resist\u00eancia a acordos comerciais comerciais<\/strong> , como o acordo UE-Mercosul, que amea\u00e7a pequenos produtores e a seguran\u00e7a alimentar.<\/li>\n\n\n\n<li><strong>Reforma da governan\u00e7a global<\/strong> , com destaque para a democratiza\u00e7\u00e3o da ONU e o fortalecimento de espa\u00e7os como o Comit\u00ea de Seguran\u00e7a Alimentar Mundial (CSA), garantindo maior participa\u00e7\u00e3o das organiza\u00e7\u00f5es sociais.<\/li>\n\n\n\n<li><strong>Investimentos p\u00fablicos priorit\u00e1rios<\/strong> para o acesso \u00e0 terra, \u00e1gua, energia, habita\u00e7\u00e3o, infraestrutura, e servi\u00e7os essenciais para comunidades rurais.<\/li>\n\n\n\n<li><strong>Compromisso com a justi\u00e7a clim\u00e1tica<\/strong> , incluindo metas ambiciosas de redu\u00e7\u00e3o de emiss\u00f5es, financiamento adequado para adapta\u00e7\u00e3o e mitiga\u00e7\u00e3o clim\u00e1tica, e elimina\u00e7\u00e3o de solu\u00e7\u00f5es falsas como mercados de carbono.<\/li>\n\n\n\n<li><strong>Fortalecimento da soberania alimentar<\/strong> , protegendo sementes tradicionais e promovendo sistemas participativos de garantia e pr\u00e1ticas agroecol\u00f3gicas.<\/li>\n<\/ol>\n\n\n\n<p>Mensagem aos Governos do G20:<br><br>As vozes dos agricultores familiares, povos ind\u00edgenas e comunidades tradicionais n\u00e3o podem ser ignoradas. Esses grupos, guardi\u00f5es da biodiversidade e da cultura, reafirmam seu direito de decidir sobre seus modos de vida e subsist\u00eancia.<\/p>\n\n\n\n<p>A C\u00fapula Social do G20 deve marcar um ponto de inflex\u00e3o, reafirmando compromissos concretos para um planeta mais justo, sustent\u00e1vel e inclusivo. Que este encontro seja o in\u00edcio de uma transforma\u00e7\u00e3o real, ancorada na solidariedade, respeito e justi\u00e7a intergeracional.<\/p>\n\n\n\n<p><strong><a href=\"https:\/\/www.gov.br\/mda\/pt-br\/noticias\/2024\/10\/Declaracao_Agricultura_Familiar_G20_Bilingue.pdf\">Acesse o documento completo<\/a><\/strong> e saiba como apoiar essas iniciativas.<\/p>\n\n\n\n<p><\/p>\n","protected":false},"excerpt":{"rendered":"<p>A Declara\u00e7\u00e3o dos Agricultores Familiares, Povos Ind\u00edgenas, Comunidades Tradicionais, Camponeses, Afrodescendentes, Pastores e Pescadores Artesanais representa um marco de di\u00e1logo e constru\u00e7\u00e3o coletiva, realizada sob a lideran\u00e7a do Conselho Nacional de Desenvolvimento Rural Sustent\u00e1vel (Condraf) e seu Comit\u00ea de Assuntos Internacionais. O documento cont\u00e9m a participa\u00e7\u00e3o de movimentos sociais e internacionais, reafirmando o protagonismo desses grupos na constru\u00e7\u00e3o de pol\u00edticas inclusivas e sustent\u00e1veis. Reunidos no Rio de Janeiro, os representantes desses povos e comunidades levam \u00e0 mesa do G20 uma mensagem urgente e transformadora: a agricultura familiar, os sistemas agroecol\u00f3gicos e os saberes tradicionais s\u00e3o pilares para a soberania alimentar global, a biodiversidade e a resili\u00eancia clim\u00e1tica. No entanto, para que essas pr\u00e1ticas prosperem, \u00e9 necess\u00e1ria uma transforma\u00e7\u00e3o profunda do sistema alimentar global e o respeito integral aos Direitos Humanos. Principais Demandas e Compromissos da Declara\u00e7\u00e3o: Mensagem aos Governos do G20: As vozes dos agricultores familiares, povos ind\u00edgenas e comunidades tradicionais n\u00e3o podem ser ignoradas. Esses grupos, guardi\u00f5es da biodiversidade e da cultura, reafirmam seu direito de decidir sobre seus modos de vida e subsist\u00eancia. A C\u00fapula Social do G20 deve marcar um ponto de inflex\u00e3o, reafirmando compromissos concretos para um planeta mais justo, sustent\u00e1vel e inclusivo. Que este encontro seja o in\u00edcio de uma transforma\u00e7\u00e3o real, ancorada na solidariedade, respeito e justi\u00e7a intergeracional. Acesse o documento completo e saiba como apoiar essas iniciativas.<\/p>\n","protected":false},"author":3,"featured_media":15297,"comment_status":"closed","ping_status":"open","sticky":false,"template":"","format":"standard","meta":{"footnotes":""},"categories":[5],"tags":[15,16,8],"class_list":["post-15296","post","type-post","status-publish","format-standard","has-post-thumbnail","hentry","category-noticias","tag-cop-30","tag-cupula-dos-povos","tag-repam-brasil"],"rttpg_featured_image_url":{"full":["https:\/\/repam.org.br\/cop30\/wp-content\/uploads\/2024\/11\/g20.png",580,355,false],"landscape":["https:\/\/repam.org.br\/cop30\/wp-content\/uploads\/2024\/11\/g20.png",580,355,false],"portraits":["https:\/\/repam.org.br\/cop30\/wp-content\/uploads\/2024\/11\/g20.png",580,355,false],"thumbnail":["https:\/\/repam.org.br\/cop30\/wp-content\/uploads\/2024\/11\/g20-150x150.png",150,150,true],"medium":["https:\/\/repam.org.br\/cop30\/wp-content\/uploads\/2024\/11\/g20-300x184.png",300,184,true],"large":["https:\/\/repam.org.br\/cop30\/wp-content\/uploads\/2024\/11\/g20.png",580,355,false],"1536x1536":["https:\/\/repam.org.br\/cop30\/wp-content\/uploads\/2024\/11\/g20.png",580,355,false],"2048x2048":["https:\/\/repam.org.br\/cop30\/wp-content\/uploads\/2024\/11\/g20.png",580,355,false]},"rttpg_author":{"display_name":"Comunica\u00e7\u00e3o Cop30","author_link":"https:\/\/repam.org.br\/cop30\/author\/comunicacaocop30\/"},"rttpg_comment":0,"rttpg_category":"<a href=\"https:\/\/repam.org.br\/cop30\/category\/noticias\/\" rel=\"category tag\">Not\u00edcias<\/a>","rttpg_excerpt":"A Declara\u00e7\u00e3o dos Agricultores Familiares, Povos Ind\u00edgenas, Comunidades Tradicionais, Camponeses, Afrodescendentes, Pastores e Pescadores Artesanais representa um marco de di\u00e1logo e constru\u00e7\u00e3o coletiva, realizada sob a lideran\u00e7a do Conselho Nacional de Desenvolvimento Rural Sustent\u00e1vel (Condraf) e seu Comit\u00ea de Assuntos Internacionais. O documento cont\u00e9m a participa\u00e7\u00e3o de movimentos sociais e internacionais, reafirmando o protagonismo desses&hellip;","_links":{"self":[{"href":"https:\/\/repam.org.br\/cop30\/wp-json\/wp\/v2\/posts\/15296","targetHints":{"allow":["GET"]}}],"collection":[{"href":"https:\/\/repam.org.br\/cop30\/wp-json\/wp\/v2\/posts"}],"about":[{"href":"https:\/\/repam.org.br\/cop30\/wp-json\/wp\/v2\/types\/post"}],"author":[{"embeddable":true,"href":"https:\/\/repam.org.br\/cop30\/wp-json\/wp\/v2\/users\/3"}],"replies":[{"embeddable":true,"href":"https:\/\/repam.org.br\/cop30\/wp-json\/wp\/v2\/comments?post=15296"}],"version-history":[{"count":1,"href":"https:\/\/repam.org.br\/cop30\/wp-json\/wp\/v2\/posts\/15296\/revisions"}],"predecessor-version":[{"id":15298,"href":"https:\/\/repam.org.br\/cop30\/wp-json\/wp\/v2\/posts\/15296\/revisions\/15298"}],"wp:featuredmedia":[{"embeddable":true,"href":"https:\/\/repam.org.br\/cop30\/wp-json\/wp\/v2\/media\/15297"}],"wp:attachment":[{"href":"https:\/\/repam.org.br\/cop30\/wp-json\/wp\/v2\/media?parent=15296"}],"wp:term":[{"taxonomy":"category","embeddable":true,"href":"https:\/\/repam.org.br\/cop30\/wp-json\/wp\/v2\/categories?post=15296"},{"taxonomy":"post_tag","embeddable":true,"href":"https:\/\/repam.org.br\/cop30\/wp-json\/wp\/v2\/tags?post=15296"}],"curies":[{"name":"wp","href":"https:\/\/api.w.org\/{rel}","templated":true}]}}