{"id":15303,"date":"2024-11-18T10:58:21","date_gmt":"2024-11-18T13:58:21","guid":{"rendered":"https:\/\/repam.org.br\/cop30\/?p=15303"},"modified":"2024-11-18T10:58:21","modified_gmt":"2024-11-18T13:58:21","slug":"representantes-da-rede-de-fundos-comunitarios-da-amazonia-participam-de-painel-sobre-financiamento-climatico-na-cop-29","status":"publish","type":"post","link":"https:\/\/repam.org.br\/cop30\/representantes-da-rede-de-fundos-comunitarios-da-amazonia-participam-de-painel-sobre-financiamento-climatico-na-cop-29\/","title":{"rendered":"Representantes da Rede de Fundos Comunit\u00e1rios da Amaz\u00f4nia participam de painel sobre financiamento clim\u00e1tico na COP 29"},"content":{"rendered":"\n<p>Representantes da Rede de Fundos Comunit\u00e1rios da Amaz\u00f4nia estiveram presentes no Painel &#8220;Financiamento Clim\u00e1tico e Povos Ind\u00edgenas&#8221;, realizado durante a programa\u00e7\u00e3o da COP 29, em Baku, no Azerbaij\u00e3o. A atividade aconteceu na \u00faltima quinta-feira (14), no pavilh\u00e3o da Conven\u00e7\u00e3o-Quadro das Na\u00e7\u00f5es Unidas sobre a Mudan\u00e7a do Clima, e contou com a participa\u00e7\u00e3o da ind\u00edgena <strong>Josimara Bar\u00e9<\/strong> e da quilombola <strong>Val\u00e9ria Carneiro<\/strong>.<\/p>\n\n\n\n<p>O painel abordou o papel dos fundos ind\u00edgenas e comunit\u00e1rios como elementos essenciais na arquitetura do financiamento clim\u00e1tico, destacando sua import\u00e2ncia tanto na COP 29 quanto no contexto preparat\u00f3rio para a COP 30, que acontecer\u00e1 em Bel\u00e9m, no Brasil.<\/p>\n\n\n\n<p>&#8220;N\u00e3o h\u00e1 como se pensar em apoio, financiamento direto sem se considerar os mecanismos financeiros, como os fundos ind\u00edgenas e comunit\u00e1rios&#8221;, destacou Josimara Bar\u00e9, do Fundo Ruti e integrante da Rede de Fundos Comunit\u00e1rios da Amaz\u00f4nia.<\/p>\n\n\n\n<p>Val\u00e9ria Carneiro, presidente do Fundo Quilombola Mizizi Dudu, foi convidada especial do movimento ind\u00edgena para o painel. Durante sua fala, ela ressaltou a relev\u00e2ncia desses fundos para assegurar que os recursos cheguem aos territ\u00f3rios por meio de quem conhece as realidades locais.<\/p>\n\n\n\n<p>A participa\u00e7\u00e3o da Rede de Fundos Comunit\u00e1rios da Amaz\u00f4nia na COP 29 refor\u00e7a o papel estrat\u00e9gico das comunidades tradicionais na busca por solu\u00e7\u00f5es clim\u00e1ticas justas e eficazes, com foco no fortalecimento de suas pr\u00f3prias estruturas de financiamento.<\/p>\n\n\n\n<p><\/p>\n","protected":false},"excerpt":{"rendered":"<p>Representantes da Rede de Fundos Comunit\u00e1rios da Amaz\u00f4nia estiveram presentes no Painel &#8220;Financiamento Clim\u00e1tico e Povos Ind\u00edgenas&#8221;, realizado durante a programa\u00e7\u00e3o da COP 29, em Baku, no Azerbaij\u00e3o. A atividade aconteceu na \u00faltima quinta-feira (14), no pavilh\u00e3o da Conven\u00e7\u00e3o-Quadro das Na\u00e7\u00f5es Unidas sobre a Mudan\u00e7a do Clima, e contou com a participa\u00e7\u00e3o da ind\u00edgena Josimara Bar\u00e9 e da quilombola Val\u00e9ria Carneiro. O painel abordou o papel dos fundos ind\u00edgenas e comunit\u00e1rios como elementos essenciais na arquitetura do financiamento clim\u00e1tico, destacando sua import\u00e2ncia tanto na COP 29 quanto no contexto preparat\u00f3rio para a COP 30, que acontecer\u00e1 em Bel\u00e9m, no Brasil. &#8220;N\u00e3o h\u00e1 como se pensar em apoio, financiamento direto sem se considerar os mecanismos financeiros, como os fundos ind\u00edgenas e comunit\u00e1rios&#8221;, destacou Josimara Bar\u00e9, do Fundo Ruti e integrante da Rede de Fundos Comunit\u00e1rios da Amaz\u00f4nia. Val\u00e9ria Carneiro, presidente do Fundo Quilombola Mizizi Dudu, foi convidada especial do movimento ind\u00edgena para o painel. Durante sua fala, ela ressaltou a relev\u00e2ncia desses fundos para assegurar que os recursos cheguem aos territ\u00f3rios por meio de quem conhece as realidades locais. A participa\u00e7\u00e3o da Rede de Fundos Comunit\u00e1rios da Amaz\u00f4nia na COP 29 refor\u00e7a o papel estrat\u00e9gico das comunidades tradicionais na busca por solu\u00e7\u00f5es clim\u00e1ticas justas e eficazes, com foco no fortalecimento de suas pr\u00f3prias estruturas de financiamento.<\/p>\n","protected":false},"author":3,"featured_media":15304,"comment_status":"closed","ping_status":"open","sticky":false,"template":"","format":"standard","meta":{"footnotes":""},"categories":[5],"tags":[13,14,15,17,8],"class_list":["post-15303","post","type-post","status-publish","format-standard","has-post-thumbnail","hentry","category-noticias","tag-amazonia","tag-conferencia-do-clima-da-onu","tag-cop-30","tag-mudanca-climatica","tag-repam-brasil"],"rttpg_featured_image_url":{"full":["https:\/\/repam.org.br\/cop30\/wp-content\/uploads\/2024\/11\/WhatsApp-Image-2024-11-18-at-09.23.26.jpeg",1600,900,false],"landscape":["https:\/\/repam.org.br\/cop30\/wp-content\/uploads\/2024\/11\/WhatsApp-Image-2024-11-18-at-09.23.26.jpeg",1600,900,false],"portraits":["https:\/\/repam.org.br\/cop30\/wp-content\/uploads\/2024\/11\/WhatsApp-Image-2024-11-18-at-09.23.26.jpeg",1600,900,false],"thumbnail":["https:\/\/repam.org.br\/cop30\/wp-content\/uploads\/2024\/11\/WhatsApp-Image-2024-11-18-at-09.23.26-150x150.jpeg",150,150,true],"medium":["https:\/\/repam.org.br\/cop30\/wp-content\/uploads\/2024\/11\/WhatsApp-Image-2024-11-18-at-09.23.26-300x169.jpeg",300,169,true],"large":["https:\/\/repam.org.br\/cop30\/wp-content\/uploads\/2024\/11\/WhatsApp-Image-2024-11-18-at-09.23.26-1024x576.jpeg",800,450,true],"1536x1536":["https:\/\/repam.org.br\/cop30\/wp-content\/uploads\/2024\/11\/WhatsApp-Image-2024-11-18-at-09.23.26-1536x864.jpeg",1536,864,true],"2048x2048":["https:\/\/repam.org.br\/cop30\/wp-content\/uploads\/2024\/11\/WhatsApp-Image-2024-11-18-at-09.23.26.jpeg",1600,900,false]},"rttpg_author":{"display_name":"Comunica\u00e7\u00e3o Cop30","author_link":"https:\/\/repam.org.br\/cop30\/author\/comunicacaocop30\/"},"rttpg_comment":0,"rttpg_category":"<a href=\"https:\/\/repam.org.br\/cop30\/category\/noticias\/\" rel=\"category tag\">Not\u00edcias<\/a>","rttpg_excerpt":"Representantes da Rede de Fundos Comunit\u00e1rios da Amaz\u00f4nia estiveram presentes no Painel &#8220;Financiamento Clim\u00e1tico e Povos Ind\u00edgenas&#8221;, realizado durante a programa\u00e7\u00e3o da COP 29, em Baku, no Azerbaij\u00e3o. A atividade aconteceu na \u00faltima quinta-feira (14), no pavilh\u00e3o da Conven\u00e7\u00e3o-Quadro das Na\u00e7\u00f5es Unidas sobre a Mudan\u00e7a do Clima, e contou com a participa\u00e7\u00e3o da ind\u00edgena Josimara&hellip;","_links":{"self":[{"href":"https:\/\/repam.org.br\/cop30\/wp-json\/wp\/v2\/posts\/15303","targetHints":{"allow":["GET"]}}],"collection":[{"href":"https:\/\/repam.org.br\/cop30\/wp-json\/wp\/v2\/posts"}],"about":[{"href":"https:\/\/repam.org.br\/cop30\/wp-json\/wp\/v2\/types\/post"}],"author":[{"embeddable":true,"href":"https:\/\/repam.org.br\/cop30\/wp-json\/wp\/v2\/users\/3"}],"replies":[{"embeddable":true,"href":"https:\/\/repam.org.br\/cop30\/wp-json\/wp\/v2\/comments?post=15303"}],"version-history":[{"count":1,"href":"https:\/\/repam.org.br\/cop30\/wp-json\/wp\/v2\/posts\/15303\/revisions"}],"predecessor-version":[{"id":15305,"href":"https:\/\/repam.org.br\/cop30\/wp-json\/wp\/v2\/posts\/15303\/revisions\/15305"}],"wp:featuredmedia":[{"embeddable":true,"href":"https:\/\/repam.org.br\/cop30\/wp-json\/wp\/v2\/media\/15304"}],"wp:attachment":[{"href":"https:\/\/repam.org.br\/cop30\/wp-json\/wp\/v2\/media?parent=15303"}],"wp:term":[{"taxonomy":"category","embeddable":true,"href":"https:\/\/repam.org.br\/cop30\/wp-json\/wp\/v2\/categories?post=15303"},{"taxonomy":"post_tag","embeddable":true,"href":"https:\/\/repam.org.br\/cop30\/wp-json\/wp\/v2\/tags?post=15303"}],"curies":[{"name":"wp","href":"https:\/\/api.w.org\/{rel}","templated":true}]}}