{"id":15306,"date":"2024-11-18T11:04:39","date_gmt":"2024-11-18T14:04:39","guid":{"rendered":"https:\/\/repam.org.br\/cop30\/?p=15306"},"modified":"2024-11-18T11:04:41","modified_gmt":"2024-11-18T14:04:41","slug":"cupula-dos-povos-entrega-cuias-amazonicas-e-carta-politica-durante-a-cop-29","status":"publish","type":"post","link":"https:\/\/repam.org.br\/cop30\/cupula-dos-povos-entrega-cuias-amazonicas-e-carta-politica-durante-a-cop-29\/","title":{"rendered":"C\u00fapula dos Povos entrega cuias amaz\u00f4nicas e Carta Pol\u00edtica durante a COP 29"},"content":{"rendered":"\n<p>Representantes da C\u00fapula dos Povos Rumo \u00e0 COP3<strong>0<\/strong> realizaram uma a\u00e7\u00e3o simb\u00f3lica durante a COP 29, em Baku, no Azerbaij\u00e3o. Foram entregues cuias amaz\u00f4nicas com emblemas a artistas, parlamentares e representantes do governo brasileiro, como representa\u00e7\u00e3o da luta e resist\u00eancia dos povos da floresta, do campo, das \u00e1guas e das cidades. A iniciativa tamb\u00e9m marcou o fortalecimento da mobiliza\u00e7\u00e3o para a pr\u00f3xima C\u00fapula dos Povos, que ocorrer\u00e1 em paralelo \u00e0 COP 30, em Bel\u00e9m do Par\u00e1.<\/p>\n\n\n\n<figure class=\"wp-block-gallery has-nested-images columns-default is-cropped wp-block-gallery-1 is-layout-flex wp-block-gallery-is-layout-flex\">\n<figure class=\"wp-block-image size-large\"><img fetchpriority=\"high\" decoding=\"async\" width=\"768\" height=\"1024\" data-id=\"15309\" src=\"https:\/\/repam.org.br\/cop30\/wp-content\/uploads\/2024\/11\/WhatsApp-Image-2024-11-18-at-09.30.40-1-768x1024.jpeg\" alt=\"\" class=\"wp-image-15309\" srcset=\"https:\/\/repam.org.br\/cop30\/wp-content\/uploads\/2024\/11\/WhatsApp-Image-2024-11-18-at-09.30.40-1-768x1024.jpeg 768w, https:\/\/repam.org.br\/cop30\/wp-content\/uploads\/2024\/11\/WhatsApp-Image-2024-11-18-at-09.30.40-1-225x300.jpeg 225w, https:\/\/repam.org.br\/cop30\/wp-content\/uploads\/2024\/11\/WhatsApp-Image-2024-11-18-at-09.30.40-1.jpeg 960w\" sizes=\"(max-width: 768px) 100vw, 768px\" \/><\/figure>\n<\/figure>\n\n\n\n<p>Al\u00e9m das cuias, a Carta Pol\u00edtica da C\u00fapula dos Povos Rumo \u00e0 COP30 foi entregue \u00e0 deputada federal Gleisi Hoffmann e ao ministro das Rela\u00e7\u00f5es Institucionais, Alexandre Padilha. O documento convida a sociedade civil para uma constru\u00e7\u00e3o coletiva em prol da justi\u00e7a clim\u00e1tica e do bem viver, ao mesmo tempo em que denuncia opress\u00f5es e viol\u00eancias enfrentadas nos territ\u00f3rios.<\/p>\n\n\n\n<figure class=\"wp-block-gallery has-nested-images columns-default is-cropped wp-block-gallery-2 is-layout-flex wp-block-gallery-is-layout-flex\">\n<figure class=\"wp-block-image size-large\"><img decoding=\"async\" width=\"577\" height=\"1024\" data-id=\"15308\" src=\"https:\/\/repam.org.br\/cop30\/wp-content\/uploads\/2024\/11\/WhatsApp-Image-2024-11-18-at-09.30.40-577x1024.jpeg\" alt=\"\" class=\"wp-image-15308\" srcset=\"https:\/\/repam.org.br\/cop30\/wp-content\/uploads\/2024\/11\/WhatsApp-Image-2024-11-18-at-09.30.40-577x1024.jpeg 577w, https:\/\/repam.org.br\/cop30\/wp-content\/uploads\/2024\/11\/WhatsApp-Image-2024-11-18-at-09.30.40-169x300.jpeg 169w, https:\/\/repam.org.br\/cop30\/wp-content\/uploads\/2024\/11\/WhatsApp-Image-2024-11-18-at-09.30.40-768x1364.jpeg 768w, https:\/\/repam.org.br\/cop30\/wp-content\/uploads\/2024\/11\/WhatsApp-Image-2024-11-18-at-09.30.40-865x1536.jpeg 865w, https:\/\/repam.org.br\/cop30\/wp-content\/uploads\/2024\/11\/WhatsApp-Image-2024-11-18-at-09.30.40.jpeg 901w\" sizes=\"(max-width: 577px) 100vw, 577px\" \/><\/figure>\n<\/figure>\n\n\n\n<p>O processo de fortalecimento e internacionaliza\u00e7\u00e3o da C\u00fapula dos Povos busca estabelecer um plano de a\u00e7\u00e3o robusto em defesa do clima e da justi\u00e7a social, reunindo diversas vozes comprometidas com uma transi\u00e7\u00e3o sustent\u00e1vel. Confira <a href=\"https:\/\/ugc.production.linktr.ee\/3c8d28c5-6b8f-47e2-8bda-c1251f7e614d_Carta-Pol-tica-C-pula-dos-Povos-Rumo---COP-30.pdf\">aqui a \u00edntegra<\/a> da carta.<\/p>\n\n\n\n<p>A REPAM-Brasil (Rede Eclesial Pan-Amaz\u00f4nica), parte da C\u00fapula dos Povos e composta por mais de 400 organiza\u00e7\u00f5es, lidera a Mobiliza\u00e7\u00e3o dos Povos pela Terra e pelo Clima. Este projeto de articula\u00e7\u00e3o est\u00e1 diretamente alinhado com os preparativos para a COP 30, consolidando Bel\u00e9m como centro estrat\u00e9gico para debates sobre clima e justi\u00e7a ambiental.<\/p>\n\n\n\n<p><\/p>\n","protected":false},"excerpt":{"rendered":"<p>Representantes da C\u00fapula dos Povos Rumo \u00e0 COP30 realizaram uma a\u00e7\u00e3o simb\u00f3lica durante a COP 29, em Baku, no Azerbaij\u00e3o. Foram entregues cuias amaz\u00f4nicas com emblemas a artistas, parlamentares e representantes do governo brasileiro, como representa\u00e7\u00e3o da luta e resist\u00eancia dos povos da floresta, do campo, das \u00e1guas e das cidades. A iniciativa tamb\u00e9m marcou o fortalecimento da mobiliza\u00e7\u00e3o para a pr\u00f3xima C\u00fapula dos Povos, que ocorrer\u00e1 em paralelo \u00e0 COP 30, em Bel\u00e9m do Par\u00e1. Al\u00e9m das cuias, a Carta Pol\u00edtica da C\u00fapula dos Povos Rumo \u00e0 COP30 foi entregue \u00e0 deputada federal Gleisi Hoffmann e ao ministro das Rela\u00e7\u00f5es Institucionais, Alexandre Padilha. O documento convida a sociedade civil para uma constru\u00e7\u00e3o coletiva em prol da justi\u00e7a clim\u00e1tica e do bem viver, ao mesmo tempo em que denuncia opress\u00f5es e viol\u00eancias enfrentadas nos territ\u00f3rios. O processo de fortalecimento e internacionaliza\u00e7\u00e3o da C\u00fapula dos Povos busca estabelecer um plano de a\u00e7\u00e3o robusto em defesa do clima e da justi\u00e7a social, reunindo diversas vozes comprometidas com uma transi\u00e7\u00e3o sustent\u00e1vel. Confira aqui a \u00edntegra da carta. A REPAM-Brasil (Rede Eclesial Pan-Amaz\u00f4nica), parte da C\u00fapula dos Povos e composta por mais de 400 organiza\u00e7\u00f5es, lidera a Mobiliza\u00e7\u00e3o dos Povos pela Terra e pelo Clima. Este projeto de articula\u00e7\u00e3o est\u00e1 diretamente alinhado com os preparativos para a COP 30, consolidando Bel\u00e9m como centro estrat\u00e9gico para debates sobre clima e justi\u00e7a ambiental.<\/p>\n","protected":false},"author":3,"featured_media":15307,"comment_status":"closed","ping_status":"open","sticky":false,"template":"","format":"standard","meta":{"footnotes":""},"categories":[5],"tags":[13,15,17,7,8],"class_list":["post-15306","post","type-post","status-publish","format-standard","has-post-thumbnail","hentry","category-noticias","tag-amazonia","tag-cop-30","tag-mudanca-climatica","tag-repam","tag-repam-brasil"],"rttpg_featured_image_url":{"full":["https:\/\/repam.org.br\/cop30\/wp-content\/uploads\/2024\/11\/WhatsApp-Image-2024-11-18-at-09.30.43.jpeg",1280,719,false],"landscape":["https:\/\/repam.org.br\/cop30\/wp-content\/uploads\/2024\/11\/WhatsApp-Image-2024-11-18-at-09.30.43.jpeg",1280,719,false],"portraits":["https:\/\/repam.org.br\/cop30\/wp-content\/uploads\/2024\/11\/WhatsApp-Image-2024-11-18-at-09.30.43.jpeg",1280,719,false],"thumbnail":["https:\/\/repam.org.br\/cop30\/wp-content\/uploads\/2024\/11\/WhatsApp-Image-2024-11-18-at-09.30.43-150x150.jpeg",150,150,true],"medium":["https:\/\/repam.org.br\/cop30\/wp-content\/uploads\/2024\/11\/WhatsApp-Image-2024-11-18-at-09.30.43-300x169.jpeg",300,169,true],"large":["https:\/\/repam.org.br\/cop30\/wp-content\/uploads\/2024\/11\/WhatsApp-Image-2024-11-18-at-09.30.43-1024x575.jpeg",800,449,true],"1536x1536":["https:\/\/repam.org.br\/cop30\/wp-content\/uploads\/2024\/11\/WhatsApp-Image-2024-11-18-at-09.30.43.jpeg",1280,719,false],"2048x2048":["https:\/\/repam.org.br\/cop30\/wp-content\/uploads\/2024\/11\/WhatsApp-Image-2024-11-18-at-09.30.43.jpeg",1280,719,false]},"rttpg_author":{"display_name":"Comunica\u00e7\u00e3o Cop30","author_link":"https:\/\/repam.org.br\/cop30\/author\/comunicacaocop30\/"},"rttpg_comment":0,"rttpg_category":"<a href=\"https:\/\/repam.org.br\/cop30\/category\/noticias\/\" rel=\"category tag\">Not\u00edcias<\/a>","rttpg_excerpt":"Representantes da C\u00fapula dos Povos Rumo \u00e0 COP30 realizaram uma a\u00e7\u00e3o simb\u00f3lica durante a COP 29, em Baku, no Azerbaij\u00e3o. Foram entregues cuias amaz\u00f4nicas com emblemas a artistas, parlamentares e representantes do governo brasileiro, como representa\u00e7\u00e3o da luta e resist\u00eancia dos povos da floresta, do campo, das \u00e1guas e das cidades. A iniciativa tamb\u00e9m marcou&hellip;","_links":{"self":[{"href":"https:\/\/repam.org.br\/cop30\/wp-json\/wp\/v2\/posts\/15306","targetHints":{"allow":["GET"]}}],"collection":[{"href":"https:\/\/repam.org.br\/cop30\/wp-json\/wp\/v2\/posts"}],"about":[{"href":"https:\/\/repam.org.br\/cop30\/wp-json\/wp\/v2\/types\/post"}],"author":[{"embeddable":true,"href":"https:\/\/repam.org.br\/cop30\/wp-json\/wp\/v2\/users\/3"}],"replies":[{"embeddable":true,"href":"https:\/\/repam.org.br\/cop30\/wp-json\/wp\/v2\/comments?post=15306"}],"version-history":[{"count":1,"href":"https:\/\/repam.org.br\/cop30\/wp-json\/wp\/v2\/posts\/15306\/revisions"}],"predecessor-version":[{"id":15310,"href":"https:\/\/repam.org.br\/cop30\/wp-json\/wp\/v2\/posts\/15306\/revisions\/15310"}],"wp:featuredmedia":[{"embeddable":true,"href":"https:\/\/repam.org.br\/cop30\/wp-json\/wp\/v2\/media\/15307"}],"wp:attachment":[{"href":"https:\/\/repam.org.br\/cop30\/wp-json\/wp\/v2\/media?parent=15306"}],"wp:term":[{"taxonomy":"category","embeddable":true,"href":"https:\/\/repam.org.br\/cop30\/wp-json\/wp\/v2\/categories?post=15306"},{"taxonomy":"post_tag","embeddable":true,"href":"https:\/\/repam.org.br\/cop30\/wp-json\/wp\/v2\/tags?post=15306"}],"curies":[{"name":"wp","href":"https:\/\/api.w.org\/{rel}","templated":true}]}}