{"id":15325,"date":"2024-11-18T13:28:10","date_gmt":"2024-11-18T16:28:10","guid":{"rendered":"https:\/\/repam.org.br\/cop30\/?p=15325"},"modified":"2024-11-18T14:35:55","modified_gmt":"2024-11-18T17:35:55","slug":"repam-fortalece-a-mobilizacao-dos-povos-pela-terra-e-pelo-clima-no-g20-social-no-rio-de-janeiro","status":"publish","type":"post","link":"https:\/\/repam.org.br\/cop30\/repam-fortalece-a-mobilizacao-dos-povos-pela-terra-e-pelo-clima-no-g20-social-no-rio-de-janeiro\/","title":{"rendered":"REPAM fortalece a Mobiliza\u00e7\u00e3o dos Povos pela Terra e pelo Clima no G20 Social no Rio de Janeiro"},"content":{"rendered":"\n<p>Entre os dias 14 e 16 de novembro, o Rio de Janeiro recebeu o G20 Social, um encontro paralelo \u00e0 c\u00fapula oficial do G20, voltado para debates e a\u00e7\u00f5es da sociedade civil em torno de temas globais como fome, desigualdade e sustentabilidade. Realizado no espa\u00e7o Kobra, na zona portu\u00e1ria da cidade, o evento reuniu lideran\u00e7as nacionais e internacionais, movimentos sociais e organiza\u00e7\u00f5es comprometidas com justi\u00e7a clim\u00e1tica e social. A Rede Eclesial Pan-Amaz\u00f4nica (REPAM) marcou presen\u00e7a no evento como parte de sua Mobiliza\u00e7\u00e3o dos Povos pela Terra e pelo Clima rumo \u00e0 COP30, contribuindo para os debates e fortalecendo alian\u00e7as estrat\u00e9gicas.<\/p>\n\n\n\n<p>Arlete Gomes, coordenadora de projetos da Mobiliza\u00e7\u00e3o dos Povos pela Terra e pelo Clima da REPAM, esteve presente e refor\u00e7ou a relev\u00e2ncia desse momento:<br><em>&#8220;O G20 Social foi fundamental para ampliar nosso olhar e entender como fortalecer iniciativas que d\u00e3o visibilidade aos rostos dos trabalhadores e trabalhadoras das comunidades tradicionais. Nosso compromisso \u00e9 garantir que essas vozes estejam representadas na COP30, levando modelos alternativos e sustent\u00e1veis de economia que combatem a fome e promovem justi\u00e7a social.&#8221;<\/em><\/p>\n\n\n\n<p>As feiras organizadas no evento foram um dos pontos altos, trazendo \u00e0 tona diversas pr\u00e1ticas de economia solid\u00e1ria e sustent\u00e1vel. Arlete destacou a import\u00e2ncia de replicar essas experi\u00eancias: <em>&#8220;Pensar em prateleiras e feiras que apresentem alternativas econ\u00f4micas sustent\u00e1veis, antes ou durante a COP30, \u00e9 um movimento essencial. Isso nos desafia a combater a fome e a desigualdade social de forma pr\u00e1tica, valorizando a diversidade de iniciativas que emergem das comunidades locais.&#8221;<\/em><\/p>\n\n\n\n<figure class=\"wp-block-image size-large\"><img fetchpriority=\"high\" decoding=\"async\" width=\"1024\" height=\"768\" src=\"https:\/\/repam.org.br\/cop30\/wp-content\/uploads\/2024\/11\/WhatsApp-Image-2024-11-18-at-10.56.03-1024x768.jpeg\" alt=\"\" class=\"wp-image-15327\" srcset=\"https:\/\/repam.org.br\/cop30\/wp-content\/uploads\/2024\/11\/WhatsApp-Image-2024-11-18-at-10.56.03-1024x768.jpeg 1024w, https:\/\/repam.org.br\/cop30\/wp-content\/uploads\/2024\/11\/WhatsApp-Image-2024-11-18-at-10.56.03-300x225.jpeg 300w, https:\/\/repam.org.br\/cop30\/wp-content\/uploads\/2024\/11\/WhatsApp-Image-2024-11-18-at-10.56.03-768x576.jpeg 768w, https:\/\/repam.org.br\/cop30\/wp-content\/uploads\/2024\/11\/WhatsApp-Image-2024-11-18-at-10.56.03-1536x1152.jpeg 1536w, https:\/\/repam.org.br\/cop30\/wp-content\/uploads\/2024\/11\/WhatsApp-Image-2024-11-18-at-10.56.03.jpeg 1600w\" sizes=\"(max-width: 1024px) 100vw, 1024px\" \/><\/figure>\n\n\n\n<p>A participa\u00e7\u00e3o no G20 Social reafirma o papel da REPAM como articuladora de a\u00e7\u00f5es transformadoras, conectando movimentos sociais e evidenciando a urg\u00eancia de solu\u00e7\u00f5es concretas para desafios clim\u00e1ticos e sociais. Essa experi\u00eancia fortalece o caminho para a COP30, que promete ser um espa\u00e7o para consolidar propostas que unam economia verde, justi\u00e7a social e sustentabilidade.<\/p>\n","protected":false},"excerpt":{"rendered":"<p>Entre os dias 14 e 16 de novembro, o Rio de Janeiro recebeu o G20 Social, um encontro paralelo \u00e0 c\u00fapula oficial do G20, voltado para debates e a\u00e7\u00f5es da sociedade civil em torno de temas globais como fome, desigualdade e sustentabilidade. Realizado no espa\u00e7o Kobra, na zona portu\u00e1ria da cidade, o evento reuniu lideran\u00e7as nacionais e internacionais, movimentos sociais e organiza\u00e7\u00f5es comprometidas com justi\u00e7a clim\u00e1tica e social. A Rede Eclesial Pan-Amaz\u00f4nica (REPAM) marcou presen\u00e7a no evento como parte de sua Mobiliza\u00e7\u00e3o dos Povos pela Terra e pelo Clima rumo \u00e0 COP30, contribuindo para os debates e fortalecendo alian\u00e7as estrat\u00e9gicas. Arlete Gomes, coordenadora de projetos da Mobiliza\u00e7\u00e3o dos Povos pela Terra e pelo Clima da REPAM, esteve presente e refor\u00e7ou a relev\u00e2ncia desse momento:&#8220;O G20 Social foi fundamental para ampliar nosso olhar e entender como fortalecer iniciativas que d\u00e3o visibilidade aos rostos dos trabalhadores e trabalhadoras das comunidades tradicionais. Nosso compromisso \u00e9 garantir que essas vozes estejam representadas na COP30, levando modelos alternativos e sustent\u00e1veis de economia que combatem a fome e promovem justi\u00e7a social.&#8221; As feiras organizadas no evento foram um dos pontos altos, trazendo \u00e0 tona diversas pr\u00e1ticas de economia solid\u00e1ria e sustent\u00e1vel. Arlete destacou a import\u00e2ncia de replicar essas experi\u00eancias: &#8220;Pensar em prateleiras e feiras que apresentem alternativas econ\u00f4micas sustent\u00e1veis, antes ou durante a COP30, \u00e9 um movimento essencial. Isso nos desafia a combater a fome e a desigualdade social de forma pr\u00e1tica, valorizando a diversidade de iniciativas que emergem das comunidades locais.&#8221; A participa\u00e7\u00e3o no G20 Social reafirma o papel da REPAM como articuladora de a\u00e7\u00f5es transformadoras, conectando movimentos sociais e evidenciando a urg\u00eancia de solu\u00e7\u00f5es concretas para desafios clim\u00e1ticos e sociais. Essa experi\u00eancia fortalece o caminho para a COP30, que promete ser um espa\u00e7o para consolidar propostas que unam economia verde, justi\u00e7a social e sustentabilidade.<\/p>\n","protected":false},"author":3,"featured_media":15326,"comment_status":"closed","ping_status":"open","sticky":false,"template":"","format":"standard","meta":{"footnotes":""},"categories":[5],"tags":[13,15,18,19,7,8],"class_list":["post-15325","post","type-post","status-publish","format-standard","has-post-thumbnail","hentry","category-noticias","tag-amazonia","tag-cop-30","tag-populacoes-tradionais","tag-povos-indigenas","tag-repam","tag-repam-brasil"],"rttpg_featured_image_url":{"full":["https:\/\/repam.org.br\/cop30\/wp-content\/uploads\/2024\/11\/WhatsApp-Image-2024-11-18-at-10.55.07.jpeg",1600,1200,false],"landscape":["https:\/\/repam.org.br\/cop30\/wp-content\/uploads\/2024\/11\/WhatsApp-Image-2024-11-18-at-10.55.07.jpeg",1600,1200,false],"portraits":["https:\/\/repam.org.br\/cop30\/wp-content\/uploads\/2024\/11\/WhatsApp-Image-2024-11-18-at-10.55.07.jpeg",1600,1200,false],"thumbnail":["https:\/\/repam.org.br\/cop30\/wp-content\/uploads\/2024\/11\/WhatsApp-Image-2024-11-18-at-10.55.07-150x150.jpeg",150,150,true],"medium":["https:\/\/repam.org.br\/cop30\/wp-content\/uploads\/2024\/11\/WhatsApp-Image-2024-11-18-at-10.55.07-300x225.jpeg",300,225,true],"large":["https:\/\/repam.org.br\/cop30\/wp-content\/uploads\/2024\/11\/WhatsApp-Image-2024-11-18-at-10.55.07-1024x768.jpeg",800,600,true],"1536x1536":["https:\/\/repam.org.br\/cop30\/wp-content\/uploads\/2024\/11\/WhatsApp-Image-2024-11-18-at-10.55.07-1536x1152.jpeg",1536,1152,true],"2048x2048":["https:\/\/repam.org.br\/cop30\/wp-content\/uploads\/2024\/11\/WhatsApp-Image-2024-11-18-at-10.55.07.jpeg",1600,1200,false]},"rttpg_author":{"display_name":"Comunica\u00e7\u00e3o Cop30","author_link":"https:\/\/repam.org.br\/cop30\/author\/comunicacaocop30\/"},"rttpg_comment":0,"rttpg_category":"<a href=\"https:\/\/repam.org.br\/cop30\/category\/noticias\/\" rel=\"category tag\">Not\u00edcias<\/a>","rttpg_excerpt":"Entre os dias 14 e 16 de novembro, o Rio de Janeiro recebeu o G20 Social, um encontro paralelo \u00e0 c\u00fapula oficial do G20, voltado para debates e a\u00e7\u00f5es da sociedade civil em torno de temas globais como fome, desigualdade e sustentabilidade. Realizado no espa\u00e7o Kobra, na zona portu\u00e1ria da cidade, o evento reuniu lideran\u00e7as&hellip;","_links":{"self":[{"href":"https:\/\/repam.org.br\/cop30\/wp-json\/wp\/v2\/posts\/15325","targetHints":{"allow":["GET"]}}],"collection":[{"href":"https:\/\/repam.org.br\/cop30\/wp-json\/wp\/v2\/posts"}],"about":[{"href":"https:\/\/repam.org.br\/cop30\/wp-json\/wp\/v2\/types\/post"}],"author":[{"embeddable":true,"href":"https:\/\/repam.org.br\/cop30\/wp-json\/wp\/v2\/users\/3"}],"replies":[{"embeddable":true,"href":"https:\/\/repam.org.br\/cop30\/wp-json\/wp\/v2\/comments?post=15325"}],"version-history":[{"count":3,"href":"https:\/\/repam.org.br\/cop30\/wp-json\/wp\/v2\/posts\/15325\/revisions"}],"predecessor-version":[{"id":15332,"href":"https:\/\/repam.org.br\/cop30\/wp-json\/wp\/v2\/posts\/15325\/revisions\/15332"}],"wp:featuredmedia":[{"embeddable":true,"href":"https:\/\/repam.org.br\/cop30\/wp-json\/wp\/v2\/media\/15326"}],"wp:attachment":[{"href":"https:\/\/repam.org.br\/cop30\/wp-json\/wp\/v2\/media?parent=15325"}],"wp:term":[{"taxonomy":"category","embeddable":true,"href":"https:\/\/repam.org.br\/cop30\/wp-json\/wp\/v2\/categories?post=15325"},{"taxonomy":"post_tag","embeddable":true,"href":"https:\/\/repam.org.br\/cop30\/wp-json\/wp\/v2\/tags?post=15325"}],"curies":[{"name":"wp","href":"https:\/\/api.w.org\/{rel}","templated":true}]}}