{"id":15337,"date":"2024-11-20T15:19:27","date_gmt":"2024-11-20T18:19:27","guid":{"rendered":"https:\/\/repam.org.br\/cop30\/?p=15337"},"modified":"2024-11-21T15:21:48","modified_gmt":"2024-11-21T18:21:48","slug":"povos-indigenas-do-brasil-australia-e-pacifico-lancam-troika-de-enfrentamento-a-crise-climatica","status":"publish","type":"post","link":"https:\/\/repam.org.br\/cop30\/povos-indigenas-do-brasil-australia-e-pacifico-lancam-troika-de-enfrentamento-a-crise-climatica\/","title":{"rendered":"Povos ind\u00edgenas do Brasil, Austr\u00e1lia e Pac\u00edfico lan\u00e7am troika de enfrentamento \u00e0 crise clim\u00e1tica"},"content":{"rendered":"\n<p class=\"has-text-align-center\"><em>Lideran\u00e7as reivindicam co-presid\u00eancia ind\u00edgena na COP30 no Brasil para incluir os povos ind\u00edgenas nas tomadas de decis\u00e3o sobre pol\u00edticas clim\u00e1ticas<\/em><\/p>\n\n\n\n<p>*<a href=\"https:\/\/coiab.org.br\/povos-indigenas-do-brasil-australia-e-pacifico-lancam-troika-de-enfrentamento-a-crise-climatica\/\">Mat\u00e9ria publica no site da Coiab<\/a><\/p>\n\n\n\n<p>Para fortalecer a participa\u00e7\u00e3o global dos povos ind\u00edgenas nas negocia\u00e7\u00f5es clim\u00e1ticas, lideran\u00e7as ind\u00edgenas do Brasil, Austr\u00e1lia e Ilhas do Pac\u00edfico lan\u00e7aram a \u2018Troika Ind\u00edgena\u2019 durante a COP29, em Baku, no Azerbaij\u00e3o, nesta quarta-feira (13). A estrutura pretende assegurar o reconhecimento dos povos ind\u00edgenas como verdadeiras autoridades clim\u00e1ticas e reivindica, entre outros pontos, uma co-presid\u00eancia ind\u00edgena na COP30, que ser\u00e1 realizada no Brasil em 2025.<\/p>\n\n\n\n<p>A iniciativa foi apresentada pela Coordena\u00e7\u00e3o das Organiza\u00e7\u00f5es Ind\u00edgenas da Amaz\u00f4nia Brasileira (Coiab), ao lado das organiza\u00e7\u00f5es Indigenous Peoples\u2019 Organisation-Australia e Pacific Islands Climate Action Network. O evento teve a participa\u00e7\u00e3o da ministra dos Povos Ind\u00edgenas do Brasil, S\u00f4nia Guajajara, da presidente da Funda\u00e7\u00e3o Nacional dos Povos Ind\u00edgenas (Funai), Joenia Wapichana, e do ministro de Assuntos Internos, Mudan\u00e7as Clim\u00e1ticas e Meio Ambiente de Tuvalu, Maina Talia, al\u00e9m de ind\u00edgenas de diferentes pa\u00edses participantes da COP.<\/p>\n\n\n\n<figure class=\"wp-block-image aligncenter\"><img decoding=\"async\" src=\"https:\/\/coiab.org.br\/wp-content\/uploads\/2024\/11\/Lancamento-Troika-Pepyaka-Krkikati.png\" alt=\"\" class=\"wp-image-247280\"\/><\/figure>\n\n\n\n<p>Segundo Alana Manchineri, gerente de comunica\u00e7\u00e3o e articuladora internacional da Coiab, a estrat\u00e9gia foi pensada para reafirmar o papel dos povos ind\u00edgenas como verdadeiras autoridades do clima e da biodiversidade, garantindo que a contribui\u00e7\u00e3o deles para o equil\u00edbrio clim\u00e1tico seja reconhecida e que suas pautas e interesses sejam priorizados nos espa\u00e7os de decis\u00e3o.<\/p>\n\n\n\n<p>\u201cDiferente dos governos que continuam negociando metas clim\u00e1ticas insuficientes e financiamentos vazios, n\u00f3s temos liderado pelo exemplo, cuidando de nossos territ\u00f3rios, que s\u00e3o as \u00e1reas mais preservadas e ricas em biodiversidade da floresta amaz\u00f4nica. Se h\u00e1 uma autoridade clim\u00e1tica no Brasil hoje, essa autoridade somos n\u00f3s\u201d, afirmou Alana.<\/p>\n\n\n\n<p>A representante da Coiab tamb\u00e9m destacou a necessidade da COP30, na Amaz\u00f4nia, ser um espa\u00e7o inclusivo para todos os povos ind\u00edgenas do mundo, com representatividade real nos processos da confer\u00eancia. Por isso, a co-presid\u00eancia ind\u00edgena na COP30 \u00e9 uma reivindica\u00e7\u00e3o da troika, como reconhecimento da autoridade dos povos ind\u00edgenas na pauta clim\u00e1tica, uma vez que s\u00e3o eles os principais defensores dos biomas que funcionam como sumidouros de carbono.<\/p>\n\n\n\n<figure class=\"wp-block-image aligncenter\"><img decoding=\"async\" src=\"https:\/\/coiab.org.br\/wp-content\/uploads\/2024\/11\/Lancamento-Troika-Pepyaka-Krkikati-2.png\" alt=\"\" class=\"wp-image-247283\"\/><\/figure>\n\n\n\n<p>Ainda segundo Alana, uma co-presid\u00eancia ind\u00edgena seria uma oportunidade \u00fanica de transformar o modo como as negocia\u00e7\u00f5es clim\u00e1ticas s\u00e3o realizadas no cen\u00e1rio global. Isso incluiria a valoriza\u00e7\u00e3o dos sistemas de conhecimento tradicionais e a inclus\u00e3o dos povos ind\u00edgenas no centro das negocia\u00e7\u00f5es, promovendo uma verdadeira justi\u00e7a clim\u00e1tica.<\/p>\n\n\n\n<p>\u201cA COP-30 ser\u00e1 no nosso territ\u00f3rio. N\u00e3o aceitaremos que as negocia\u00e7\u00f5es aconte\u00e7am sem a participa\u00e7\u00e3o das nossas vozes e da nossa autoridade clim\u00e1tica. Nada que ameace o futuro da vida ser\u00e1 tolerado\u201d, completou Alana.<\/p>\n\n\n\n<p>A troika planeja ser um espa\u00e7o aberto para todos os povos ind\u00edgenas compartilharem suas demandas e, juntos, constru\u00edrem estrat\u00e9gias de incid\u00eancia na agenda clim\u00e1tica global. Para isso, est\u00e1 prevista a realiza\u00e7\u00e3o de uma a\u00e7\u00e3o global conjunta no dia 5 de setembro, dia da Amaz\u00f4nia, como manifesta\u00e7\u00e3o da alian\u00e7a entre os povos ind\u00edgenas de diferentes pa\u00edses.<\/p>\n\n\n\n<p>\u201cA alian\u00e7a reflete as consequ\u00eancias de m\u00e1s decis\u00f5es e o clamor de socorro da nossa M\u00e3e Terra. A for\u00e7a das culturas ind\u00edgenas pode transformar. Minha hist\u00f3ria \u00e9 a do Pac\u00edfico, que sofre com a crise clim\u00e1tica. Nosso prop\u00f3sito \u00e9 repassar nossa cultura e valores, e isso \u00e9 poderoso\u201d, disse Rufino Varea, do Pacific Islands Climate Action Network.<\/p>\n\n\n\n<figure class=\"wp-block-image aligncenter\"><img decoding=\"async\" src=\"https:\/\/coiab.org.br\/wp-content\/uploads\/2024\/11\/Lancamento-Troika-Pepyaka-Krkikati-1-1.png\" alt=\"\" class=\"wp-image-247284\"\/><\/figure>\n\n\n\n<h3 class=\"wp-block-heading\">Veja os objetivos da Troika Ind\u00edgena<\/h3>\n\n\n\n<p>\u2013 Estabelecer uma alian\u00e7a global que represente povos ind\u00edgenas e seus aliados para advogar por a\u00e7\u00f5es clim\u00e1ticas ambiciosas e efetivas em f\u00f3runs globais;<\/p>\n\n\n\n<p>\u2013 Ampliar a incid\u00eancia ind\u00edgena nos n\u00edveis internacional, nacional e local, unindo lutas, compartilhando saberes e recursos, e gerando maior visibilidade e resultados efetivos;<\/p>\n\n\n\n<p>\u2013 Pressionar as na\u00e7\u00f5es ricas para cumprirem suas responsabilidades no financiamento clim\u00e1tico e aumentar o financiamento direto para iniciativas lideradas por povos ind\u00edgenas, garantindo que os recursos cheguem aos mais vulner\u00e1veis;<\/p>\n\n\n\n<p>\u2013 Encerrar a era dos combust\u00edveis f\u00f3sseis com uma transi\u00e7\u00e3o energ\u00e9tica justa, aprofundando o que foi acordado na COP 28, com a\u00e7\u00f5es urgentes para acelerar a transi\u00e7\u00e3o, sem prejudicar os povos ind\u00edgenas e seus territ\u00f3rios;<\/p>\n\n\n\n<p>\u2013 Atuar para que as metas clim\u00e1ticas dos pa\u00edses estejam alinhadas com o desafio de redu\u00e7\u00e3o das emiss\u00f5es de gases de efeito estufa e de prote\u00e7\u00e3o da vida no planeta, de acordo com as metas estabelecidas no Acordo de Paris, inserindo nas suas NDCs a demarca\u00e7\u00e3o e titula\u00e7\u00e3o de terras ind\u00edgenas como pol\u00edtica clim\u00e1tica e de biodiversidade.<\/p>\n\n\n\n<p><em>Fotos: Pepyak\u00e1 Krikati<\/em><\/p>\n","protected":false},"excerpt":{"rendered":"<p>Lideran\u00e7as reivindicam co-presid\u00eancia ind\u00edgena na COP30 no Brasil para incluir os povos ind\u00edgenas nas tomadas de decis\u00e3o sobre pol\u00edticas clim\u00e1ticas *Mat\u00e9ria publica no site da Coiab Para fortalecer a participa\u00e7\u00e3o global dos povos ind\u00edgenas nas negocia\u00e7\u00f5es clim\u00e1ticas, lideran\u00e7as ind\u00edgenas do Brasil, Austr\u00e1lia e Ilhas do Pac\u00edfico lan\u00e7aram a \u2018Troika Ind\u00edgena\u2019 durante a COP29, em Baku, no Azerbaij\u00e3o, nesta quarta-feira (13). A estrutura pretende assegurar o reconhecimento dos povos ind\u00edgenas como verdadeiras autoridades clim\u00e1ticas e reivindica, entre outros pontos, uma co-presid\u00eancia ind\u00edgena na COP30, que ser\u00e1 realizada no Brasil em 2025. A iniciativa foi apresentada pela Coordena\u00e7\u00e3o das Organiza\u00e7\u00f5es Ind\u00edgenas da Amaz\u00f4nia Brasileira (Coiab), ao lado das organiza\u00e7\u00f5es Indigenous Peoples\u2019 Organisation-Australia e Pacific Islands Climate Action Network. O evento teve a participa\u00e7\u00e3o da ministra dos Povos Ind\u00edgenas do Brasil, S\u00f4nia Guajajara, da presidente da Funda\u00e7\u00e3o Nacional dos Povos Ind\u00edgenas (Funai), Joenia Wapichana, e do ministro de Assuntos Internos, Mudan\u00e7as Clim\u00e1ticas e Meio Ambiente de Tuvalu, Maina Talia, al\u00e9m de ind\u00edgenas de diferentes pa\u00edses participantes da COP. Segundo Alana Manchineri, gerente de comunica\u00e7\u00e3o e articuladora internacional da Coiab, a estrat\u00e9gia foi pensada para reafirmar o papel dos povos ind\u00edgenas como verdadeiras autoridades do clima e da biodiversidade, garantindo que a contribui\u00e7\u00e3o deles para o equil\u00edbrio clim\u00e1tico seja reconhecida e que suas pautas e interesses sejam priorizados nos espa\u00e7os de decis\u00e3o. \u201cDiferente dos governos que continuam negociando metas clim\u00e1ticas insuficientes e financiamentos vazios, n\u00f3s temos liderado pelo exemplo, cuidando de nossos territ\u00f3rios, que s\u00e3o as \u00e1reas mais preservadas e ricas em biodiversidade da floresta amaz\u00f4nica. Se h\u00e1 uma autoridade clim\u00e1tica no Brasil hoje, essa autoridade somos n\u00f3s\u201d, afirmou Alana. A representante da Coiab tamb\u00e9m destacou a necessidade da COP30, na Amaz\u00f4nia, ser um espa\u00e7o inclusivo para todos os povos ind\u00edgenas do mundo, com representatividade real nos processos da confer\u00eancia. Por isso, a co-presid\u00eancia ind\u00edgena na COP30 \u00e9 uma reivindica\u00e7\u00e3o da troika, como reconhecimento da autoridade dos povos ind\u00edgenas na pauta clim\u00e1tica, uma vez que s\u00e3o eles os principais defensores dos biomas que funcionam como sumidouros de carbono. Ainda segundo Alana, uma co-presid\u00eancia ind\u00edgena seria uma oportunidade \u00fanica de transformar o modo como as negocia\u00e7\u00f5es clim\u00e1ticas s\u00e3o realizadas no cen\u00e1rio global. Isso incluiria a valoriza\u00e7\u00e3o dos sistemas de conhecimento tradicionais e a inclus\u00e3o dos povos ind\u00edgenas no centro das negocia\u00e7\u00f5es, promovendo uma verdadeira justi\u00e7a clim\u00e1tica. \u201cA COP-30 ser\u00e1 no nosso territ\u00f3rio. N\u00e3o aceitaremos que as negocia\u00e7\u00f5es aconte\u00e7am sem a participa\u00e7\u00e3o das nossas vozes e da nossa autoridade clim\u00e1tica. Nada que ameace o futuro da vida ser\u00e1 tolerado\u201d, completou Alana. A troika planeja ser um espa\u00e7o aberto para todos os povos ind\u00edgenas compartilharem suas demandas e, juntos, constru\u00edrem estrat\u00e9gias de incid\u00eancia na agenda clim\u00e1tica global. Para isso, est\u00e1 prevista a realiza\u00e7\u00e3o de uma a\u00e7\u00e3o global conjunta no dia 5 de setembro, dia da Amaz\u00f4nia, como manifesta\u00e7\u00e3o da alian\u00e7a entre os povos ind\u00edgenas de diferentes pa\u00edses. \u201cA alian\u00e7a reflete as consequ\u00eancias de m\u00e1s decis\u00f5es e o clamor de socorro da nossa M\u00e3e Terra. A for\u00e7a das culturas ind\u00edgenas pode transformar. Minha hist\u00f3ria \u00e9 a do Pac\u00edfico, que sofre com a crise clim\u00e1tica. Nosso prop\u00f3sito \u00e9 repassar nossa cultura e valores, e isso \u00e9 poderoso\u201d, disse Rufino Varea, do Pacific Islands Climate Action Network. Veja os objetivos da Troika Ind\u00edgena \u2013 Estabelecer uma alian\u00e7a global que represente povos ind\u00edgenas e seus aliados para advogar por a\u00e7\u00f5es clim\u00e1ticas ambiciosas e efetivas em f\u00f3runs globais; \u2013 Ampliar a incid\u00eancia ind\u00edgena nos n\u00edveis internacional, nacional e local, unindo lutas, compartilhando saberes e recursos, e gerando maior visibilidade e resultados efetivos; \u2013 Pressionar as na\u00e7\u00f5es ricas para cumprirem suas responsabilidades no financiamento clim\u00e1tico e aumentar o financiamento direto para iniciativas lideradas por povos ind\u00edgenas, garantindo que os recursos cheguem aos mais vulner\u00e1veis; \u2013 Encerrar a era dos combust\u00edveis f\u00f3sseis com uma transi\u00e7\u00e3o energ\u00e9tica justa, aprofundando o que foi acordado na COP 28, com a\u00e7\u00f5es urgentes para acelerar a transi\u00e7\u00e3o, sem prejudicar os povos ind\u00edgenas e seus territ\u00f3rios; \u2013 Atuar para que as metas clim\u00e1ticas dos pa\u00edses estejam alinhadas com o desafio de redu\u00e7\u00e3o das emiss\u00f5es de gases de efeito estufa e de prote\u00e7\u00e3o da vida no planeta, de acordo com as metas estabelecidas no Acordo de Paris, inserindo nas suas NDCs a demarca\u00e7\u00e3o e titula\u00e7\u00e3o de terras ind\u00edgenas como pol\u00edtica clim\u00e1tica e de biodiversidade. Fotos: Pepyak\u00e1 Krikati<\/p>\n","protected":false},"author":3,"featured_media":15338,"comment_status":"closed","ping_status":"open","sticky":false,"template":"","format":"standard","meta":{"footnotes":""},"categories":[5],"tags":[13,15,16,8],"class_list":["post-15337","post","type-post","status-publish","format-standard","has-post-thumbnail","hentry","category-noticias","tag-amazonia","tag-cop-30","tag-cupula-dos-povos","tag-repam-brasil"],"rttpg_featured_image_url":{"full":["https:\/\/repam.org.br\/cop30\/wp-content\/uploads\/2024\/11\/Lancamento-Troika-Pepyaka-Krkikati-3.png",1000,667,false],"landscape":["https:\/\/repam.org.br\/cop30\/wp-content\/uploads\/2024\/11\/Lancamento-Troika-Pepyaka-Krkikati-3.png",1000,667,false],"portraits":["https:\/\/repam.org.br\/cop30\/wp-content\/uploads\/2024\/11\/Lancamento-Troika-Pepyaka-Krkikati-3.png",1000,667,false],"thumbnail":["https:\/\/repam.org.br\/cop30\/wp-content\/uploads\/2024\/11\/Lancamento-Troika-Pepyaka-Krkikati-3-150x150.png",150,150,true],"medium":["https:\/\/repam.org.br\/cop30\/wp-content\/uploads\/2024\/11\/Lancamento-Troika-Pepyaka-Krkikati-3-300x200.png",300,200,true],"large":["https:\/\/repam.org.br\/cop30\/wp-content\/uploads\/2024\/11\/Lancamento-Troika-Pepyaka-Krkikati-3.png",800,534,false],"1536x1536":["https:\/\/repam.org.br\/cop30\/wp-content\/uploads\/2024\/11\/Lancamento-Troika-Pepyaka-Krkikati-3.png",1000,667,false],"2048x2048":["https:\/\/repam.org.br\/cop30\/wp-content\/uploads\/2024\/11\/Lancamento-Troika-Pepyaka-Krkikati-3.png",1000,667,false]},"rttpg_author":{"display_name":"Comunica\u00e7\u00e3o Cop30","author_link":"https:\/\/repam.org.br\/cop30\/author\/comunicacaocop30\/"},"rttpg_comment":0,"rttpg_category":"<a href=\"https:\/\/repam.org.br\/cop30\/category\/noticias\/\" rel=\"category tag\">Not\u00edcias<\/a>","rttpg_excerpt":"Lideran\u00e7as reivindicam co-presid\u00eancia ind\u00edgena na COP30 no Brasil para incluir os povos ind\u00edgenas nas tomadas de decis\u00e3o sobre pol\u00edticas clim\u00e1ticas *Mat\u00e9ria publica no site da Coiab Para fortalecer a participa\u00e7\u00e3o global dos povos ind\u00edgenas nas negocia\u00e7\u00f5es clim\u00e1ticas, lideran\u00e7as ind\u00edgenas do Brasil, Austr\u00e1lia e Ilhas do Pac\u00edfico lan\u00e7aram a \u2018Troika Ind\u00edgena\u2019 durante a COP29, em Baku,&hellip;","_links":{"self":[{"href":"https:\/\/repam.org.br\/cop30\/wp-json\/wp\/v2\/posts\/15337","targetHints":{"allow":["GET"]}}],"collection":[{"href":"https:\/\/repam.org.br\/cop30\/wp-json\/wp\/v2\/posts"}],"about":[{"href":"https:\/\/repam.org.br\/cop30\/wp-json\/wp\/v2\/types\/post"}],"author":[{"embeddable":true,"href":"https:\/\/repam.org.br\/cop30\/wp-json\/wp\/v2\/users\/3"}],"replies":[{"embeddable":true,"href":"https:\/\/repam.org.br\/cop30\/wp-json\/wp\/v2\/comments?post=15337"}],"version-history":[{"count":1,"href":"https:\/\/repam.org.br\/cop30\/wp-json\/wp\/v2\/posts\/15337\/revisions"}],"predecessor-version":[{"id":15339,"href":"https:\/\/repam.org.br\/cop30\/wp-json\/wp\/v2\/posts\/15337\/revisions\/15339"}],"wp:featuredmedia":[{"embeddable":true,"href":"https:\/\/repam.org.br\/cop30\/wp-json\/wp\/v2\/media\/15338"}],"wp:attachment":[{"href":"https:\/\/repam.org.br\/cop30\/wp-json\/wp\/v2\/media?parent=15337"}],"wp:term":[{"taxonomy":"category","embeddable":true,"href":"https:\/\/repam.org.br\/cop30\/wp-json\/wp\/v2\/categories?post=15337"},{"taxonomy":"post_tag","embeddable":true,"href":"https:\/\/repam.org.br\/cop30\/wp-json\/wp\/v2\/tags?post=15337"}],"curies":[{"name":"wp","href":"https:\/\/api.w.org\/{rel}","templated":true}]}}