{"id":15341,"date":"2024-11-22T14:19:00","date_gmt":"2024-11-22T17:19:00","guid":{"rendered":"https:\/\/repam.org.br\/cop30\/?p=15341"},"modified":"2024-11-22T14:19:02","modified_gmt":"2024-11-22T17:19:02","slug":"cop-16-coiab-faz-panorama-sobre-participacao-dos-povos-indigenas-na-16a-conferencia-das-partes-sobre-diversidade-biologica","status":"publish","type":"post","link":"https:\/\/repam.org.br\/cop30\/cop-16-coiab-faz-panorama-sobre-participacao-dos-povos-indigenas-na-16a-conferencia-das-partes-sobre-diversidade-biologica\/","title":{"rendered":"COP 16: Coiab faz panorama sobre participa\u00e7\u00e3o dos povos ind\u00edgenas na 16\u00aa Confer\u00eancia das Partes sobre diversidade Biol\u00f3gica"},"content":{"rendered":"\n<p>Nas \u00faltimas semanas do m\u00eas de outubro (21 a 31), aconteceu a Confer\u00eancia das Partes (COP) sobre Diversidade Biol\u00f3gica (CDB), chamada tamb\u00e9m de COP 16 da CDB, a Coordena\u00e7\u00e3o das Organiza\u00e7\u00f5es Ind\u00edgenas da Amaz\u00f4nia Brasileira (Coiab) participou de uma intensa agenda, com pain\u00e9is e eventos com pautas sobre biodiversidade e financiamentos para iniciativas ind\u00edgenas. A Coiab tamb\u00e9m teve a oportunidade de realizar reuni\u00f5es bilaterais com apoiadores e financiadores da organiza\u00e7\u00e3o que j\u00e1 apoiam projetos e tamb\u00e9m com institui\u00e7\u00f5es interessadas em conhecer as atividades da Coiab.<\/p>\n\n\n\n<p>A Coiab teve uma incid\u00eancia relevante em diferentes discuss\u00f5es, j\u00e1 que representa a Amaz\u00f4nia brasileira e os povos ind\u00edgenas que vivem nessa regi\u00e3o, por essa quest\u00e3o esteve em diferentes oportunidades de debates e eventos das quais se destacam as que veremos logo abaixo. Entender o compromisso da organiza\u00e7\u00e3o \u00e9 fundamental para que as regi\u00f5es de base da Coiab consigam projetos para melhorias de seus territ\u00f3rios, pois sabemos que o papel dos povos ind\u00edgenas na preserva\u00e7\u00e3o da biodiversidade tem destaque na pauta da Biodiversidade, conforme explica o coordenador-geral da Coiab, Toya Manchineri. \u201cS\u00e3o os povos ind\u00edgenas que mais preservam a biodiversidade no planeta, por meio de nossos conhecimentos ancestrais e rela\u00e7\u00e3o \u00fanica com a natureza\u201d.<\/p>\n\n\n\n<p>A COP16 \u00e9 o principal f\u00f3rum global de discuss\u00e3o e negocia\u00e7\u00e3o de a\u00e7\u00f5es para a conserva\u00e7\u00e3o da biodiversidade. Al\u00e9m da Coiab e do Fundo Pod\u00e1ali, algumas das organiza\u00e7\u00f5es de base da Coiab estiveram presentes como a Articula\u00e7\u00e3o dos Povos Ind\u00edgenas do Amazonas (APIAM), Federa\u00e7\u00e3o Estadual dos Povos Ind\u00edgenas do Par\u00e1 (FEPIPA), Conselho Ind\u00edgena de Roraima (CIR), Coordena\u00e7\u00e3o das Organiza\u00e7\u00f5es e Articula\u00e7\u00f5es dos Povos Ind\u00edgenas do Maranh\u00e3o (COAPIMA) e MATPHA (Movimento Ind\u00edgena do Acre).<\/p>\n\n\n\n<p><strong>Povos Ind\u00edgenas nas mesas de negocia\u00e7\u00f5es e financiamentos<\/strong><\/p>\n\n\n\n<p>Os fundos ind\u00edgenas surgem como uma pot\u00eancia em quest\u00f5es relacionadas a investimentos e financiamentos, eles servem para que os recursos e projetos cheguem de fato na ponta, sendo esses os territ\u00f3rios ind\u00edgenas. Por essa quest\u00e3o, os fundos e o movimento ind\u00edgena devem estar ocupando espa\u00e7os onde est\u00e3o em pautas seus territ\u00f3rios, seus modos de vida e sua exist\u00eancia. Sendo assim, a representa\u00e7\u00e3o de l\u00edderes ind\u00edgenas nas mesas de negocia\u00e7\u00e3o mostram n\u00e3o s\u00f3 relev\u00e2ncia na presen\u00e7a, mas tamb\u00e9m garante que os povos ind\u00edgenas possam estar cientes e no controle das discuss\u00f5es, assumindo responsabilidades e demandando a outras organiza\u00e7\u00f5es e o pr\u00f3prio governo. Isso nos garante, enquanto povos ind\u00edgenas, o direito dos nossos territ\u00f3rios e controle das nossas narrativas. A Diretora Executiva do Fundo Ind\u00edgena da Amaz\u00f4nia Brasileira \u2013 Pod\u00e1ali, enfatiza a import\u00e2ncia dos financiamentos diretos e tamb\u00e9m o processo de cria\u00e7\u00e3o de um mecanismo como o fundo Pod\u00e1ali:<\/p>\n\n\n\n<blockquote class=\"wp-block-quote is-layout-flow wp-block-quote-is-layout-flow\">\n<p><em>\u201cA constru\u00e7\u00e3o de um mecanismo para n\u00f3s povos ind\u00edgenas \u00e9 igual a qualquer outro processo de constru\u00e7\u00e3o ind\u00edgena. Ele responde \u00e0s nossas demandas e processos internos, e o processo de cria\u00e7\u00e3o do Pod\u00e1ali \u00e9 resultado dessas metodologias, n\u00f3s os povos ind\u00edgenas da amaz\u00f4nia brasileira demoramos mais de 10 anos para construir esse mecanismo. Levando em considera\u00e7\u00e3o essas quest\u00f5es, os di\u00e1logos e a diversidade entre n\u00f3s, para construir os consensos. E estarmos em di\u00e1logo direto com os financiadores \u00e9 t\u00e3o importante para ajudar os territ\u00f3rios de uma forma mais direta, sem precisar dos atravessadores do financiamento, n\u00f3s entendemos as formas e as dificuldades que os territ\u00f3rios tem, coisas que esses atravessadores n\u00e3o entendem. N\u00e3o s\u00f3 por isso, mas ter uma organiza\u00e7\u00e3o ind\u00edgena incidindo faz realmente a diferen\u00e7a para os povos ind\u00edgenas.\u201d<\/em><\/p>\n<\/blockquote>\n\n\n\n<p><img fetchpriority=\"high\" decoding=\"async\" src=\"https:\/\/coiab.org.br\/wp-content\/uploads\/2024\/11\/COP-2.png\" alt=\"\" width=\"1000\" height=\"667\" srcset=\"https:\/\/coiab.org.br\/wp-content\/uploads\/2024\/11\/COP-2.png 1000w, https:\/\/coiab.org.br\/wp-content\/uploads\/2024\/11\/COP-2-980x654.png 980w, https:\/\/coiab.org.br\/wp-content\/uploads\/2024\/11\/COP-2-480x320.png 480w\"><\/p>\n\n\n\n<p id=\"caption-attachment-247325\">Val\u00e9ria Paye, diretora do Fundo Pod\u00e1ali na Reuni\u00e3o de Mobiliza\u00e7\u00e3o da C\u00fapula dos Povos Rumo a COP-30. Cali, Col\u00f4mbia (Foto: Kaiti Tomprare\/2024)<\/p>\n\n\n\n<p>As vozes dos povos ind\u00edgenas devem ser ouvidas nos processos de negocia\u00e7\u00f5es nas COPs, considerando os conhecimentos tradicionais e as pr\u00e1ticas de manejo sustent\u00e1vel utilizados por esses povos que contribuem de forma significativa para a preserva\u00e7\u00e3o ambiental. De acordo com dados da Organiza\u00e7\u00e3o das Na\u00e7\u00f5es Unidas (ONU), os ind\u00edgenas representam 5% da popula\u00e7\u00e3o mundial e s\u00e3o respons\u00e1veis por proteger 80% da biodiversidade do planeta. O financiamento clim\u00e1tico deve ser um processo de f\u00e1cil acesso para chegar \u00e0queles que j\u00e1 realizam a\u00e7\u00f5es de prote\u00e7\u00e3o ao meio ambiente, como os povos ind\u00edgenas.<\/p>\n\n\n\n<p><strong>Marcha \u201cA Resposta somos n\u00f3s\u201d<\/strong><\/p>\n\n\n\n<p><img decoding=\"async\" alt=\"\" width=\"1000\" height=\"667\" src=\"https:\/\/coiab.org.br\/wp-content\/uploads\/2024\/11\/COP-3.png\" srcset=\"https:\/\/coiab.org.br\/wp-content\/uploads\/2024\/11\/COP-3.png 1000w, https:\/\/coiab.org.br\/wp-content\/uploads\/2024\/11\/COP-3-980x654.png 980w, https:\/\/coiab.org.br\/wp-content\/uploads\/2024\/11\/COP-3-480x320.png 480w\"><\/p>\n\n\n\n<p id=\"caption-attachment-247326\">Representante da Coiab na Bacia Amaz\u00f4nica, Angela Kaxuyana na marcha \u201cA resposta somos n\u00f3s!\u201d. Cali \u2013 Col\u00f4mbia(Foto: Kaiti Tomprare\/2024)<\/p>\n\n\n\n<p>Na zona verde da COP 16, os povos ind\u00edgenas de todo o Brasil lan\u00e7aram uma declara\u00e7\u00e3o conjunta dos povos ind\u00edgenas rumo \u00e0 COP30 (conven\u00e7\u00e3o do clima da ONU, que ser\u00e1 realizada em Bel\u00e9m em 2025), em que exigem do governo brasileiro a co-presid\u00eancia da COP30 e o fim da extra\u00e7\u00e3o de petr\u00f3leo e g\u00e1s na Amaz\u00f4nia brasileira. A marcha a resposta somos n\u00f3s tamb\u00e9m visa proteger os povos e territ\u00f3rios ind\u00edgenas e defender a biodiversidade, a mobiliza\u00e7\u00e3o foi articulada pela Articula\u00e7\u00e3o dos Povos Ind\u00edgenas do Brasil (Apib) e tamb\u00e9m pela Coiab, visto que a agenda foi realizada em territ\u00f3rio da Amaz\u00f4nia Ind\u00edgena. Na oportunidade, foi lida a carta manifesto, onde um de seus trechos diz:<\/p>\n\n\n\n<blockquote class=\"wp-block-quote is-layout-flow wp-block-quote-is-layout-flow\">\n<p>\u201cN\u00f3s, povos ind\u00edgenas brasileiros, diante da gravidade das crises de biodiversidade e do clima, sabemos que n\u00e3o h\u00e1 tempo a perder. Aqui, na COP-16 em Cali na Col\u00f4mbia, viemos declarar que n\u00e3o aceitaremos mais nenhum projeto predat\u00f3rio, que ameace nossas vidas, nossos territ\u00f3rios e a humanidade. N\u00e3o aceitaremos mais nenhum projeto de petr\u00f3leo e g\u00e1s e qualquer outra forma de explora\u00e7\u00e3o predat\u00f3ria na Amaz\u00f4nia brasileira, em nossos territ\u00f3rios e nossos ecossistemas. N\u00e3o haver\u00e1 preserva\u00e7\u00e3o da biodiversidade e nem territ\u00f3rios ind\u00edgenas seguros em um planeta em chamas.\u201d<\/p>\n<\/blockquote>\n\n\n\n<p><img decoding=\"async\" alt=\"\" width=\"1000\" height=\"667\" src=\"https:\/\/coiab.org.br\/wp-content\/uploads\/2024\/11\/COP-4.png\" srcset=\"https:\/\/coiab.org.br\/wp-content\/uploads\/2024\/11\/COP-4.png 1000w, https:\/\/coiab.org.br\/wp-content\/uploads\/2024\/11\/COP-4-980x654.png 980w, https:\/\/coiab.org.br\/wp-content\/uploads\/2024\/11\/COP-4-480x320.png 480w\"><\/p>\n\n\n\n<p id=\"caption-attachment-247327\">Coordenador-geral da Coiab, Toya Manchineri na marcha \u201cA resposta somos n\u00f3s!\u201d. Cali \u2013 Col\u00f4mbia(Foto: Kaiti Tomprare\/2024)<\/p>\n\n\n\n<p>Os povos ind\u00edgenas clamam que a demarca\u00e7\u00e3o de terras ind\u00edgenas seja reconhecida como pol\u00edtica clim\u00e1tica e solu\u00e7\u00e3o efetiva contra a crise clim\u00e1tica e reivindicam um papel ativo e de lideran\u00e7a nas decis\u00f5es globais que afetam o futuro do planeta. A campanha \u201cA Resposta Somos N\u00f3s\u201d exige um compromisso verdadeiro com o futuro do planeta, destacando a necessidade de a\u00e7\u00e3o imediata e a centralidade dos povos ind\u00edgenas no combate \u00e0 crise ambiental.<\/p>\n\n\n\n<p><strong>G9 da Amaz\u00f4nia Ind\u00edgena<\/strong><\/p>\n\n\n\n<p>Um dos mais marcantes momentos durante a COP16, foi o lan\u00e7amento da coaliz\u00e3o das organiza\u00e7\u00f5es ind\u00edgenas da bacia amaz\u00f4nia, que formam o G9 da amaz\u00f4nia ind\u00edgena, com o objetivo de fortalecer os pa\u00edses e os povos ind\u00edgenas da Bacia Amaz\u00f4nica, pensando em pol\u00edtica p\u00fablicas e incid\u00eancias internacionais com foco em COP\u2019s de clima e biodiversidade.<\/p>\n\n\n\n<p><img loading=\"lazy\" decoding=\"async\" alt=\"\" width=\"1000\" height=\"667\" src=\"https:\/\/coiab.org.br\/wp-content\/uploads\/2024\/11\/COP-5.png\" srcset=\"https:\/\/coiab.org.br\/wp-content\/uploads\/2024\/11\/COP-5.png 1000w, https:\/\/coiab.org.br\/wp-content\/uploads\/2024\/11\/COP-5-980x654.png 980w, https:\/\/coiab.org.br\/wp-content\/uploads\/2024\/11\/COP-5-480x320.png 480w\"><\/p>\n\n\n\n<p id=\"caption-attachment-247328\">Coordenador-geral da Coiab, Toya Manchineri em discurso no lan\u00e7amento da coaliz\u00e3o do G9. Cali \u2013 Col\u00f4mbia(Foto: Kaiti Tomprare\/2024)<\/p>\n\n\n\n<p>O coordenador-geral da Coiab, Toya Manchineri, afirmou que \u201cO G9 \u00e9 um espa\u00e7o t\u00e9cnico e pol\u00edtico para podermos cada vez mais unificar o movimento ind\u00edgena da bacia amaz\u00f4nica. Pensando em fazer incid\u00eancia tanto nas COP\u2019s de clima quanto na de Biodiversidade, visando tamb\u00e9m o caminho da COP 30, precisamos estar cada vez mais unidos\u201d.<\/p>\n\n\n\n<p>Essa \u00e9 uma alian\u00e7a in\u00e9dita que posiciona as organiza\u00e7\u00f5es ind\u00edgenas como autoridades internacionais no mesmo n\u00edvel das autoridades do G7 ou do G20. Os territ\u00f3rios ind\u00edgenas s\u00e3o as pot\u00eancias mundiais da biodiversidade e do clima e por isso o G9 \u00e9 uma importante ferramenta pol\u00edtica que beneficia os territ\u00f3rios ind\u00edgenas da bacia amaz\u00f4nica, podendo ter representantes em uma esfera internacional. A coaliz\u00e3o do G9 pode nos ensinar e direcionar os conhecimentos ind\u00edgenas de diferentes povos no combate \u00e0s mudan\u00e7as clim\u00e1ticas e preserva\u00e7\u00e3o da biodiversidade.<\/p>\n\n\n\n<p><strong>Adi\u00e7\u00e3o do Artigo 8J como \u00f3rg\u00e3o subsidi\u00e1rio<\/strong><\/p>\n\n\n\n<p>Ap\u00f3s 26 anos de manifesta\u00e7\u00f5es constantes, foi estabelecido o \u00f3rg\u00e3o subsidi\u00e1rio do Artigo 8J, documento das Na\u00e7\u00f5es Unidas que trata do reconhecimento dos povos origin\u00e1rios. O \u00f3rg\u00e3o foi aprovado durante a COP 16 da Conven\u00e7\u00e3o sobre Diversidade Biol\u00f3gica (CDB), a cria\u00e7\u00e3o desse \u00f3rg\u00e3o subsidi\u00e1rio permanente ser\u00e1 importante para tratar dos direitos de povos ind\u00edgenas e comunidades tradicionais.<\/p>\n\n\n\n<p>Esse \u00e9 o primeiro passo para que os povos ind\u00edgenas sejam inclu\u00eddos nas futuras decis\u00f5es e negocia\u00e7\u00f5es sobre a conserva\u00e7\u00e3o da natureza. Garantindo ainda maior participa\u00e7\u00e3o nas negocia\u00e7\u00f5es para aconselhar, mas sem direito a voto como uma parte. Esta decis\u00e3o \u00e9 considerada in\u00e9dita, pois n\u00e3o existe outro processo na Organiza\u00e7\u00e3o das Na\u00e7\u00f5es Unidas na COP da biodiversidade com um \u00f3rg\u00e3o dedicado a povos ind\u00edgenas e comunidades locais, iniciativa que j\u00e1 existe na COP do clima com a Plataforma de Povos Ind\u00edgenas e Comunidades Locais<\/p>\n\n\n\n<p><img loading=\"lazy\" decoding=\"async\" alt=\"\" width=\"1000\" height=\"667\" src=\"https:\/\/coiab.org.br\/wp-content\/uploads\/2024\/11\/COP-6.png\" srcset=\"https:\/\/coiab.org.br\/wp-content\/uploads\/2024\/11\/COP-6.png 1000w, https:\/\/coiab.org.br\/wp-content\/uploads\/2024\/11\/COP-6-980x654.png 980w, https:\/\/coiab.org.br\/wp-content\/uploads\/2024\/11\/COP-6-480x320.png 480w\"><\/p>\n\n\n\n<p id=\"caption-attachment-247329\">Sin\u00e9ia do Vale em Painel na COP 16 da CDB. Cali \u2013 Col\u00f4mbia. (Foto: Kaiti Trompare. 2024)<\/p>\n\n\n\n<p>O pr\u00f3ximo passo \u00e9 a quest\u00e3o da demarca\u00e7\u00e3o de terras ind\u00edgenas, que precisa avan\u00e7ar. \u00c9 necess\u00e1rio garantir as terras ind\u00edgenas como indicador das metas globais da Biodiversidade. Outro passo \u00e9 acompanhar o plano de trabalho do Artigo 8(j) e a composi\u00e7\u00e3o do \u00f3rg\u00e3o subsidi\u00e1rio, para isso ser\u00e1 necess\u00e1rio que lideran\u00e7as ind\u00edgenas estejam alinhadas. Esse papel ser\u00e1 provavelmente tra\u00e7ado junto ao G9 ind\u00edgena que se trata de um espa\u00e7o t\u00e9cnico e pol\u00edtico do movimento ind\u00edgena da Bacia Amaz\u00f4nica.<\/p>\n\n\n\n<p><strong>COP 30 no Brasil<\/strong><\/p>\n\n\n\n<p>A COP 16 da CDB, nomeada como a COP do povo por seus organizadores, nos deixa reflexivos sobre a expectativa de uma COP no Brasil, e ansiosos para uma COP de clima em territ\u00f3rio onde temos a maior floresta tropical do mundo, com a exist\u00eancia de 180 povos ind\u00edgenas e 114 grupos ind\u00edgenas em isolamento volunt\u00e1rio, a maior quantidade identificada no planeta. Por isso, a participa\u00e7\u00e3o dos povos ind\u00edgenas \u00e9 uma prioridade para a Coordena\u00e7\u00e3o das Organiza\u00e7\u00f5es Ind\u00edgenas da Amaz\u00f4nia Brasileira, visando que o governo entenda a import\u00e2ncia da presen\u00e7a ind\u00edgena nessas pautas e discuss\u00f5es, nos convidando para os mais diferentes temas que citem nossos territ\u00f3rios.<\/p>\n\n\n\n<p>\u00c9 importante estar atento as medidas que os governos locais e federais do Brasil est\u00e3o tomando para receber um evento internacional com o porte da Confer\u00eancia das Partes, para que os povos ind\u00edgenas n\u00e3o passem por desrespeito ou qualquer outro ponto negativo dentro de seu pr\u00f3prio territ\u00f3rio, tal qual viabilizar a participa\u00e7\u00e3o de uma delega\u00e7\u00e3o ind\u00edgena dentro dos espa\u00e7os de destaque da COP.<\/p>\n\n\n\n<p>A expectativa \u00e9 que o evento projete o estado do Par\u00e1 para o mundo, mostrando seu jeito amaz\u00f4nico de ser e viver e o movimento ind\u00edgena espera que suas pautas sejam projetadas internacionalmente com mais \u00eanfase nas suas atividades de grande import\u00e2ncia para o planeta. Assim como incluir nos documentos finais a import\u00e2ncia dos territ\u00f3rios ind\u00edgenas demarcados como pol\u00edtica de clima para o bem viver do globo.<\/p>\n\n\n\n<p>A participa\u00e7\u00e3o da Coiab na COP 16 \u00e9 viabilizada por meio da parceria com a Hivos, por meio da iniciativa Vozes pela A\u00e7\u00e3o Clim\u00e1tica Justa \u2013 VAC, e conta ainda com o apoio do Fundo Ind\u00edgena da Amaz\u00f4nia Brasileira (Pod\u00e1ali), Greenpeace Brasil, WWF, Unicef, WCS, Fossilfueltreaty, 350.org, Ford Fundation e Fundo Brasil.<\/p>\n\n\n\n<p><a href=\"https:\/\/coiab.org.br\/cop-16-coiab-faz-panorama-sobre-participacao-dos-povos-indigenas-na-16a-conferencia-das-partes-sobre-diversidade-biologica\/\">*Mat\u00e9ria originalmente publicada no site da Coiab<\/a><\/p>\n\n\n\n<p><\/p>\n","protected":false},"excerpt":{"rendered":"<p>Nas \u00faltimas semanas do m\u00eas de outubro (21 a 31), aconteceu a Confer\u00eancia das Partes (COP) sobre Diversidade Biol\u00f3gica (CDB), chamada tamb\u00e9m de COP 16 da CDB, a Coordena\u00e7\u00e3o das Organiza\u00e7\u00f5es Ind\u00edgenas da Amaz\u00f4nia Brasileira (Coiab) participou de uma intensa agenda, com pain\u00e9is e eventos com pautas sobre biodiversidade e financiamentos para iniciativas ind\u00edgenas. A Coiab tamb\u00e9m teve a oportunidade de realizar reuni\u00f5es bilaterais com apoiadores e financiadores da organiza\u00e7\u00e3o que j\u00e1 apoiam projetos e tamb\u00e9m com institui\u00e7\u00f5es interessadas em conhecer as atividades da Coiab. A Coiab teve uma incid\u00eancia relevante em diferentes discuss\u00f5es, j\u00e1 que representa a Amaz\u00f4nia brasileira e os povos ind\u00edgenas que vivem nessa regi\u00e3o, por essa quest\u00e3o esteve em diferentes oportunidades de debates e eventos das quais se destacam as que veremos logo abaixo. Entender o compromisso da organiza\u00e7\u00e3o \u00e9 fundamental para que as regi\u00f5es de base da Coiab consigam projetos para melhorias de seus territ\u00f3rios, pois sabemos que o papel dos povos ind\u00edgenas na preserva\u00e7\u00e3o da biodiversidade tem destaque na pauta da Biodiversidade, conforme explica o coordenador-geral da Coiab, Toya Manchineri. \u201cS\u00e3o os povos ind\u00edgenas que mais preservam a biodiversidade no planeta, por meio de nossos conhecimentos ancestrais e rela\u00e7\u00e3o \u00fanica com a natureza\u201d. A COP16 \u00e9 o principal f\u00f3rum global de discuss\u00e3o e negocia\u00e7\u00e3o de a\u00e7\u00f5es para a conserva\u00e7\u00e3o da biodiversidade. Al\u00e9m da Coiab e do Fundo Pod\u00e1ali, algumas das organiza\u00e7\u00f5es de base da Coiab estiveram presentes como a Articula\u00e7\u00e3o dos Povos Ind\u00edgenas do Amazonas (APIAM), Federa\u00e7\u00e3o Estadual dos Povos Ind\u00edgenas do Par\u00e1 (FEPIPA), Conselho Ind\u00edgena de Roraima (CIR), Coordena\u00e7\u00e3o das Organiza\u00e7\u00f5es e Articula\u00e7\u00f5es dos Povos Ind\u00edgenas do Maranh\u00e3o (COAPIMA) e MATPHA (Movimento Ind\u00edgena do Acre). Povos Ind\u00edgenas nas mesas de negocia\u00e7\u00f5es e financiamentos Os fundos ind\u00edgenas surgem como uma pot\u00eancia em quest\u00f5es relacionadas a investimentos e financiamentos, eles servem para que os recursos e projetos cheguem de fato na ponta, sendo esses os territ\u00f3rios ind\u00edgenas. Por essa quest\u00e3o, os fundos e o movimento ind\u00edgena devem estar ocupando espa\u00e7os onde est\u00e3o em pautas seus territ\u00f3rios, seus modos de vida e sua exist\u00eancia. Sendo assim, a representa\u00e7\u00e3o de l\u00edderes ind\u00edgenas nas mesas de negocia\u00e7\u00e3o mostram n\u00e3o s\u00f3 relev\u00e2ncia na presen\u00e7a, mas tamb\u00e9m garante que os povos ind\u00edgenas possam estar cientes e no controle das discuss\u00f5es, assumindo responsabilidades e demandando a outras organiza\u00e7\u00f5es e o pr\u00f3prio governo. Isso nos garante, enquanto povos ind\u00edgenas, o direito dos nossos territ\u00f3rios e controle das nossas narrativas. A Diretora Executiva do Fundo Ind\u00edgena da Amaz\u00f4nia Brasileira \u2013 Pod\u00e1ali, enfatiza a import\u00e2ncia dos financiamentos diretos e tamb\u00e9m o processo de cria\u00e7\u00e3o de um mecanismo como o fundo Pod\u00e1ali: \u201cA constru\u00e7\u00e3o de um mecanismo para n\u00f3s povos ind\u00edgenas \u00e9 igual a qualquer outro processo de constru\u00e7\u00e3o ind\u00edgena. Ele responde \u00e0s nossas demandas e processos internos, e o processo de cria\u00e7\u00e3o do Pod\u00e1ali \u00e9 resultado dessas metodologias, n\u00f3s os povos ind\u00edgenas da amaz\u00f4nia brasileira demoramos mais de 10 anos para construir esse mecanismo. Levando em considera\u00e7\u00e3o essas quest\u00f5es, os di\u00e1logos e a diversidade entre n\u00f3s, para construir os consensos. E estarmos em di\u00e1logo direto com os financiadores \u00e9 t\u00e3o importante para ajudar os territ\u00f3rios de uma forma mais direta, sem precisar dos atravessadores do financiamento, n\u00f3s entendemos as formas e as dificuldades que os territ\u00f3rios tem, coisas que esses atravessadores n\u00e3o entendem. N\u00e3o s\u00f3 por isso, mas ter uma organiza\u00e7\u00e3o ind\u00edgena incidindo faz realmente a diferen\u00e7a para os povos ind\u00edgenas.\u201d Val\u00e9ria Paye, diretora do Fundo Pod\u00e1ali na Reuni\u00e3o de Mobiliza\u00e7\u00e3o da C\u00fapula dos Povos Rumo a COP-30. Cali, Col\u00f4mbia (Foto: Kaiti Tomprare\/2024) As vozes dos povos ind\u00edgenas devem ser ouvidas nos processos de negocia\u00e7\u00f5es nas COPs, considerando os conhecimentos tradicionais e as pr\u00e1ticas de manejo sustent\u00e1vel utilizados por esses povos que contribuem de forma significativa para a preserva\u00e7\u00e3o ambiental. De acordo com dados da Organiza\u00e7\u00e3o das Na\u00e7\u00f5es Unidas (ONU), os ind\u00edgenas representam 5% da popula\u00e7\u00e3o mundial e s\u00e3o respons\u00e1veis por proteger 80% da biodiversidade do planeta. O financiamento clim\u00e1tico deve ser um processo de f\u00e1cil acesso para chegar \u00e0queles que j\u00e1 realizam a\u00e7\u00f5es de prote\u00e7\u00e3o ao meio ambiente, como os povos ind\u00edgenas. Marcha \u201cA Resposta somos n\u00f3s\u201d Representante da Coiab na Bacia Amaz\u00f4nica, Angela Kaxuyana na marcha \u201cA resposta somos n\u00f3s!\u201d. Cali \u2013 Col\u00f4mbia(Foto: Kaiti Tomprare\/2024) Na zona verde da COP 16, os povos ind\u00edgenas de todo o Brasil lan\u00e7aram uma declara\u00e7\u00e3o conjunta dos povos ind\u00edgenas rumo \u00e0 COP30 (conven\u00e7\u00e3o do clima da ONU, que ser\u00e1 realizada em Bel\u00e9m em 2025), em que exigem do governo brasileiro a co-presid\u00eancia da COP30 e o fim da extra\u00e7\u00e3o de petr\u00f3leo e g\u00e1s na Amaz\u00f4nia brasileira. A marcha a resposta somos n\u00f3s tamb\u00e9m visa proteger os povos e territ\u00f3rios ind\u00edgenas e defender a biodiversidade, a mobiliza\u00e7\u00e3o foi articulada pela Articula\u00e7\u00e3o dos Povos Ind\u00edgenas do Brasil (Apib) e tamb\u00e9m pela Coiab, visto que a agenda foi realizada em territ\u00f3rio da Amaz\u00f4nia Ind\u00edgena. Na oportunidade, foi lida a carta manifesto, onde um de seus trechos diz: \u201cN\u00f3s, povos ind\u00edgenas brasileiros, diante da gravidade das crises de biodiversidade e do clima, sabemos que n\u00e3o h\u00e1 tempo a perder. Aqui, na COP-16 em Cali na Col\u00f4mbia, viemos declarar que n\u00e3o aceitaremos mais nenhum projeto predat\u00f3rio, que ameace nossas vidas, nossos territ\u00f3rios e a humanidade. N\u00e3o aceitaremos mais nenhum projeto de petr\u00f3leo e g\u00e1s e qualquer outra forma de explora\u00e7\u00e3o predat\u00f3ria na Amaz\u00f4nia brasileira, em nossos territ\u00f3rios e nossos ecossistemas. N\u00e3o haver\u00e1 preserva\u00e7\u00e3o da biodiversidade e nem territ\u00f3rios ind\u00edgenas seguros em um planeta em chamas.\u201d Coordenador-geral da Coiab, Toya Manchineri na marcha \u201cA resposta somos n\u00f3s!\u201d. Cali \u2013 Col\u00f4mbia(Foto: Kaiti Tomprare\/2024) Os povos ind\u00edgenas clamam que a demarca\u00e7\u00e3o de terras ind\u00edgenas seja reconhecida como pol\u00edtica clim\u00e1tica e solu\u00e7\u00e3o efetiva contra a crise clim\u00e1tica e reivindicam um papel ativo e de lideran\u00e7a nas decis\u00f5es globais que afetam o futuro do planeta. A campanha \u201cA Resposta Somos N\u00f3s\u201d exige um compromisso verdadeiro com o futuro do planeta, destacando a necessidade de a\u00e7\u00e3o imediata e a centralidade dos povos ind\u00edgenas no combate \u00e0 crise ambiental. G9 da Amaz\u00f4nia Ind\u00edgena Um dos mais marcantes momentos durante a COP16, foi o lan\u00e7amento da coaliz\u00e3o das<\/p>\n","protected":false},"author":3,"featured_media":15342,"comment_status":"closed","ping_status":"open","sticky":false,"template":"","format":"standard","meta":{"footnotes":""},"categories":[5],"tags":[13,25,15,17,18,8],"class_list":["post-15341","post","type-post","status-publish","format-standard","has-post-thumbnail","hentry","category-noticias","tag-amazonia","tag-cop-16","tag-cop-30","tag-mudanca-climatica","tag-populacoes-tradionais","tag-repam-brasil"],"rttpg_featured_image_url":{"full":["https:\/\/repam.org.br\/cop30\/wp-content\/uploads\/2024\/11\/cop-19.jpg",1349,648,false],"landscape":["https:\/\/repam.org.br\/cop30\/wp-content\/uploads\/2024\/11\/cop-19.jpg",1349,648,false],"portraits":["https:\/\/repam.org.br\/cop30\/wp-content\/uploads\/2024\/11\/cop-19.jpg",1349,648,false],"thumbnail":["https:\/\/repam.org.br\/cop30\/wp-content\/uploads\/2024\/11\/cop-19-150x150.jpg",150,150,true],"medium":["https:\/\/repam.org.br\/cop30\/wp-content\/uploads\/2024\/11\/cop-19-300x144.jpg",300,144,true],"large":["https:\/\/repam.org.br\/cop30\/wp-content\/uploads\/2024\/11\/cop-19-1024x492.jpg",800,384,true],"1536x1536":["https:\/\/repam.org.br\/cop30\/wp-content\/uploads\/2024\/11\/cop-19.jpg",1349,648,false],"2048x2048":["https:\/\/repam.org.br\/cop30\/wp-content\/uploads\/2024\/11\/cop-19.jpg",1349,648,false]},"rttpg_author":{"display_name":"Comunica\u00e7\u00e3o Cop30","author_link":"https:\/\/repam.org.br\/cop30\/author\/comunicacaocop30\/"},"rttpg_comment":0,"rttpg_category":"<a href=\"https:\/\/repam.org.br\/cop30\/category\/noticias\/\" rel=\"category tag\">Not\u00edcias<\/a>","rttpg_excerpt":"Nas \u00faltimas semanas do m\u00eas de outubro (21 a 31), aconteceu a Confer\u00eancia das Partes (COP) sobre Diversidade Biol\u00f3gica (CDB), chamada tamb\u00e9m de COP 16 da CDB, a Coordena\u00e7\u00e3o das Organiza\u00e7\u00f5es Ind\u00edgenas da Amaz\u00f4nia Brasileira (Coiab) participou de uma intensa agenda, com pain\u00e9is e eventos com pautas sobre biodiversidade e financiamentos para iniciativas ind\u00edgenas. A&hellip;","_links":{"self":[{"href":"https:\/\/repam.org.br\/cop30\/wp-json\/wp\/v2\/posts\/15341","targetHints":{"allow":["GET"]}}],"collection":[{"href":"https:\/\/repam.org.br\/cop30\/wp-json\/wp\/v2\/posts"}],"about":[{"href":"https:\/\/repam.org.br\/cop30\/wp-json\/wp\/v2\/types\/post"}],"author":[{"embeddable":true,"href":"https:\/\/repam.org.br\/cop30\/wp-json\/wp\/v2\/users\/3"}],"replies":[{"embeddable":true,"href":"https:\/\/repam.org.br\/cop30\/wp-json\/wp\/v2\/comments?post=15341"}],"version-history":[{"count":1,"href":"https:\/\/repam.org.br\/cop30\/wp-json\/wp\/v2\/posts\/15341\/revisions"}],"predecessor-version":[{"id":15343,"href":"https:\/\/repam.org.br\/cop30\/wp-json\/wp\/v2\/posts\/15341\/revisions\/15343"}],"wp:featuredmedia":[{"embeddable":true,"href":"https:\/\/repam.org.br\/cop30\/wp-json\/wp\/v2\/media\/15342"}],"wp:attachment":[{"href":"https:\/\/repam.org.br\/cop30\/wp-json\/wp\/v2\/media?parent=15341"}],"wp:term":[{"taxonomy":"category","embeddable":true,"href":"https:\/\/repam.org.br\/cop30\/wp-json\/wp\/v2\/categories?post=15341"},{"taxonomy":"post_tag","embeddable":true,"href":"https:\/\/repam.org.br\/cop30\/wp-json\/wp\/v2\/tags?post=15341"}],"curies":[{"name":"wp","href":"https:\/\/api.w.org\/{rel}","templated":true}]}}