{"id":15344,"date":"2024-11-22T15:46:40","date_gmt":"2024-11-22T18:46:40","guid":{"rendered":"https:\/\/repam.org.br\/cop30\/?p=15344"},"modified":"2024-11-22T17:10:44","modified_gmt":"2024-11-22T20:10:44","slug":"13o-grito-da-pesca-artesanal-reforca-luta-por-justica-climatica-e-defesa-dos-territorios-tradicionais","status":"publish","type":"post","link":"https:\/\/repam.org.br\/cop30\/13o-grito-da-pesca-artesanal-reforca-luta-por-justica-climatica-e-defesa-dos-territorios-tradicionais\/","title":{"rendered":"13\u00ba Grito da Pesca Artesanal: refor\u00e7a luta por justi\u00e7a clim\u00e1tica e defesa dos territ\u00f3rios tradicionais"},"content":{"rendered":"\n<p class=\"has-text-align-center\"><em>Delega\u00e7\u00f5es de 20 estados se reuniram na capital federal para o 13\u00ba Grito da Pesca Artesanal<\/em><br><\/p>\n\n\n\n<p class=\"has-text-align-left\">Bras\u00edlia foi palco de uma mobiliza\u00e7\u00e3o hist\u00f3rica no 13\u00ba Grito da Pesca Artesanal, onde cerca de mil pescadores e pescadoras de todo o Brasil marcharam em defesa de seus direitos e da prote\u00e7\u00e3o ambiental. Sob o tema <strong>&#8220;Por justi\u00e7a clim\u00e1tica, soberania alimentar e pol\u00edticas p\u00fablicas para a pesca artesanal&#8221;<\/strong>, o evento destacou o papel essencial das comunidades tradicionais na luta contra os impactos das mudan\u00e7as clim\u00e1ticas.<\/p>\n\n\n\n<p>Entre as organiza\u00e7\u00f5es presentes, a Rede Eclesial Pan-Amaz\u00f4nica (REPAM-Brasil) teve uma atua\u00e7\u00e3o fundamental, refor\u00e7ando a import\u00e2ncia de esfor\u00e7os articulados em defesa dos territ\u00f3rios e da biodiversidade. Representando a REPAM e sua Mobiliza\u00e7\u00e3o dos Povos pela Terra e pelo Clima, Mayara Lima destacou a urg\u00eancia de se discutir a justi\u00e7a clim\u00e1tica, especialmente em um contexto onde as comunidades tradicionais enfrentam os impactos mais severos das altera\u00e7\u00f5es clim\u00e1ticas.<\/p>\n\n\n\n<p class=\"has-text-align-left\"><em>\u201c\u00c9 extremamente importante trazer esse tema da mudan\u00e7a clim\u00e1tica, justi\u00e7a clim\u00e1tica no ambiente do Grito da Pesca, uma vez que os efeitos da mudan\u00e7a do clima s\u00e3o sentidos principalmente pelas comunidades tradicionais, pelos povos ind\u00edgenas, ribeirinhos, quebradeiras de coco, povos quilombolas, pessoas que est\u00e3o, na verdade, na linha de frente da luta clim\u00e1tica em seus territ\u00f3rios\u201d<\/em>, ressaltou Mayara.<br><\/p>\n\n\n\n<figure class=\"wp-block-image size-large\"><img fetchpriority=\"high\" decoding=\"async\" width=\"1024\" height=\"768\" src=\"https:\/\/repam.org.br\/cop30\/wp-content\/uploads\/2024\/11\/WhatsApp-Image-2024-11-22-at-15.16.06-1024x768.jpeg\" alt=\"\" class=\"wp-image-15345\" srcset=\"https:\/\/repam.org.br\/cop30\/wp-content\/uploads\/2024\/11\/WhatsApp-Image-2024-11-22-at-15.16.06-1024x768.jpeg 1024w, https:\/\/repam.org.br\/cop30\/wp-content\/uploads\/2024\/11\/WhatsApp-Image-2024-11-22-at-15.16.06-300x225.jpeg 300w, https:\/\/repam.org.br\/cop30\/wp-content\/uploads\/2024\/11\/WhatsApp-Image-2024-11-22-at-15.16.06-768x576.jpeg 768w, https:\/\/repam.org.br\/cop30\/wp-content\/uploads\/2024\/11\/WhatsApp-Image-2024-11-22-at-15.16.06-1536x1152.jpeg 1536w, https:\/\/repam.org.br\/cop30\/wp-content\/uploads\/2024\/11\/WhatsApp-Image-2024-11-22-at-15.16.06.jpeg 1600w\" sizes=\"(max-width: 1024px) 100vw, 1024px\" \/><\/figure>\n\n\n\n<p class=\"has-text-align-left\">Ela tamb\u00e9m enfatizou a relev\u00e2ncia da Confer\u00eancia das Na\u00e7\u00f5es Unidas sobre as Mudan\u00e7as Clim\u00e1ticas de 2025, a COP30, que ser\u00e1 realizada em Bel\u00e9m (PA)<em>. \u201cTodos os olhos estar\u00e3o voltados para a COP30, e \u00e9 uma oportunidade para que a sociedade civil participe. \u00c9 muito importante criar um processo de articula\u00e7\u00e3o e incid\u00eancia sobre a pauta clim\u00e1tica, mostrando que parte das solu\u00e7\u00f5es vem dos territ\u00f3rios tradicionais\u201d<\/em>, completou.<\/p>\n\n\n\n<p>O encontro refor\u00e7ou den\u00fancias contra a viola\u00e7\u00e3o de direitos dessas comunidades, como a falta de acesso ao Registro Geral da Pesca (RGP) e a precariza\u00e7\u00e3o de suas condi\u00e7\u00f5es de trabalho. Al\u00e9m disso, os pescadores protestaram contra a devasta\u00e7\u00e3o de seus territ\u00f3rios, impulsionada por empreendimentos industriais e pela economia azul, que amea\u00e7am a soberania alimentar e o equil\u00edbrio ecol\u00f3gico.<\/p>\n\n\n\n<p class=\"has-text-align-left\">A marcha, que percorreu a Esplanada dos Minist\u00e9rios, foi marcada por gritos de resist\u00eancia e pela exig\u00eancia de pol\u00edticas p\u00fablicas que respeitem os direitos das comunidades pesqueiras e assegurem a demarca\u00e7\u00e3o de seus territ\u00f3rios tradicionais.<\/p>\n\n\n\n<figure class=\"wp-block-image size-large\"><img decoding=\"async\" width=\"1024\" height=\"768\" src=\"https:\/\/repam.org.br\/cop30\/wp-content\/uploads\/2024\/11\/WhatsApp-Image-2024-11-22-at-15.15.50-1024x768.jpeg\" alt=\"\" class=\"wp-image-15348\" srcset=\"https:\/\/repam.org.br\/cop30\/wp-content\/uploads\/2024\/11\/WhatsApp-Image-2024-11-22-at-15.15.50-1024x768.jpeg 1024w, https:\/\/repam.org.br\/cop30\/wp-content\/uploads\/2024\/11\/WhatsApp-Image-2024-11-22-at-15.15.50-300x225.jpeg 300w, https:\/\/repam.org.br\/cop30\/wp-content\/uploads\/2024\/11\/WhatsApp-Image-2024-11-22-at-15.15.50-768x576.jpeg 768w, https:\/\/repam.org.br\/cop30\/wp-content\/uploads\/2024\/11\/WhatsApp-Image-2024-11-22-at-15.15.50.jpeg 1280w\" sizes=\"(max-width: 1024px) 100vw, 1024px\" \/><\/figure>\n\n\n\n<p class=\"has-text-align-left\"><br>O 13\u00ba Grito da Pesca Artesanal, mais do que um ato de resist\u00eancia, simboliza a uni\u00e3o de povos e organiza\u00e7\u00f5es em defesa de um planeta mais justo e sustent\u00e1vel. A REPAM-Brasil, alinhada com as diretrizes do Movimento de Pescadores e Pescadoras Artesanais (MPP), segue fortalecendo a articula\u00e7\u00e3o para a COP30 e al\u00e9m, reafirmando o papel transformador das comunidades tradicionais na luta por justi\u00e7a clim\u00e1tica.<\/p>\n\n\n\n<p>A REPAM e a Mobiliza\u00e7\u00e3o dos Povos pela Terra e pelo Clima reafirmam seu compromisso com os povos da Amaz\u00f4nia e com a defesa do clima, fortalecendo a luta por justi\u00e7a socioambiental e promovendo um di\u00e1logo global que valorize as vozes das comunidades na constru\u00e7\u00e3o de um futuro sustent\u00e1vel.<\/p>\n","protected":false},"excerpt":{"rendered":"<p>Delega\u00e7\u00f5es de 20 estados se reuniram na capital federal para o 13\u00ba Grito da Pesca Artesanal Bras\u00edlia foi palco de uma mobiliza\u00e7\u00e3o hist\u00f3rica no 13\u00ba Grito da Pesca Artesanal, onde cerca de mil pescadores e pescadoras de todo o Brasil marcharam em defesa de seus direitos e da prote\u00e7\u00e3o ambiental. Sob o tema &#8220;Por justi\u00e7a clim\u00e1tica, soberania alimentar e pol\u00edticas p\u00fablicas para a pesca artesanal&#8221;, o evento destacou o papel essencial das comunidades tradicionais na luta contra os impactos das mudan\u00e7as clim\u00e1ticas. Entre as organiza\u00e7\u00f5es presentes, a Rede Eclesial Pan-Amaz\u00f4nica (REPAM-Brasil) teve uma atua\u00e7\u00e3o fundamental, refor\u00e7ando a import\u00e2ncia de esfor\u00e7os articulados em defesa dos territ\u00f3rios e da biodiversidade. Representando a REPAM e sua Mobiliza\u00e7\u00e3o dos Povos pela Terra e pelo Clima, Mayara Lima destacou a urg\u00eancia de se discutir a justi\u00e7a clim\u00e1tica, especialmente em um contexto onde as comunidades tradicionais enfrentam os impactos mais severos das altera\u00e7\u00f5es clim\u00e1ticas. \u201c\u00c9 extremamente importante trazer esse tema da mudan\u00e7a clim\u00e1tica, justi\u00e7a clim\u00e1tica no ambiente do Grito da Pesca, uma vez que os efeitos da mudan\u00e7a do clima s\u00e3o sentidos principalmente pelas comunidades tradicionais, pelos povos ind\u00edgenas, ribeirinhos, quebradeiras de coco, povos quilombolas, pessoas que est\u00e3o, na verdade, na linha de frente da luta clim\u00e1tica em seus territ\u00f3rios\u201d, ressaltou Mayara. Ela tamb\u00e9m enfatizou a relev\u00e2ncia da Confer\u00eancia das Na\u00e7\u00f5es Unidas sobre as Mudan\u00e7as Clim\u00e1ticas de 2025, a COP30, que ser\u00e1 realizada em Bel\u00e9m (PA). \u201cTodos os olhos estar\u00e3o voltados para a COP30, e \u00e9 uma oportunidade para que a sociedade civil participe. \u00c9 muito importante criar um processo de articula\u00e7\u00e3o e incid\u00eancia sobre a pauta clim\u00e1tica, mostrando que parte das solu\u00e7\u00f5es vem dos territ\u00f3rios tradicionais\u201d, completou. O encontro refor\u00e7ou den\u00fancias contra a viola\u00e7\u00e3o de direitos dessas comunidades, como a falta de acesso ao Registro Geral da Pesca (RGP) e a precariza\u00e7\u00e3o de suas condi\u00e7\u00f5es de trabalho. Al\u00e9m disso, os pescadores protestaram contra a devasta\u00e7\u00e3o de seus territ\u00f3rios, impulsionada por empreendimentos industriais e pela economia azul, que amea\u00e7am a soberania alimentar e o equil\u00edbrio ecol\u00f3gico. A marcha, que percorreu a Esplanada dos Minist\u00e9rios, foi marcada por gritos de resist\u00eancia e pela exig\u00eancia de pol\u00edticas p\u00fablicas que respeitem os direitos das comunidades pesqueiras e assegurem a demarca\u00e7\u00e3o de seus territ\u00f3rios tradicionais. O 13\u00ba Grito da Pesca Artesanal, mais do que um ato de resist\u00eancia, simboliza a uni\u00e3o de povos e organiza\u00e7\u00f5es em defesa de um planeta mais justo e sustent\u00e1vel. A REPAM-Brasil, alinhada com as diretrizes do Movimento de Pescadores e Pescadoras Artesanais (MPP), segue fortalecendo a articula\u00e7\u00e3o para a COP30 e al\u00e9m, reafirmando o papel transformador das comunidades tradicionais na luta por justi\u00e7a clim\u00e1tica. A REPAM e a Mobiliza\u00e7\u00e3o dos Povos pela Terra e pelo Clima reafirmam seu compromisso com os povos da Amaz\u00f4nia e com a defesa do clima, fortalecendo a luta por justi\u00e7a socioambiental e promovendo um di\u00e1logo global que valorize as vozes das comunidades na constru\u00e7\u00e3o de um futuro sustent\u00e1vel.<\/p>\n","protected":false},"author":3,"featured_media":15347,"comment_status":"closed","ping_status":"open","sticky":false,"template":"","format":"standard","meta":{"footnotes":""},"categories":[5],"tags":[15,17,18,8],"class_list":["post-15344","post","type-post","status-publish","format-standard","has-post-thumbnail","hentry","category-noticias","tag-cop-30","tag-mudanca-climatica","tag-populacoes-tradionais","tag-repam-brasil"],"rttpg_featured_image_url":{"full":["https:\/\/repam.org.br\/cop30\/wp-content\/uploads\/2024\/11\/WhatsApp-Image-2024-11-22-at-15.16.05-1.jpeg",1600,1200,false],"landscape":["https:\/\/repam.org.br\/cop30\/wp-content\/uploads\/2024\/11\/WhatsApp-Image-2024-11-22-at-15.16.05-1.jpeg",1600,1200,false],"portraits":["https:\/\/repam.org.br\/cop30\/wp-content\/uploads\/2024\/11\/WhatsApp-Image-2024-11-22-at-15.16.05-1.jpeg",1600,1200,false],"thumbnail":["https:\/\/repam.org.br\/cop30\/wp-content\/uploads\/2024\/11\/WhatsApp-Image-2024-11-22-at-15.16.05-1-150x150.jpeg",150,150,true],"medium":["https:\/\/repam.org.br\/cop30\/wp-content\/uploads\/2024\/11\/WhatsApp-Image-2024-11-22-at-15.16.05-1-300x225.jpeg",300,225,true],"large":["https:\/\/repam.org.br\/cop30\/wp-content\/uploads\/2024\/11\/WhatsApp-Image-2024-11-22-at-15.16.05-1-1024x768.jpeg",800,600,true],"1536x1536":["https:\/\/repam.org.br\/cop30\/wp-content\/uploads\/2024\/11\/WhatsApp-Image-2024-11-22-at-15.16.05-1-1536x1152.jpeg",1536,1152,true],"2048x2048":["https:\/\/repam.org.br\/cop30\/wp-content\/uploads\/2024\/11\/WhatsApp-Image-2024-11-22-at-15.16.05-1.jpeg",1600,1200,false]},"rttpg_author":{"display_name":"Comunica\u00e7\u00e3o Cop30","author_link":"https:\/\/repam.org.br\/cop30\/author\/comunicacaocop30\/"},"rttpg_comment":0,"rttpg_category":"<a href=\"https:\/\/repam.org.br\/cop30\/category\/noticias\/\" rel=\"category tag\">Not\u00edcias<\/a>","rttpg_excerpt":"Delega\u00e7\u00f5es de 20 estados se reuniram na capital federal para o 13\u00ba Grito da Pesca Artesanal Bras\u00edlia foi palco de uma mobiliza\u00e7\u00e3o hist\u00f3rica no 13\u00ba Grito da Pesca Artesanal, onde cerca de mil pescadores e pescadoras de todo o Brasil marcharam em defesa de seus direitos e da prote\u00e7\u00e3o ambiental. Sob o tema &#8220;Por justi\u00e7a&hellip;","_links":{"self":[{"href":"https:\/\/repam.org.br\/cop30\/wp-json\/wp\/v2\/posts\/15344","targetHints":{"allow":["GET"]}}],"collection":[{"href":"https:\/\/repam.org.br\/cop30\/wp-json\/wp\/v2\/posts"}],"about":[{"href":"https:\/\/repam.org.br\/cop30\/wp-json\/wp\/v2\/types\/post"}],"author":[{"embeddable":true,"href":"https:\/\/repam.org.br\/cop30\/wp-json\/wp\/v2\/users\/3"}],"replies":[{"embeddable":true,"href":"https:\/\/repam.org.br\/cop30\/wp-json\/wp\/v2\/comments?post=15344"}],"version-history":[{"count":9,"href":"https:\/\/repam.org.br\/cop30\/wp-json\/wp\/v2\/posts\/15344\/revisions"}],"predecessor-version":[{"id":15365,"href":"https:\/\/repam.org.br\/cop30\/wp-json\/wp\/v2\/posts\/15344\/revisions\/15365"}],"wp:featuredmedia":[{"embeddable":true,"href":"https:\/\/repam.org.br\/cop30\/wp-json\/wp\/v2\/media\/15347"}],"wp:attachment":[{"href":"https:\/\/repam.org.br\/cop30\/wp-json\/wp\/v2\/media?parent=15344"}],"wp:term":[{"taxonomy":"category","embeddable":true,"href":"https:\/\/repam.org.br\/cop30\/wp-json\/wp\/v2\/categories?post=15344"},{"taxonomy":"post_tag","embeddable":true,"href":"https:\/\/repam.org.br\/cop30\/wp-json\/wp\/v2\/tags?post=15344"}],"curies":[{"name":"wp","href":"https:\/\/api.w.org\/{rel}","templated":true}]}}