{"id":15366,"date":"2024-11-27T12:42:24","date_gmt":"2024-11-27T15:42:24","guid":{"rendered":"https:\/\/repam.org.br\/cop30\/?p=15366"},"modified":"2024-11-27T13:54:50","modified_gmt":"2024-11-27T16:54:50","slug":"mobilizacao-dos-povos-pela-terra-e-pelo-clima-reforca-dialogo-com-territorios-amazonicos-rumo-a-cop30","status":"publish","type":"post","link":"https:\/\/repam.org.br\/cop30\/mobilizacao-dos-povos-pela-terra-e-pelo-clima-reforca-dialogo-com-territorios-amazonicos-rumo-a-cop30\/","title":{"rendered":"Mobiliza\u00e7\u00e3o dos Povos pela Terra e pelo Clima refor\u00e7a di\u00e1logo com territ\u00f3rios amaz\u00f4nicos rumo \u00e0 COP30"},"content":{"rendered":"\n<p>A Mobiliza\u00e7\u00e3o dos Povos pela Terra e pelo Clima, em parceria com a Rede de Mulheres das Mar\u00e9s e das \u00c1guas do Litoral do Par\u00e1 e o Greenpeace, realizou uma importante agenda no territ\u00f3rio amaz\u00f4nico, envolvendo pescadores, pescadoras e marisqueiras das comunidades de Santo Ant\u00f4nio do Tau\u00e1, S\u00e3o Caetano de Odivelas, Colares e Vigia, no Par\u00e1. O objetivo da visita foi ouvir as comunidades e fortalecer a luta pela defesa dos territ\u00f3rios frente \u00e0 explora\u00e7\u00e3o de petr\u00f3leo, desmatamento e grandes empreendimentos que amea\u00e7am o meio ambiente e a sobreviv\u00eancia das popula\u00e7\u00f5es locais.<\/p>\n\n\n\n<p>Durante a escuta, moradores compartilharam seus saberes tradicionais, bem como os impactos negativos que as mudan\u00e7as clim\u00e1ticas e os grandes projetos v\u00eam causando. Adriano Soares Barbosa, morador da Vila Esp\u00edrito Santo, destacou a import\u00e2ncia do di\u00e1logo com os movimentos sociais:<\/p>\n\n\n\n<blockquote class=\"wp-block-quote is-layout-flow wp-block-quote-is-layout-flow\">\n<p><strong>&#8220;Essa mobiliza\u00e7\u00e3o e esse di\u00e1logo s\u00e3o fundamentais para discutirmos a cria\u00e7\u00e3o de uma Resex Marinha, que assegure nossos territ\u00f3rios, nossos maret\u00f3rios, e garanta a soberania alimentar e o futuro das pr\u00f3ximas gera\u00e7\u00f5es.&#8221;<\/strong><\/p>\n<\/blockquote>\n\n\n\n<p>Entre as pautas, o fortalecimento das Reservas Extrativistas (Resex) foi amplamente debatido. Anailda, moradora local, ressaltou como essa medida pode proteger o territ\u00f3rio e assegurar o sustento da comunidade:<\/p>\n\n\n\n<blockquote class=\"wp-block-quote is-layout-flow wp-block-quote-is-layout-flow\">\n<p><strong>&#8220;A cria\u00e7\u00e3o de uma reserva extrativista \u00e9 essencial para preservar nosso meio ambiente e garantir o sustento das pessoas que dependem das v\u00e1rzeas e rios para sobreviver.&#8221;<\/strong><\/p>\n<\/blockquote>\n\n\n\n<p>Mulheres da regi\u00e3o, como Denise Borralho, tamb\u00e9m destacaram os impactos sociais e ambientais das perfura\u00e7\u00f5es de po\u00e7os de petr\u00f3leo, manifestando sua rejei\u00e7\u00e3o a esses empreendimentos:<\/p>\n\n\n\n<blockquote class=\"wp-block-quote is-layout-flow wp-block-quote-is-layout-flow\">\n<p><strong>&#8220;N\u00f3s, como comunidade tradicional e como mulheres, n\u00e3o queremos perfura\u00e7\u00f5es em nosso territ\u00f3rio. Precisamos preservar nossa forma de vida e proteger nossas terras e \u00e1guas.&#8221;<\/strong><\/p>\n<\/blockquote>\n\n\n\n<p>Joana Menezes, articuladora da Rede Eclesial Pan-Amaz\u00f4nica (REPAM), refor\u00e7ou a import\u00e2ncia de a\u00e7\u00f5es como essa visita para fortalecer uma agenda estrat\u00e9gica rumo \u00e0 COP30, que ser\u00e1 realizada em Bel\u00e9m:<\/p>\n\n\n\n<blockquote class=\"wp-block-quote is-layout-flow wp-block-quote-is-layout-flow\">\n<p class=\"has-medium-font-size\"><strong>&#8220;Estar presente e dialogar diretamente com os territ\u00f3rios \u00e9 essencial para construir uma agenda que reflita as reais necessidades das comunidades. Essa mobiliza\u00e7\u00e3o fortalece a luta por justi\u00e7a clim\u00e1tica e pela prote\u00e7\u00e3o da Amaz\u00f4nia.&#8221;<\/strong><\/p>\n<\/blockquote>\n\n\n\n<p>A Mobiliza\u00e7\u00e3o dos Povos pela Terra e pelo Clima segue com sua miss\u00e3o de amplificar as vozes das comunidades tradicionais e construir estrat\u00e9gias conjuntas para o enfrentamento das mudan\u00e7as clim\u00e1ticas, reafirmando o compromisso com a defesa da biodiversidade e dos direitos dos povos da Amaz\u00f4nia.<\/p>\n\n\n\n<figure class=\"wp-block-gallery has-nested-images columns-default is-cropped wp-block-gallery-1 is-layout-flex wp-block-gallery-is-layout-flex\">\n<figure class=\"wp-block-image size-large\"><img fetchpriority=\"high\" decoding=\"async\" width=\"1024\" height=\"576\" data-id=\"15369\" src=\"https:\/\/repam.org.br\/cop30\/wp-content\/uploads\/2024\/11\/WhatsApp-Image-2024-11-24-at-13.47.56-1-1024x576.jpeg\" alt=\"\" class=\"wp-image-15369\" srcset=\"https:\/\/repam.org.br\/cop30\/wp-content\/uploads\/2024\/11\/WhatsApp-Image-2024-11-24-at-13.47.56-1-1024x576.jpeg 1024w, https:\/\/repam.org.br\/cop30\/wp-content\/uploads\/2024\/11\/WhatsApp-Image-2024-11-24-at-13.47.56-1-300x169.jpeg 300w, https:\/\/repam.org.br\/cop30\/wp-content\/uploads\/2024\/11\/WhatsApp-Image-2024-11-24-at-13.47.56-1-768x432.jpeg 768w, https:\/\/repam.org.br\/cop30\/wp-content\/uploads\/2024\/11\/WhatsApp-Image-2024-11-24-at-13.47.56-1-1536x864.jpeg 1536w, https:\/\/repam.org.br\/cop30\/wp-content\/uploads\/2024\/11\/WhatsApp-Image-2024-11-24-at-13.47.56-1-2048x1152.jpeg 2048w\" sizes=\"(max-width: 1024px) 100vw, 1024px\" \/><\/figure>\n\n\n\n<figure class=\"wp-block-image size-large\"><img decoding=\"async\" width=\"1024\" height=\"576\" data-id=\"15371\" src=\"https:\/\/repam.org.br\/cop30\/wp-content\/uploads\/2024\/11\/WhatsApp-Image-2024-11-24-at-13.47.57-1024x576.jpeg\" alt=\"\" class=\"wp-image-15371\" srcset=\"https:\/\/repam.org.br\/cop30\/wp-content\/uploads\/2024\/11\/WhatsApp-Image-2024-11-24-at-13.47.57-1024x576.jpeg 1024w, https:\/\/repam.org.br\/cop30\/wp-content\/uploads\/2024\/11\/WhatsApp-Image-2024-11-24-at-13.47.57-300x169.jpeg 300w, https:\/\/repam.org.br\/cop30\/wp-content\/uploads\/2024\/11\/WhatsApp-Image-2024-11-24-at-13.47.57-768x432.jpeg 768w, https:\/\/repam.org.br\/cop30\/wp-content\/uploads\/2024\/11\/WhatsApp-Image-2024-11-24-at-13.47.57-1536x864.jpeg 1536w, https:\/\/repam.org.br\/cop30\/wp-content\/uploads\/2024\/11\/WhatsApp-Image-2024-11-24-at-13.47.57-2048x1152.jpeg 2048w\" sizes=\"(max-width: 1024px) 100vw, 1024px\" \/><\/figure>\n\n\n\n<figure class=\"wp-block-image size-large\"><img decoding=\"async\" width=\"1024\" height=\"1024\" data-id=\"15372\" src=\"https:\/\/repam.org.br\/cop30\/wp-content\/uploads\/2024\/11\/WhatsApp-Image-2024-11-24-at-13.47.58-1-1024x1024.jpeg\" alt=\"\" class=\"wp-image-15372\" srcset=\"https:\/\/repam.org.br\/cop30\/wp-content\/uploads\/2024\/11\/WhatsApp-Image-2024-11-24-at-13.47.58-1-1024x1024.jpeg 1024w, https:\/\/repam.org.br\/cop30\/wp-content\/uploads\/2024\/11\/WhatsApp-Image-2024-11-24-at-13.47.58-1-300x300.jpeg 300w, https:\/\/repam.org.br\/cop30\/wp-content\/uploads\/2024\/11\/WhatsApp-Image-2024-11-24-at-13.47.58-1-150x150.jpeg 150w, https:\/\/repam.org.br\/cop30\/wp-content\/uploads\/2024\/11\/WhatsApp-Image-2024-11-24-at-13.47.58-1-768x768.jpeg 768w, https:\/\/repam.org.br\/cop30\/wp-content\/uploads\/2024\/11\/WhatsApp-Image-2024-11-24-at-13.47.58-1.jpeg 1536w\" sizes=\"(max-width: 1024px) 100vw, 1024px\" \/><\/figure>\n\n\n\n<figure class=\"wp-block-image size-large\"><img loading=\"lazy\" decoding=\"async\" width=\"771\" height=\"1024\" data-id=\"15373\" src=\"https:\/\/repam.org.br\/cop30\/wp-content\/uploads\/2024\/11\/WhatsApp-Image-2024-11-24-at-13.47.57-1-771x1024.jpeg\" alt=\"\" class=\"wp-image-15373\" srcset=\"https:\/\/repam.org.br\/cop30\/wp-content\/uploads\/2024\/11\/WhatsApp-Image-2024-11-24-at-13.47.57-1-771x1024.jpeg 771w, https:\/\/repam.org.br\/cop30\/wp-content\/uploads\/2024\/11\/WhatsApp-Image-2024-11-24-at-13.47.57-1-226x300.jpeg 226w, https:\/\/repam.org.br\/cop30\/wp-content\/uploads\/2024\/11\/WhatsApp-Image-2024-11-24-at-13.47.57-1-768x1021.jpeg 768w, https:\/\/repam.org.br\/cop30\/wp-content\/uploads\/2024\/11\/WhatsApp-Image-2024-11-24-at-13.47.57-1-1156x1536.jpeg 1156w, https:\/\/repam.org.br\/cop30\/wp-content\/uploads\/2024\/11\/WhatsApp-Image-2024-11-24-at-13.47.57-1.jpeg 1204w\" sizes=\"(max-width: 771px) 100vw, 771px\" \/><\/figure>\n\n\n\n<figure class=\"wp-block-image size-large\"><img loading=\"lazy\" decoding=\"async\" width=\"1024\" height=\"576\" data-id=\"15374\" src=\"https:\/\/repam.org.br\/cop30\/wp-content\/uploads\/2024\/11\/WhatsApp-Image-2024-11-24-at-13.47.56-1024x576.jpeg\" alt=\"\" class=\"wp-image-15374\" srcset=\"https:\/\/repam.org.br\/cop30\/wp-content\/uploads\/2024\/11\/WhatsApp-Image-2024-11-24-at-13.47.56-1024x576.jpeg 1024w, https:\/\/repam.org.br\/cop30\/wp-content\/uploads\/2024\/11\/WhatsApp-Image-2024-11-24-at-13.47.56-300x169.jpeg 300w, https:\/\/repam.org.br\/cop30\/wp-content\/uploads\/2024\/11\/WhatsApp-Image-2024-11-24-at-13.47.56-768x432.jpeg 768w, https:\/\/repam.org.br\/cop30\/wp-content\/uploads\/2024\/11\/WhatsApp-Image-2024-11-24-at-13.47.56-1536x864.jpeg 1536w, https:\/\/repam.org.br\/cop30\/wp-content\/uploads\/2024\/11\/WhatsApp-Image-2024-11-24-at-13.47.56-2048x1152.jpeg 2048w\" sizes=\"(max-width: 1024px) 100vw, 1024px\" \/><\/figure>\n<\/figure>\n","protected":false},"excerpt":{"rendered":"<p>A Mobiliza\u00e7\u00e3o dos Povos pela Terra e pelo Clima, em parceria com a Rede de Mulheres das Mar\u00e9s e das \u00c1guas do Litoral do Par\u00e1 e o Greenpeace, realizou uma importante agenda no territ\u00f3rio amaz\u00f4nico, envolvendo pescadores, pescadoras e marisqueiras das comunidades de Santo Ant\u00f4nio do Tau\u00e1, S\u00e3o Caetano de Odivelas, Colares e Vigia, no Par\u00e1. O objetivo da visita foi ouvir as comunidades e fortalecer a luta pela defesa dos territ\u00f3rios frente \u00e0 explora\u00e7\u00e3o de petr\u00f3leo, desmatamento e grandes empreendimentos que amea\u00e7am o meio ambiente e a sobreviv\u00eancia das popula\u00e7\u00f5es locais. Durante a escuta, moradores compartilharam seus saberes tradicionais, bem como os impactos negativos que as mudan\u00e7as clim\u00e1ticas e os grandes projetos v\u00eam causando. Adriano Soares Barbosa, morador da Vila Esp\u00edrito Santo, destacou a import\u00e2ncia do di\u00e1logo com os movimentos sociais: &#8220;Essa mobiliza\u00e7\u00e3o e esse di\u00e1logo s\u00e3o fundamentais para discutirmos a cria\u00e7\u00e3o de uma Resex Marinha, que assegure nossos territ\u00f3rios, nossos maret\u00f3rios, e garanta a soberania alimentar e o futuro das pr\u00f3ximas gera\u00e7\u00f5es.&#8221; Entre as pautas, o fortalecimento das Reservas Extrativistas (Resex) foi amplamente debatido. Anailda, moradora local, ressaltou como essa medida pode proteger o territ\u00f3rio e assegurar o sustento da comunidade: &#8220;A cria\u00e7\u00e3o de uma reserva extrativista \u00e9 essencial para preservar nosso meio ambiente e garantir o sustento das pessoas que dependem das v\u00e1rzeas e rios para sobreviver.&#8221; Mulheres da regi\u00e3o, como Denise Borralho, tamb\u00e9m destacaram os impactos sociais e ambientais das perfura\u00e7\u00f5es de po\u00e7os de petr\u00f3leo, manifestando sua rejei\u00e7\u00e3o a esses empreendimentos: &#8220;N\u00f3s, como comunidade tradicional e como mulheres, n\u00e3o queremos perfura\u00e7\u00f5es em nosso territ\u00f3rio. Precisamos preservar nossa forma de vida e proteger nossas terras e \u00e1guas.&#8221; Joana Menezes, articuladora da Rede Eclesial Pan-Amaz\u00f4nica (REPAM), refor\u00e7ou a import\u00e2ncia de a\u00e7\u00f5es como essa visita para fortalecer uma agenda estrat\u00e9gica rumo \u00e0 COP30, que ser\u00e1 realizada em Bel\u00e9m: &#8220;Estar presente e dialogar diretamente com os territ\u00f3rios \u00e9 essencial para construir uma agenda que reflita as reais necessidades das comunidades. Essa mobiliza\u00e7\u00e3o fortalece a luta por justi\u00e7a clim\u00e1tica e pela prote\u00e7\u00e3o da Amaz\u00f4nia.&#8221; A Mobiliza\u00e7\u00e3o dos Povos pela Terra e pelo Clima segue com sua miss\u00e3o de amplificar as vozes das comunidades tradicionais e construir estrat\u00e9gias conjuntas para o enfrentamento das mudan\u00e7as clim\u00e1ticas, reafirmando o compromisso com a defesa da biodiversidade e dos direitos dos povos da Amaz\u00f4nia.<\/p>\n","protected":false},"author":3,"featured_media":15375,"comment_status":"open","ping_status":"open","sticky":false,"template":"","format":"standard","meta":{"footnotes":""},"categories":[5],"tags":[13,14,15,17,18,7,8],"class_list":["post-15366","post","type-post","status-publish","format-standard","has-post-thumbnail","hentry","category-noticias","tag-amazonia","tag-conferencia-do-clima-da-onu","tag-cop-30","tag-mudanca-climatica","tag-populacoes-tradionais","tag-repam","tag-repam-brasil"],"rttpg_featured_image_url":{"full":["https:\/\/repam.org.br\/cop30\/wp-content\/uploads\/2024\/11\/WhatsApp-Image-2024-11-24-at-13.47.56-3-e1732722115943.jpeg",1304,893,false],"landscape":["https:\/\/repam.org.br\/cop30\/wp-content\/uploads\/2024\/11\/WhatsApp-Image-2024-11-24-at-13.47.56-3-e1732722115943.jpeg",1304,893,false],"portraits":["https:\/\/repam.org.br\/cop30\/wp-content\/uploads\/2024\/11\/WhatsApp-Image-2024-11-24-at-13.47.56-3-e1732722115943.jpeg",1304,893,false],"thumbnail":["https:\/\/repam.org.br\/cop30\/wp-content\/uploads\/2024\/11\/WhatsApp-Image-2024-11-24-at-13.47.56-3-e1732722115943-150x150.jpeg",150,150,true],"medium":["https:\/\/repam.org.br\/cop30\/wp-content\/uploads\/2024\/11\/WhatsApp-Image-2024-11-24-at-13.47.56-3-e1732722115943-300x205.jpeg",300,205,true],"large":["https:\/\/repam.org.br\/cop30\/wp-content\/uploads\/2024\/11\/WhatsApp-Image-2024-11-24-at-13.47.56-3-e1732722115943-1024x701.jpeg",800,548,true],"1536x1536":["https:\/\/repam.org.br\/cop30\/wp-content\/uploads\/2024\/11\/WhatsApp-Image-2024-11-24-at-13.47.56-3-1536x864.jpeg",1536,864,true],"2048x2048":["https:\/\/repam.org.br\/cop30\/wp-content\/uploads\/2024\/11\/WhatsApp-Image-2024-11-24-at-13.47.56-3-e1732722115943.jpeg",1304,893,false]},"rttpg_author":{"display_name":"Comunica\u00e7\u00e3o Cop30","author_link":"https:\/\/repam.org.br\/cop30\/author\/comunicacaocop30\/"},"rttpg_comment":0,"rttpg_category":"<a href=\"https:\/\/repam.org.br\/cop30\/category\/noticias\/\" rel=\"category tag\">Not\u00edcias<\/a>","rttpg_excerpt":"A Mobiliza\u00e7\u00e3o dos Povos pela Terra e pelo Clima, em parceria com a Rede de Mulheres das Mar\u00e9s e das \u00c1guas do Litoral do Par\u00e1 e o Greenpeace, realizou uma importante agenda no territ\u00f3rio amaz\u00f4nico, envolvendo pescadores, pescadoras e marisqueiras das comunidades de Santo Ant\u00f4nio do Tau\u00e1, S\u00e3o Caetano de Odivelas, Colares e Vigia, no&hellip;","_links":{"self":[{"href":"https:\/\/repam.org.br\/cop30\/wp-json\/wp\/v2\/posts\/15366","targetHints":{"allow":["GET"]}}],"collection":[{"href":"https:\/\/repam.org.br\/cop30\/wp-json\/wp\/v2\/posts"}],"about":[{"href":"https:\/\/repam.org.br\/cop30\/wp-json\/wp\/v2\/types\/post"}],"author":[{"embeddable":true,"href":"https:\/\/repam.org.br\/cop30\/wp-json\/wp\/v2\/users\/3"}],"replies":[{"embeddable":true,"href":"https:\/\/repam.org.br\/cop30\/wp-json\/wp\/v2\/comments?post=15366"}],"version-history":[{"count":4,"href":"https:\/\/repam.org.br\/cop30\/wp-json\/wp\/v2\/posts\/15366\/revisions"}],"predecessor-version":[{"id":15382,"href":"https:\/\/repam.org.br\/cop30\/wp-json\/wp\/v2\/posts\/15366\/revisions\/15382"}],"wp:featuredmedia":[{"embeddable":true,"href":"https:\/\/repam.org.br\/cop30\/wp-json\/wp\/v2\/media\/15375"}],"wp:attachment":[{"href":"https:\/\/repam.org.br\/cop30\/wp-json\/wp\/v2\/media?parent=15366"}],"wp:term":[{"taxonomy":"category","embeddable":true,"href":"https:\/\/repam.org.br\/cop30\/wp-json\/wp\/v2\/categories?post=15366"},{"taxonomy":"post_tag","embeddable":true,"href":"https:\/\/repam.org.br\/cop30\/wp-json\/wp\/v2\/tags?post=15366"}],"curies":[{"name":"wp","href":"https:\/\/api.w.org\/{rel}","templated":true}]}}