{"id":15384,"date":"2024-12-04T13:27:27","date_gmt":"2024-12-04T16:27:27","guid":{"rendered":"https:\/\/repam.org.br\/cop30\/?p=15384"},"modified":"2024-12-04T14:03:21","modified_gmt":"2024-12-04T17:03:21","slug":"ribeirinhos-de-afua-se-mobilizaram-em-conferencia-sobre-emergencia-climatica","status":"publish","type":"post","link":"https:\/\/repam.org.br\/cop30\/ribeirinhos-de-afua-se-mobilizaram-em-conferencia-sobre-emergencia-climatica\/","title":{"rendered":"Ribeirinhos de Afu\u00e1 se mobilizaram em Confer\u00eancia sobre Emerg\u00eancia Clim\u00e1tica"},"content":{"rendered":"\n<p class=\"has-dark-gray-color has-text-color has-link-color has-medium-font-size wp-elements-213f59f117cce18f58dfe655040b1281\"><strong><em>O evento foi organizado pelo Instituto Educacional da Amaz\u00f4nia Par\u00e1. As propostas foram enviadas \u00e0 Comiss\u00e3o Organizadora Nacional por meio da Plataforma Brasil Participativo<\/em><\/strong><\/p>\n\n\n\n<p class=\"has-dark-gray-color has-text-color has-link-color wp-elements-1adf677117dcb7b40448d6e35b5a4899\"><strong>Afu\u00e1, PA \u2013<\/strong> A zona rural de Afu\u00e1, no Par\u00e1, foi palco da Confer\u00eancia Livre Ambiental dos Ribeirinhos Afuenses, que reuniu cerca de 70 pessoas no s\u00e1bado (30\/11), em um importante debate sobre a emerg\u00eancia clim\u00e1tica. Organizada pelo Instituto Educacional da Amaz\u00f4nia Par\u00e1, a atividade fez parte do processo preparat\u00f3rio para a 5\u00aa Confer\u00eancia Nacional do Meio Ambiente, que retornou este ano ap\u00f3s mais de uma d\u00e9cada desde sua \u00faltima edi\u00e7\u00e3o, em 2013.<\/p>\n\n\n\n<p class=\"has-dark-gray-color has-text-color has-link-color wp-elements-4b5978d56ac149ae0566948f6cbb25aa\">O evento, que mobilizou a comunidade na manh\u00e3 e tarde de s\u00e1bado, contou com a presen\u00e7a do vice-prefeito e prefeito eleito de Afu\u00e1, Henrique Sandro Lopes da Cunha; do secret\u00e1rio de Meio Ambiente de Afu\u00e1, Hilder Felix; de Mayara Lima, representante da Mobiliza\u00e7\u00e3o dos Povos pela Terra e pelo Clima \u2014 articula\u00e7\u00e3o da REPAM rumo \u00e0 COP30 \u2014; e a professora da Faculdade de Educa\u00e7\u00e3o da Universidade Federal Fluminense, Inny Accioly.<\/p>\n\n\n\n<p class=\"has-dark-gray-color has-text-color has-link-color wp-elements-31c07748b9f957bc06b1ea961245691c\">Com o tema \u201cEmerg\u00eancia Clim\u00e1tica e Transforma\u00e7\u00e3o Ecol\u00f3gica\u201d, o encontro discutiu como o Brasil pode se tornar mais resiliente \u00e0s mudan\u00e7as clim\u00e1ticas, reduzir emiss\u00f5es de gases de efeito estufa e enfrentar os impactos da crise ambiental de forma inclusiva e sustent\u00e1vel.<\/p>\n\n\n\n<p class=\"has-dark-gray-color has-text-color has-link-color wp-elements-c49bc24ed0897a5a66e60d68a5aadba6\">Durante o evento, Aldenice Monteiro, gerente administrativa do Instituto Educacional da Amaz\u00f4nia Par\u00e1 (IEAP), ressaltou a relev\u00e2ncia da confer\u00eancia no contexto local e global das mudan\u00e7as clim\u00e1ticas. <br><br><em>&#8220;Este \u00e9 um momento de suma import\u00e2ncia, n\u00e3o qual temos a oportunidade de debater sobre as mudan\u00e7as clim\u00e1ticas, trazendo nossa vis\u00e3o do que est\u00e1 acontecendo no mundo e, principalmente, na nossa realidade. Todos os impactos que j\u00e1 est\u00e3o interferindo no nosso dia a dia , como os rios que est\u00e3o secando, as praias que est\u00e3o surgindo e as queimadas, t\u00eam sido extremamente impactantes hoje essas quest\u00f5es, que n\u00e3o est\u00e3o distantes de n\u00f3s, mas que j\u00e1 fazem parte, infelizmente, do nosso cotidiano, \u00e9 algo essencial. precisamos compreender qual \u00e9 o nosso papel enquanto ribeirinhos diante dessas situa\u00e7\u00f5es e o que podemos fazer para enfrent\u00e1-las&#8221;, destacou.<\/em><\/p>\n\n\n\n<p class=\"has-dark-gray-color has-text-color has-link-color wp-elements-27db295b3107e74a2c34f2143a4cb476\">O professor Benedito de Queiroz Alc\u00e2ntara, tamb\u00e9m presente na confer\u00eancia, enfatizou a import\u00e2ncia da atividade para amplificar as vozes dos povos ribeirinhos:<br><br><em>&#8220;A realiza\u00e7\u00e3o de uma confer\u00eancia aqui, na Voz do Rio Amazonas, \u00e9 um processo essencial de escuta da Amaz\u00f4nia profunda. \u00c9 uma forma de garantir que a voz que emerge da floresta, dos povos ribeirinhos, possa ecoar e estar presente em todos os debates e nos problemas que est\u00e3o sendo discutidos no mundo fora, especialmente como prepara\u00e7\u00e3o para a COP da Floresta, uma COP30.&#8221;<\/em><\/p>\n\n\n\n<p><\/p>\n\n\n\n<h3 class=\"wp-block-heading has-dark-gray-color has-text-color has-link-color wp-elements-148cc80807eae3373295b5af8e074045\"><strong>Reflex\u00f5es sobre o Passado e o Presente<\/strong><\/h3>\n\n\n\n<p><\/p>\n\n\n\n<p class=\"has-dark-gray-color has-text-color has-link-color wp-elements-85a34d2b8091db85a4ef5da519a6d017\">Durante a confer\u00eancia, os participantes \u2014 jovens e adultos da regi\u00e3o \u2014 participaram de din\u00e2micas que incentivaram reflex\u00f5es sobre as transforma\u00e7\u00f5es clim\u00e1ticas e ambientais ao longo das \u00faltimas duas d\u00e9cadas. O exerc\u00edcio analisa os cen\u00e1rios de 20, 10 anos atr\u00e1s e os dias atuais, permitindo uma avalia\u00e7\u00e3o cr\u00edtica sobre as mudan\u00e7as enfrentadas na rotina dos ribeirinhos e os desafios futuros.<\/p>\n\n\n\n<p class=\"has-dark-gray-color has-text-color has-link-color wp-elements-8d8193003720d1517a89a79f7073f7eb\" style=\"font-size:16px\">Estefany Batista Cort\u00eas, estudante local de 17 anos, destacou a relev\u00e2ncia da confer\u00eancia e sua conex\u00e3o com as realidades ribeirinhas:<\/p>\n\n\n\n<blockquote class=\"wp-block-quote is-style-default has-dark-gray-color has-accent-background-color has-text-color has-background has-link-color wp-elements-a623ac63822cb10a6b86ac68fd7ec36d is-layout-flow wp-block-quote-is-layout-flow\">\n<p style=\"font-size:16px\"><strong>&#8220;Voc\u00ea n\u00e3o pode falar da \u00e1rea ribeirinha sem ser um ribeirinho, ou pelo menos sem ter o conhecimento. A confer\u00eancia \u00e9 uma oportunidade para que o poder p\u00fablico entende o que \u00e9 uma \u00e1rea ribeirinha e quais s\u00e3o as nossas necessidades Porque \u00e9 muito f\u00e1cil vir aqui, dizer muitas coisas, mas n\u00e3o fazer nada (&#8230;) Muito se fala da Amaz\u00f4nia como um todo, mas quase. nunca se fala sobre os povos, suas necessidades, dificuldades e tudo o que estamos enfrentando: mudan\u00e7as clim\u00e1ticas, aquecimento global, a situa\u00e7\u00e3o dos rios, das \u00e1rvores N\u00e3o d\u00e1 mais para ignorar o que est\u00e1 acontecendo.&#8221;<\/strong><\/p>\n<\/blockquote>\n\n\n\n<p class=\"has-dark-gray-color has-white-background-color has-text-color has-background has-link-color wp-elements-7aff4957ae63a2f96f2918dc9d01b8f4\" style=\"font-size:16px\">Como jovem, Estefany trouxe uma reflex\u00e3o impactante sobre o futuro:<\/p>\n\n\n\n<blockquote class=\"wp-block-quote is-layout-flow wp-block-quote-is-layout-flow\">\n<p style=\"font-size:16px\"><strong>\u201cEstamos em 2024, e se somarmos todos os acontecimentos, o cen\u00e1rio \u00e9 aterrorizante. , mas, se n\u00e3o tivermos consci\u00eancia agora, ser\u00e1 que teremos um futuro? com essas quest\u00f5es de maneira sustent\u00e1vel, sem agredir o meio ambiente, e tentar restaurar o que j\u00e1 est\u00e1 praticamente perdido&#8221;, finalizou.<\/strong><\/p>\n<\/blockquote>\n\n\n\n<p class=\"has-dark-gray-color has-text-color has-link-color wp-elements-49d14e3eabec2a847459a891773f2884\">O vice-prefeito de Afu\u00e1 e o atual prefeito eleito tamb\u00e9m estiveram presentes. <\/p>\n\n\n\n<p class=\"has-dark-gray-color has-text-color has-link-color wp-elements-24d1ada0acf673029d26a590a56eb184\"><em>&#8220;O meio ambiente tamb\u00e9m \u00e9 qualidade de vida, e precisamos levar essa pauta n\u00e3o apenas para as salas de aula, mas para todos os \u00e2mbitos da sociedade municipal. Chamar a aten\u00e7\u00e3o das autoridades estaduais, federais e de institui\u00e7\u00f5es que atuam na quest\u00e3o clim\u00e1tica \u00e9 de grande import\u00e2ncia&#8221;, afirmou Henrique Sandro Lopes da Cunha.<\/em><\/p>\n\n\n\n<p class=\"has-dark-gray-color has-text-color has-link-color wp-elements-a95d99d597d3276b0d3989aed383b0b7\">Ele tamb\u00e9m comentou sobre a din\u00e2mica realizada com a juventude durante o evento:<br><br><em>&#8220;Foi muito interessante porque a din\u00e2mica envolveu diferentes per\u00edodos de tempo. H\u00e1 20 anos, por exemplo, no meu grupo, eu era o \u00fanico que estava presente em 2004. Ouvir a opini\u00e3o dos jovens, do povo ribeirinho, sobre quest\u00f5es como o lixo, o assoreamento dos rios, a fauna e a flora de modo geral, \u00e9 algo de suma import\u00e2ncia.&#8221;<\/em><\/p>\n\n\n\n<p class=\"has-dark-gray-color has-text-color has-link-color wp-elements-91b9d587a4277c4cf100f7c4bde101f1\">O secret\u00e1rio de Meio Ambiente de Afu\u00e1, Hilder F\u00e9lix, destacou:<br><br><em>&#8220;Hoje estamos enfrentando um problema que n\u00e3o tem solu\u00e7\u00e3o encontrada em todo o Brasil: as queimadas ilegais. Isso n\u00e3o acontece apenas em outras regi\u00f5es do pa\u00eds, mas tamb\u00e9m aqui no munic\u00edpio de Afu\u00e1 , onde observamos que as fuma\u00e7as ainda s\u00e3o muito intensas.&#8221;<\/em><\/p>\n\n\n\n<h3 class=\"wp-block-heading has-dark-gray-color has-text-color has-link-color wp-elements-d5161d9f4481f4b4285c9e8149a93625\"><strong>Pr\u00f3ximas etapas<\/strong><\/h3>\n\n\n\n<p><\/p>\n\n\n\n<p class=\"has-dark-gray-color has-text-color has-link-color wp-elements-694e7698023abe0fb650c36277798ca1\">A <em>Confer\u00eancia Livre Ambiental dos Ribeirinhos Afuenses<\/em> \u00e9 uma etapa do processo participativo da <strong>5\u00aa Confer\u00eancia Nacional do Meio Ambiente<\/strong>, que acontece em quatro fases: municipais, livres, estaduais e nacionais. O objetivo principal das Confer\u00eancias Livres \u00e9 ampliar a participa\u00e7\u00e3o popular e democratizar o debate sobre a crise clim\u00e1tica.<\/p>\n\n\n\n<p class=\"has-dark-gray-color has-text-color has-link-color wp-elements-bdbb2e230ffe4033f6b7e93828f19b02\">Os debates em Afu\u00e1 foram guiados pelos cinco eixos tem\u00e1ticos da confer\u00eancia:<\/p>\n\n\n\n<ol class=\"wp-block-list\">\n<li class=\"has-dark-gray-color has-text-color has-link-color wp-elements-ec73528e547810b371f1e56d528f82aa\"><strong>Mitiga\u00e7\u00e3o<\/strong>: Redu\u00e7\u00e3o das emiss\u00f5es de gases de efeito estufa.<\/li>\n\n\n\n<li class=\"has-dark-gray-color has-text-color has-link-color wp-elements-843e06038acb6bcb027c31cf5fcf9052\"><strong>Adapta\u00e7\u00e3o e Preven\u00e7\u00e3o de Desastres<\/strong>: Preven\u00e7\u00e3o de riscos e redu\u00e7\u00e3o de perdas e danos.<\/li>\n\n\n\n<li class=\"has-dark-gray-color has-text-color has-link-color wp-elements-65738c6d091f3c6598772f6a1aeebedb\"><strong>Justi\u00e7a Clim\u00e1tica<\/strong>: Supera\u00e7\u00e3o de desigualdades sociais.<\/li>\n\n\n\n<li class=\"has-dark-gray-color has-text-color has-link-color wp-elements-38d4b81763e67c3c125ef38789544b70\"><strong>Transforma\u00e7\u00e3o Ecol\u00f3gica<\/strong>: Descarboniza\u00e7\u00e3o econ\u00f4mica com inclus\u00e3o social.<\/li>\n\n\n\n<li class=\"has-dark-gray-color has-text-color has-link-color wp-elements-0ac8658efc55a2c116519ace8497bf36\"><strong>Governan\u00e7a e Educa\u00e7\u00e3o Ambiental<\/strong>: Participa\u00e7\u00e3o e controle social.<\/li>\n<\/ol>\n\n\n\n<p class=\"has-dark-gray-color has-text-color has-link-color wp-elements-3bfe6da2f174004a158d911c23cd778a\">Ao final da confer\u00eancia, foram elaboradas at\u00e9 10 propostas que ser\u00e3o enviadas para a etapa estadual. Al\u00e9m disso, uma pessoa delegada foi eleita para representar Afu\u00e1 nas pr\u00f3ximas etapas do processo.<\/p>\n\n\n\n<p class=\"has-dark-gray-color has-text-color has-link-color has-medium-font-size wp-elements-e310ca5ea42f825e9db100a825c862df\"><strong>Da Amaz\u00f4nia para o Brasil<\/strong><\/p>\n\n\n\n<p><\/p>\n\n\n\n<p class=\"has-dark-gray-color has-text-color has-link-color wp-elements-3bc2f35b904ba3cd24583cd6ac3a063a\">O debate em Afu\u00e1 ganha ainda mais relev\u00e2ncia diante da vulnerabilidade dos ribeirinhos \u00e0s mudan\u00e7as clim\u00e1ticas. Vivendo em territ\u00f3rios frequentemente impactados por cheias, secas e outros fen\u00f4menos extremos, essas comunidades s\u00e3o diretamente afetadas pela crise clim\u00e1tica.<\/p>\n\n\n\n<p class=\"has-dark-gray-color has-text-color has-link-color wp-elements-a667f95f6f6e7155b8d274b18140742b\">As propostas aprovadas nas etapas locais e estaduais culminar\u00e3o na rodada nacional, que acontecer\u00e1 em Bras\u00edlia entre os dias <strong>6 e 9 de maio de 2025<\/strong>, e poder\u00e3o ser acompanhadas pela <em>Plataforma Brasil Participativo<\/em>. O resultado final ser\u00e1 uma consolida\u00e7\u00e3o das contribui\u00e7\u00f5es de delegados de todo o pa\u00eds, que ir\u00e3o definir as prioridades para a agenda ambiental brasileira.<\/p>\n\n\n\n<p class=\"has-dark-gray-color has-text-color has-link-color wp-elements-eaef0e9dc12ec58a8253e0ebb0d87ad1\">A mobiliza\u00e7\u00e3o em Afu\u00e1 refor\u00e7a a import\u00e2ncia de incluir popula\u00e7\u00f5es ribeirinhas no debate clim\u00e1tico e evidencia como iniciativas locais podem influenciar decis\u00f5es de impacto nacional e global.<\/p>\n\n\n\n<figure class=\"wp-block-gallery has-nested-images columns-default is-cropped wp-block-gallery-1 is-layout-flex wp-block-gallery-is-layout-flex\">\n<figure class=\"wp-block-image size-large\"><img fetchpriority=\"high\" decoding=\"async\" width=\"1024\" height=\"768\" data-id=\"15433\" src=\"https:\/\/repam.org.br\/cop30\/wp-content\/uploads\/2024\/12\/WhatsApp-Image-2024-12-04-at-13.51.02-1-1024x768.jpeg\" alt=\"\" class=\"wp-image-15433\" srcset=\"https:\/\/repam.org.br\/cop30\/wp-content\/uploads\/2024\/12\/WhatsApp-Image-2024-12-04-at-13.51.02-1-1024x768.jpeg 1024w, https:\/\/repam.org.br\/cop30\/wp-content\/uploads\/2024\/12\/WhatsApp-Image-2024-12-04-at-13.51.02-1-300x225.jpeg 300w, https:\/\/repam.org.br\/cop30\/wp-content\/uploads\/2024\/12\/WhatsApp-Image-2024-12-04-at-13.51.02-1-768x576.jpeg 768w, https:\/\/repam.org.br\/cop30\/wp-content\/uploads\/2024\/12\/WhatsApp-Image-2024-12-04-at-13.51.02-1-1536x1152.jpeg 1536w, https:\/\/repam.org.br\/cop30\/wp-content\/uploads\/2024\/12\/WhatsApp-Image-2024-12-04-at-13.51.02-1.jpeg 1600w\" sizes=\"(max-width: 1024px) 100vw, 1024px\" \/><\/figure>\n\n\n\n<figure class=\"wp-block-image size-large\"><img decoding=\"async\" width=\"768\" height=\"1024\" data-id=\"15439\" src=\"https:\/\/repam.org.br\/cop30\/wp-content\/uploads\/2024\/12\/WhatsApp-Image-2024-12-04-at-13.51.04-768x1024.jpeg\" alt=\"\" class=\"wp-image-15439\" srcset=\"https:\/\/repam.org.br\/cop30\/wp-content\/uploads\/2024\/12\/WhatsApp-Image-2024-12-04-at-13.51.04-768x1024.jpeg 768w, https:\/\/repam.org.br\/cop30\/wp-content\/uploads\/2024\/12\/WhatsApp-Image-2024-12-04-at-13.51.04-225x300.jpeg 225w, https:\/\/repam.org.br\/cop30\/wp-content\/uploads\/2024\/12\/WhatsApp-Image-2024-12-04-at-13.51.04-1152x1536.jpeg 1152w, https:\/\/repam.org.br\/cop30\/wp-content\/uploads\/2024\/12\/WhatsApp-Image-2024-12-04-at-13.51.04.jpeg 1200w\" sizes=\"(max-width: 768px) 100vw, 768px\" \/><\/figure>\n\n\n\n<figure class=\"wp-block-image size-large\"><img decoding=\"async\" width=\"768\" height=\"1024\" data-id=\"15436\" src=\"https:\/\/repam.org.br\/cop30\/wp-content\/uploads\/2024\/12\/WhatsApp-Image-2024-12-04-at-13.51.03-2-768x1024.jpeg\" alt=\"\" class=\"wp-image-15436\" srcset=\"https:\/\/repam.org.br\/cop30\/wp-content\/uploads\/2024\/12\/WhatsApp-Image-2024-12-04-at-13.51.03-2-768x1024.jpeg 768w, https:\/\/repam.org.br\/cop30\/wp-content\/uploads\/2024\/12\/WhatsApp-Image-2024-12-04-at-13.51.03-2-225x300.jpeg 225w, https:\/\/repam.org.br\/cop30\/wp-content\/uploads\/2024\/12\/WhatsApp-Image-2024-12-04-at-13.51.03-2-1152x1536.jpeg 1152w, https:\/\/repam.org.br\/cop30\/wp-content\/uploads\/2024\/12\/WhatsApp-Image-2024-12-04-at-13.51.03-2.jpeg 1200w\" sizes=\"(max-width: 768px) 100vw, 768px\" \/><\/figure>\n\n\n\n<figure class=\"wp-block-image size-large\"><img loading=\"lazy\" decoding=\"async\" width=\"768\" height=\"1024\" data-id=\"15435\" src=\"https:\/\/repam.org.br\/cop30\/wp-content\/uploads\/2024\/12\/WhatsApp-Image-2024-12-04-at-13.51.03-1-768x1024.jpeg\" alt=\"\" class=\"wp-image-15435\" srcset=\"https:\/\/repam.org.br\/cop30\/wp-content\/uploads\/2024\/12\/WhatsApp-Image-2024-12-04-at-13.51.03-1-768x1024.jpeg 768w, https:\/\/repam.org.br\/cop30\/wp-content\/uploads\/2024\/12\/WhatsApp-Image-2024-12-04-at-13.51.03-1-225x300.jpeg 225w, https:\/\/repam.org.br\/cop30\/wp-content\/uploads\/2024\/12\/WhatsApp-Image-2024-12-04-at-13.51.03-1-1152x1536.jpeg 1152w, https:\/\/repam.org.br\/cop30\/wp-content\/uploads\/2024\/12\/WhatsApp-Image-2024-12-04-at-13.51.03-1.jpeg 1200w\" sizes=\"(max-width: 768px) 100vw, 768px\" \/><\/figure>\n\n\n\n<figure class=\"wp-block-image size-large\"><img loading=\"lazy\" decoding=\"async\" width=\"1024\" height=\"408\" data-id=\"15385\" src=\"https:\/\/repam.org.br\/cop30\/wp-content\/uploads\/2024\/12\/33373-1024x408.png\" alt=\"\" class=\"wp-image-15385\" srcset=\"https:\/\/repam.org.br\/cop30\/wp-content\/uploads\/2024\/12\/33373-1024x408.png 1024w, https:\/\/repam.org.br\/cop30\/wp-content\/uploads\/2024\/12\/33373-300x120.png 300w, https:\/\/repam.org.br\/cop30\/wp-content\/uploads\/2024\/12\/33373-768x306.png 768w, https:\/\/repam.org.br\/cop30\/wp-content\/uploads\/2024\/12\/33373.png 1108w\" sizes=\"(max-width: 1024px) 100vw, 1024px\" \/><\/figure>\n\n\n\n<figure class=\"wp-block-image size-large\"><img loading=\"lazy\" decoding=\"async\" width=\"1024\" height=\"768\" data-id=\"15434\" src=\"https:\/\/repam.org.br\/cop30\/wp-content\/uploads\/2024\/12\/WhatsApp-Image-2024-12-04-at-13.51.02-1024x768.jpeg\" alt=\"\" class=\"wp-image-15434\" srcset=\"https:\/\/repam.org.br\/cop30\/wp-content\/uploads\/2024\/12\/WhatsApp-Image-2024-12-04-at-13.51.02-1024x768.jpeg 1024w, https:\/\/repam.org.br\/cop30\/wp-content\/uploads\/2024\/12\/WhatsApp-Image-2024-12-04-at-13.51.02-300x225.jpeg 300w, https:\/\/repam.org.br\/cop30\/wp-content\/uploads\/2024\/12\/WhatsApp-Image-2024-12-04-at-13.51.02-768x576.jpeg 768w, https:\/\/repam.org.br\/cop30\/wp-content\/uploads\/2024\/12\/WhatsApp-Image-2024-12-04-at-13.51.02-1536x1152.jpeg 1536w, https:\/\/repam.org.br\/cop30\/wp-content\/uploads\/2024\/12\/WhatsApp-Image-2024-12-04-at-13.51.02.jpeg 1600w\" sizes=\"(max-width: 1024px) 100vw, 1024px\" \/><\/figure>\n<\/figure>\n","protected":false},"excerpt":{"rendered":"<p>O evento foi organizado pelo Instituto Educacional da Amaz\u00f4nia Par\u00e1. As propostas foram enviadas \u00e0 Comiss\u00e3o Organizadora Nacional por meio da Plataforma Brasil Participativo Afu\u00e1, PA \u2013 A zona rural de Afu\u00e1, no Par\u00e1, foi palco da Confer\u00eancia Livre Ambiental dos Ribeirinhos Afuenses, que reuniu cerca de 70 pessoas no s\u00e1bado (30\/11), em um importante debate sobre a emerg\u00eancia clim\u00e1tica. Organizada pelo Instituto Educacional da Amaz\u00f4nia Par\u00e1, a atividade fez parte do processo preparat\u00f3rio para a 5\u00aa Confer\u00eancia Nacional do Meio Ambiente, que retornou este ano ap\u00f3s mais de uma d\u00e9cada desde sua \u00faltima edi\u00e7\u00e3o, em 2013. O evento, que mobilizou a comunidade na manh\u00e3 e tarde de s\u00e1bado, contou com a presen\u00e7a do vice-prefeito e prefeito eleito de Afu\u00e1, Henrique Sandro Lopes da Cunha; do secret\u00e1rio de Meio Ambiente de Afu\u00e1, Hilder Felix; de Mayara Lima, representante da Mobiliza\u00e7\u00e3o dos Povos pela Terra e pelo Clima \u2014 articula\u00e7\u00e3o da REPAM rumo \u00e0 COP30 \u2014; e a professora da Faculdade de Educa\u00e7\u00e3o da Universidade Federal Fluminense, Inny Accioly. Com o tema \u201cEmerg\u00eancia Clim\u00e1tica e Transforma\u00e7\u00e3o Ecol\u00f3gica\u201d, o encontro discutiu como o Brasil pode se tornar mais resiliente \u00e0s mudan\u00e7as clim\u00e1ticas, reduzir emiss\u00f5es de gases de efeito estufa e enfrentar os impactos da crise ambiental de forma inclusiva e sustent\u00e1vel. Durante o evento, Aldenice Monteiro, gerente administrativa do Instituto Educacional da Amaz\u00f4nia Par\u00e1 (IEAP), ressaltou a relev\u00e2ncia da confer\u00eancia no contexto local e global das mudan\u00e7as clim\u00e1ticas. &#8220;Este \u00e9 um momento de suma import\u00e2ncia, n\u00e3o qual temos a oportunidade de debater sobre as mudan\u00e7as clim\u00e1ticas, trazendo nossa vis\u00e3o do que est\u00e1 acontecendo no mundo e, principalmente, na nossa realidade. Todos os impactos que j\u00e1 est\u00e3o interferindo no nosso dia a dia , como os rios que est\u00e3o secando, as praias que est\u00e3o surgindo e as queimadas, t\u00eam sido extremamente impactantes hoje essas quest\u00f5es, que n\u00e3o est\u00e3o distantes de n\u00f3s, mas que j\u00e1 fazem parte, infelizmente, do nosso cotidiano, \u00e9 algo essencial. precisamos compreender qual \u00e9 o nosso papel enquanto ribeirinhos diante dessas situa\u00e7\u00f5es e o que podemos fazer para enfrent\u00e1-las&#8221;, destacou. O professor Benedito de Queiroz Alc\u00e2ntara, tamb\u00e9m presente na confer\u00eancia, enfatizou a import\u00e2ncia da atividade para amplificar as vozes dos povos ribeirinhos: &#8220;A realiza\u00e7\u00e3o de uma confer\u00eancia aqui, na Voz do Rio Amazonas, \u00e9 um processo essencial de escuta da Amaz\u00f4nia profunda. \u00c9 uma forma de garantir que a voz que emerge da floresta, dos povos ribeirinhos, possa ecoar e estar presente em todos os debates e nos problemas que est\u00e3o sendo discutidos no mundo fora, especialmente como prepara\u00e7\u00e3o para a COP da Floresta, uma COP30.&#8221; Reflex\u00f5es sobre o Passado e o Presente Durante a confer\u00eancia, os participantes \u2014 jovens e adultos da regi\u00e3o \u2014 participaram de din\u00e2micas que incentivaram reflex\u00f5es sobre as transforma\u00e7\u00f5es clim\u00e1ticas e ambientais ao longo das \u00faltimas duas d\u00e9cadas. O exerc\u00edcio analisa os cen\u00e1rios de 20, 10 anos atr\u00e1s e os dias atuais, permitindo uma avalia\u00e7\u00e3o cr\u00edtica sobre as mudan\u00e7as enfrentadas na rotina dos ribeirinhos e os desafios futuros. Estefany Batista Cort\u00eas, estudante local de 17 anos, destacou a relev\u00e2ncia da confer\u00eancia e sua conex\u00e3o com as realidades ribeirinhas: &#8220;Voc\u00ea n\u00e3o pode falar da \u00e1rea ribeirinha sem ser um ribeirinho, ou pelo menos sem ter o conhecimento. A confer\u00eancia \u00e9 uma oportunidade para que o poder p\u00fablico entende o que \u00e9 uma \u00e1rea ribeirinha e quais s\u00e3o as nossas necessidades Porque \u00e9 muito f\u00e1cil vir aqui, dizer muitas coisas, mas n\u00e3o fazer nada (&#8230;) Muito se fala da Amaz\u00f4nia como um todo, mas quase. nunca se fala sobre os povos, suas necessidades, dificuldades e tudo o que estamos enfrentando: mudan\u00e7as clim\u00e1ticas, aquecimento global, a situa\u00e7\u00e3o dos rios, das \u00e1rvores N\u00e3o d\u00e1 mais para ignorar o que est\u00e1 acontecendo.&#8221; Como jovem, Estefany trouxe uma reflex\u00e3o impactante sobre o futuro: \u201cEstamos em 2024, e se somarmos todos os acontecimentos, o cen\u00e1rio \u00e9 aterrorizante. , mas, se n\u00e3o tivermos consci\u00eancia agora, ser\u00e1 que teremos um futuro? com essas quest\u00f5es de maneira sustent\u00e1vel, sem agredir o meio ambiente, e tentar restaurar o que j\u00e1 est\u00e1 praticamente perdido&#8221;, finalizou. O vice-prefeito de Afu\u00e1 e o atual prefeito eleito tamb\u00e9m estiveram presentes. &#8220;O meio ambiente tamb\u00e9m \u00e9 qualidade de vida, e precisamos levar essa pauta n\u00e3o apenas para as salas de aula, mas para todos os \u00e2mbitos da sociedade municipal. Chamar a aten\u00e7\u00e3o das autoridades estaduais, federais e de institui\u00e7\u00f5es que atuam na quest\u00e3o clim\u00e1tica \u00e9 de grande import\u00e2ncia&#8221;, afirmou Henrique Sandro Lopes da Cunha. Ele tamb\u00e9m comentou sobre a din\u00e2mica realizada com a juventude durante o evento: &#8220;Foi muito interessante porque a din\u00e2mica envolveu diferentes per\u00edodos de tempo. H\u00e1 20 anos, por exemplo, no meu grupo, eu era o \u00fanico que estava presente em 2004. Ouvir a opini\u00e3o dos jovens, do povo ribeirinho, sobre quest\u00f5es como o lixo, o assoreamento dos rios, a fauna e a flora de modo geral, \u00e9 algo de suma import\u00e2ncia.&#8221; O secret\u00e1rio de Meio Ambiente de Afu\u00e1, Hilder F\u00e9lix, destacou: &#8220;Hoje estamos enfrentando um problema que n\u00e3o tem solu\u00e7\u00e3o encontrada em todo o Brasil: as queimadas ilegais. Isso n\u00e3o acontece apenas em outras regi\u00f5es do pa\u00eds, mas tamb\u00e9m aqui no munic\u00edpio de Afu\u00e1 , onde observamos que as fuma\u00e7as ainda s\u00e3o muito intensas.&#8221; Pr\u00f3ximas etapas A Confer\u00eancia Livre Ambiental dos Ribeirinhos Afuenses \u00e9 uma etapa do processo participativo da 5\u00aa Confer\u00eancia Nacional do Meio Ambiente, que acontece em quatro fases: municipais, livres, estaduais e nacionais. O objetivo principal das Confer\u00eancias Livres \u00e9 ampliar a participa\u00e7\u00e3o popular e democratizar o debate sobre a crise clim\u00e1tica. Os debates em Afu\u00e1 foram guiados pelos cinco eixos tem\u00e1ticos da confer\u00eancia: Ao final da confer\u00eancia, foram elaboradas at\u00e9 10 propostas que ser\u00e3o enviadas para a etapa estadual. Al\u00e9m disso, uma pessoa delegada foi eleita para representar Afu\u00e1 nas pr\u00f3ximas etapas do processo. Da Amaz\u00f4nia para o Brasil O debate em Afu\u00e1 ganha ainda mais relev\u00e2ncia diante da vulnerabilidade dos ribeirinhos \u00e0s mudan\u00e7as clim\u00e1ticas. Vivendo em territ\u00f3rios frequentemente impactados por cheias, secas e outros fen\u00f4menos extremos, essas comunidades s\u00e3o diretamente afetadas pela crise clim\u00e1tica. As propostas aprovadas nas etapas locais e<\/p>\n","protected":false},"author":3,"featured_media":15385,"comment_status":"closed","ping_status":"open","sticky":false,"template":"","format":"standard","meta":{"footnotes":""},"categories":[5],"tags":[13,15,17,18,7,8],"class_list":["post-15384","post","type-post","status-publish","format-standard","has-post-thumbnail","hentry","category-noticias","tag-amazonia","tag-cop-30","tag-mudanca-climatica","tag-populacoes-tradionais","tag-repam","tag-repam-brasil"],"rttpg_featured_image_url":{"full":["https:\/\/repam.org.br\/cop30\/wp-content\/uploads\/2024\/12\/33373.png",1108,442,false],"landscape":["https:\/\/repam.org.br\/cop30\/wp-content\/uploads\/2024\/12\/33373.png",1108,442,false],"portraits":["https:\/\/repam.org.br\/cop30\/wp-content\/uploads\/2024\/12\/33373.png",1108,442,false],"thumbnail":["https:\/\/repam.org.br\/cop30\/wp-content\/uploads\/2024\/12\/33373-150x150.png",150,150,true],"medium":["https:\/\/repam.org.br\/cop30\/wp-content\/uploads\/2024\/12\/33373-300x120.png",300,120,true],"large":["https:\/\/repam.org.br\/cop30\/wp-content\/uploads\/2024\/12\/33373-1024x408.png",800,319,true],"1536x1536":["https:\/\/repam.org.br\/cop30\/wp-content\/uploads\/2024\/12\/33373.png",1108,442,false],"2048x2048":["https:\/\/repam.org.br\/cop30\/wp-content\/uploads\/2024\/12\/33373.png",1108,442,false]},"rttpg_author":{"display_name":"Comunica\u00e7\u00e3o Cop30","author_link":"https:\/\/repam.org.br\/cop30\/author\/comunicacaocop30\/"},"rttpg_comment":0,"rttpg_category":"<a href=\"https:\/\/repam.org.br\/cop30\/category\/noticias\/\" rel=\"category tag\">Not\u00edcias<\/a>","rttpg_excerpt":"O evento foi organizado pelo Instituto Educacional da Amaz\u00f4nia Par\u00e1. As propostas foram enviadas \u00e0 Comiss\u00e3o Organizadora Nacional por meio da Plataforma Brasil Participativo Afu\u00e1, PA \u2013 A zona rural de Afu\u00e1, no Par\u00e1, foi palco da Confer\u00eancia Livre Ambiental dos Ribeirinhos Afuenses, que reuniu cerca de 70 pessoas no s\u00e1bado (30\/11), em um importante&hellip;","_links":{"self":[{"href":"https:\/\/repam.org.br\/cop30\/wp-json\/wp\/v2\/posts\/15384","targetHints":{"allow":["GET"]}}],"collection":[{"href":"https:\/\/repam.org.br\/cop30\/wp-json\/wp\/v2\/posts"}],"about":[{"href":"https:\/\/repam.org.br\/cop30\/wp-json\/wp\/v2\/types\/post"}],"author":[{"embeddable":true,"href":"https:\/\/repam.org.br\/cop30\/wp-json\/wp\/v2\/users\/3"}],"replies":[{"embeddable":true,"href":"https:\/\/repam.org.br\/cop30\/wp-json\/wp\/v2\/comments?post=15384"}],"version-history":[{"count":17,"href":"https:\/\/repam.org.br\/cop30\/wp-json\/wp\/v2\/posts\/15384\/revisions"}],"predecessor-version":[{"id":15442,"href":"https:\/\/repam.org.br\/cop30\/wp-json\/wp\/v2\/posts\/15384\/revisions\/15442"}],"wp:featuredmedia":[{"embeddable":true,"href":"https:\/\/repam.org.br\/cop30\/wp-json\/wp\/v2\/media\/15385"}],"wp:attachment":[{"href":"https:\/\/repam.org.br\/cop30\/wp-json\/wp\/v2\/media?parent=15384"}],"wp:term":[{"taxonomy":"category","embeddable":true,"href":"https:\/\/repam.org.br\/cop30\/wp-json\/wp\/v2\/categories?post=15384"},{"taxonomy":"post_tag","embeddable":true,"href":"https:\/\/repam.org.br\/cop30\/wp-json\/wp\/v2\/tags?post=15384"}],"curies":[{"name":"wp","href":"https:\/\/api.w.org\/{rel}","templated":true}]}}