{"id":15449,"date":"2024-12-18T16:25:32","date_gmt":"2024-12-18T19:25:32","guid":{"rendered":"https:\/\/repam.org.br\/cop30\/?p=15449"},"modified":"2025-01-21T17:41:28","modified_gmt":"2025-01-21T20:41:28","slug":"boletim-mobilizacao-dos-povos-pela-terra-e-pelo-clima-avancos-rumo-a-cop-30","status":"publish","type":"post","link":"https:\/\/repam.org.br\/cop30\/boletim-mobilizacao-dos-povos-pela-terra-e-pelo-clima-avancos-rumo-a-cop-30\/","title":{"rendered":"Boletim &#8220;Mobiliza\u00e7\u00e3o dos Povos pela Terra e pelo Clima \u2013 Avan\u00e7os Rumo \u00e0 COP 30&#8221;"},"content":{"rendered":"\n<p>\u00c9 com grande entusiasmo que anunciamos o lan\u00e7amento do boletim &#8220;Mobiliza\u00e7\u00e3o dos Povos pela Terra e pelo Clima \u2013 Avan\u00e7os Rumo \u00e0 COP 30&#8221;, uma publica\u00e7\u00e3o que destaca as a\u00e7\u00f5es e conquistas da mobiliza\u00e7\u00e3o durante o ano de 2024. Este boletim \u00e9 um reflexo do esfor\u00e7o conjunto de organiza\u00e7\u00f5es, comunidades e lideran\u00e7as comprometidas com a preserva\u00e7\u00e3o ambiental e a promo\u00e7\u00e3o de um futuro mais justo e sustent\u00e1vel para todos<\/p>\n\n\n\n<p>Ao longo deste ano, a mobiliza\u00e7\u00e3o tem sido um espa\u00e7o de articula\u00e7\u00e3o fundamental para fortalecer as vozes dos povos tradicionais, comunidades ind\u00edgenas, quilombolas e outros grupos que est\u00e3o na linha de frente da luta contra as mudan\u00e7as clim\u00e1ticas e a degrada\u00e7\u00e3o ambiental.<\/p>\n\n\n\n<p>Este material traz um resumo estrat\u00e9gico das atividades desenvolvidas junto \u00e0s comunidades, territ\u00f3rios e organiza\u00e7\u00f5es parceiras. A mobiliza\u00e7\u00e3o segue firme em sua miss\u00e3o de garantir que as vozes dos povos que lutam pela terra e pelo clima sejam ouvidas e respeitadas no cen\u00e1rio global.<\/p>\n\n\n\n<p>Acompanhe<a href=\"https:\/\/repam.org.br\/cop30\/wp-content\/uploads\/2025\/01\/news_mobilizacao_v3__compressed-1.pdf\"> aqui<\/a> a primeira edi\u00e7\u00e3o do boletim e continue conosco nesta jornada de articula\u00e7\u00e3o antes, durante e depois da COP30.<\/p>\n\n\n\n<p><\/p>\n","protected":false},"excerpt":{"rendered":"<p>\u00c9 com grande entusiasmo que anunciamos o lan\u00e7amento do boletim &#8220;Mobiliza\u00e7\u00e3o dos Povos pela Terra e pelo Clima \u2013 Avan\u00e7os Rumo \u00e0 COP 30&#8221;, uma publica\u00e7\u00e3o que destaca as a\u00e7\u00f5es e conquistas da mobiliza\u00e7\u00e3o durante o ano de 2024. Este boletim \u00e9 um reflexo do esfor\u00e7o conjunto de organiza\u00e7\u00f5es, comunidades e lideran\u00e7as comprometidas com a preserva\u00e7\u00e3o ambiental e a promo\u00e7\u00e3o de um futuro mais justo e sustent\u00e1vel para todos Ao longo deste ano, a mobiliza\u00e7\u00e3o tem sido um espa\u00e7o de articula\u00e7\u00e3o fundamental para fortalecer as vozes dos povos tradicionais, comunidades ind\u00edgenas, quilombolas e outros grupos que est\u00e3o na linha de frente da luta contra as mudan\u00e7as clim\u00e1ticas e a degrada\u00e7\u00e3o ambiental. Este material traz um resumo estrat\u00e9gico das atividades desenvolvidas junto \u00e0s comunidades, territ\u00f3rios e organiza\u00e7\u00f5es parceiras. A mobiliza\u00e7\u00e3o segue firme em sua miss\u00e3o de garantir que as vozes dos povos que lutam pela terra e pelo clima sejam ouvidas e respeitadas no cen\u00e1rio global. Acompanhe aqui a primeira edi\u00e7\u00e3o do boletim e continue conosco nesta jornada de articula\u00e7\u00e3o antes, durante e depois da COP30.<\/p>\n","protected":false},"author":3,"featured_media":15450,"comment_status":"closed","ping_status":"open","sticky":false,"template":"","format":"standard","meta":{"footnotes":""},"categories":[5],"tags":[],"class_list":["post-15449","post","type-post","status-publish","format-standard","has-post-thumbnail","hentry","category-noticias"],"rttpg_featured_image_url":{"full":["https:\/\/repam.org.br\/cop30\/wp-content\/uploads\/2024\/12\/WhatsApp-Image-2024-12-18-at-16.10.02.jpeg",954,952,false],"landscape":["https:\/\/repam.org.br\/cop30\/wp-content\/uploads\/2024\/12\/WhatsApp-Image-2024-12-18-at-16.10.02.jpeg",954,952,false],"portraits":["https:\/\/repam.org.br\/cop30\/wp-content\/uploads\/2024\/12\/WhatsApp-Image-2024-12-18-at-16.10.02.jpeg",954,952,false],"thumbnail":["https:\/\/repam.org.br\/cop30\/wp-content\/uploads\/2024\/12\/WhatsApp-Image-2024-12-18-at-16.10.02-150x150.jpeg",150,150,true],"medium":["https:\/\/repam.org.br\/cop30\/wp-content\/uploads\/2024\/12\/WhatsApp-Image-2024-12-18-at-16.10.02-300x300.jpeg",300,300,true],"large":["https:\/\/repam.org.br\/cop30\/wp-content\/uploads\/2024\/12\/WhatsApp-Image-2024-12-18-at-16.10.02.jpeg",800,798,false],"1536x1536":["https:\/\/repam.org.br\/cop30\/wp-content\/uploads\/2024\/12\/WhatsApp-Image-2024-12-18-at-16.10.02.jpeg",954,952,false],"2048x2048":["https:\/\/repam.org.br\/cop30\/wp-content\/uploads\/2024\/12\/WhatsApp-Image-2024-12-18-at-16.10.02.jpeg",954,952,false]},"rttpg_author":{"display_name":"Comunica\u00e7\u00e3o Cop30","author_link":"https:\/\/repam.org.br\/cop30\/author\/comunicacaocop30\/"},"rttpg_comment":0,"rttpg_category":"<a href=\"https:\/\/repam.org.br\/cop30\/category\/noticias\/\" rel=\"category tag\">Not\u00edcias<\/a>","rttpg_excerpt":"\u00c9 com grande entusiasmo que anunciamos o lan\u00e7amento do boletim &#8220;Mobiliza\u00e7\u00e3o dos Povos pela Terra e pelo Clima \u2013 Avan\u00e7os Rumo \u00e0 COP 30&#8221;, uma publica\u00e7\u00e3o que destaca as a\u00e7\u00f5es e conquistas da mobiliza\u00e7\u00e3o durante o ano de 2024. Este boletim \u00e9 um reflexo do esfor\u00e7o conjunto de organiza\u00e7\u00f5es, comunidades e lideran\u00e7as comprometidas com a&hellip;","_links":{"self":[{"href":"https:\/\/repam.org.br\/cop30\/wp-json\/wp\/v2\/posts\/15449","targetHints":{"allow":["GET"]}}],"collection":[{"href":"https:\/\/repam.org.br\/cop30\/wp-json\/wp\/v2\/posts"}],"about":[{"href":"https:\/\/repam.org.br\/cop30\/wp-json\/wp\/v2\/types\/post"}],"author":[{"embeddable":true,"href":"https:\/\/repam.org.br\/cop30\/wp-json\/wp\/v2\/users\/3"}],"replies":[{"embeddable":true,"href":"https:\/\/repam.org.br\/cop30\/wp-json\/wp\/v2\/comments?post=15449"}],"version-history":[{"count":3,"href":"https:\/\/repam.org.br\/cop30\/wp-json\/wp\/v2\/posts\/15449\/revisions"}],"predecessor-version":[{"id":15717,"href":"https:\/\/repam.org.br\/cop30\/wp-json\/wp\/v2\/posts\/15449\/revisions\/15717"}],"wp:featuredmedia":[{"embeddable":true,"href":"https:\/\/repam.org.br\/cop30\/wp-json\/wp\/v2\/media\/15450"}],"wp:attachment":[{"href":"https:\/\/repam.org.br\/cop30\/wp-json\/wp\/v2\/media?parent=15449"}],"wp:term":[{"taxonomy":"category","embeddable":true,"href":"https:\/\/repam.org.br\/cop30\/wp-json\/wp\/v2\/categories?post=15449"},{"taxonomy":"post_tag","embeddable":true,"href":"https:\/\/repam.org.br\/cop30\/wp-json\/wp\/v2\/tags?post=15449"}],"curies":[{"name":"wp","href":"https:\/\/api.w.org\/{rel}","templated":true}]}}