{"id":15456,"date":"2024-12-19T14:51:08","date_gmt":"2024-12-19T17:51:08","guid":{"rendered":"https:\/\/repam.org.br\/cop30\/?p=15456"},"modified":"2024-12-19T15:33:37","modified_gmt":"2024-12-19T18:33:37","slug":"encontro-roda-de-conversa-desafios-e-perspectivas-da-amazonia-rumo-a-cop30","status":"publish","type":"post","link":"https:\/\/repam.org.br\/cop30\/encontro-roda-de-conversa-desafios-e-perspectivas-da-amazonia-rumo-a-cop30\/","title":{"rendered":"Encontro &#8211; Roda de Conversa: Desafios e perspectivas da Amaz\u00f4nia rumo \u00e0 COP30"},"content":{"rendered":"\n<p>Na tarde de ontem (18\/12), na sede da CNBB em Bel\u00e9m, ocorreu a roda de conversa <em>&#8220;Desafios e Perspectivas da Amaz\u00f4nia Rumo \u00e0 COP30&#8221;<\/em> , reunindo cerca de 40 pessoas entre organiza\u00e7\u00f5es, lideran\u00e7as amaz\u00f4nicas e defensores socioambientais. O encontro foi promovido no \u00e2mbito da <em>Mobiliza\u00e7\u00e3o dos Povos pela Terra e pelo Clima \u2013 Avan\u00e7os Rumo \u00e0 COP 30<\/em>, com o objetivo de fortalecer as alian\u00e7as, propor pautas concretas e debater os desafios e perspectivas para a defesa da Amaz\u00f4nia e de seus povos.<\/p>\n\n\n\n<p>Sara Pereira , coordenadora da FASE Amaz\u00f4nia e articuladora da C\u00fapula dos Povos Rumo \u00e0 COP30, destaca: <em>&#8220;\u00c9 frustrante perceber que muitas vezes nossas expectativas sobre a\u00e7\u00f5es concretas s\u00e3o limitadas por decis\u00f5es que ignoram as vozes dos territ\u00f3rios. Precisamos garantir que a COP30 seja marcada por compromissos reais com financiamento clim\u00e1tico e justi\u00e7a socioambiental, e n\u00e3o por promessas vazias.&#8221;<\/em><\/p>\n\n\n\n<p>Marcos Wesley, do Comit\u00ea COP30, refor\u00e7a a necessidade de ampliar a participa\u00e7\u00e3o popular e a pluralidade nas discuss\u00f5es: <em>&#8220;A Amaz\u00f4nia n\u00e3o pode ser vista apenas como um ativo econ\u00f4mico, mas como o cora\u00e7\u00e3o de um modelo sustent\u00e1vel e inclusivo. Nossa luta \u00e9 por uma transforma\u00e7\u00e3o que valorize os povos e proteja a floresta.&#8221;<\/em><\/p>\n\n\n\n<p>O encontro tamb\u00e9m destacou o papel estrat\u00e9gico de mobiliza\u00e7\u00e3o local e internacional para garantir que a COP30, a ser realizada em Bel\u00e9m em 2025, seja um marco de avan\u00e7os concretos na agenda clim\u00e1tica global. Participantes como Marcelo Corr\u00eaa, da Malungo , enfatizaram a urg\u00eancia de construir a\u00e7\u00f5es que reflitam a realidade dos territ\u00f3rios e assegurem a prote\u00e7\u00e3o dos direitos das comunidades amaz\u00f4nicas.<\/p>\n\n\n\n<p>No segundo momento do encontro, foram apresentadas as articula\u00e7\u00f5es que t\u00eam desempenhado um papel fundamental na mobiliza\u00e7\u00e3o rumo \u00e0 COP30, como a C\u00fapula dos Povos, a COP das Baixadas, a COP do Povo e o Comit\u00ea COP30. Cada grupo compartilhou os avan\u00e7os e conquistas obtidos ao longo deste ano, destacando a\u00e7\u00f5es concretas, aprendizados e desafios enfrentados. Al\u00e9m disso, os representantes trouxeram suas expectativas para o pr\u00f3ximo ano, com foco na amplia\u00e7\u00e3o da participa\u00e7\u00e3o popular, no fortalecimento das redes de colabora\u00e7\u00e3o e na consolida\u00e7\u00e3o de propostas que reflitam as demandas dos territ\u00f3rios amaz\u00f4nicos.&nbsp;<\/p>\n\n\n\n<p>A roda de conversa refor\u00e7ou a import\u00e2ncia de manter o di\u00e1logo aberto e de esfor\u00e7os articulados para garantir que as demandas da Amaz\u00f4nia estejam no centro das discuss\u00f5es clim\u00e1ticas globais.<\/p>\n\n\n\n<p>Os pr\u00f3ximos passos incluem a consolida\u00e7\u00e3o de propostas para apresenta\u00e7\u00e3o nas etapas preparat\u00f3rias da COP30 e o fortalecimento das coaliz\u00f5es regionais e internacionais.<\/p>\n\n\n\n<p>A REPAM-Brasil exerce um papel, liderando a Mobiliza\u00e7\u00e3o dos Povos pela Terra e pelo Clima como parte dos preparativos para a COP30, em Bel\u00e9m-PA. Sua articula\u00e7\u00e3o \u00e9 essencial para unir vozes diversas e engajadas na constru\u00e7\u00e3o de uma transi\u00e7\u00e3o sustent\u00e1vel e na defesa da Amaz\u00f4nia.<\/p>\n\n\n\n<figure class=\"wp-block-gallery has-nested-images columns-default is-cropped wp-block-gallery-1 is-layout-flex wp-block-gallery-is-layout-flex\">\n<figure class=\"wp-block-image size-large\"><img fetchpriority=\"high\" decoding=\"async\" width=\"1024\" height=\"768\" data-id=\"15459\" src=\"https:\/\/repam.org.br\/cop30\/wp-content\/uploads\/2024\/12\/WhatsApp-Image-2024-12-18-at-18.47.16-1024x768.jpeg\" alt=\"\" class=\"wp-image-15459\" srcset=\"https:\/\/repam.org.br\/cop30\/wp-content\/uploads\/2024\/12\/WhatsApp-Image-2024-12-18-at-18.47.16-1024x768.jpeg 1024w, https:\/\/repam.org.br\/cop30\/wp-content\/uploads\/2024\/12\/WhatsApp-Image-2024-12-18-at-18.47.16-300x225.jpeg 300w, https:\/\/repam.org.br\/cop30\/wp-content\/uploads\/2024\/12\/WhatsApp-Image-2024-12-18-at-18.47.16-768x576.jpeg 768w, https:\/\/repam.org.br\/cop30\/wp-content\/uploads\/2024\/12\/WhatsApp-Image-2024-12-18-at-18.47.16-1536x1152.jpeg 1536w, https:\/\/repam.org.br\/cop30\/wp-content\/uploads\/2024\/12\/WhatsApp-Image-2024-12-18-at-18.47.16-2048x1536.jpeg 2048w\" sizes=\"(max-width: 1024px) 100vw, 1024px\" \/><\/figure>\n\n\n\n<figure class=\"wp-block-image size-large\"><img decoding=\"async\" width=\"1024\" height=\"768\" data-id=\"15461\" src=\"https:\/\/repam.org.br\/cop30\/wp-content\/uploads\/2024\/12\/WhatsApp-Image-2024-12-18-at-18.47.11-1-1-1024x768.jpeg\" alt=\"\" class=\"wp-image-15461\" srcset=\"https:\/\/repam.org.br\/cop30\/wp-content\/uploads\/2024\/12\/WhatsApp-Image-2024-12-18-at-18.47.11-1-1-1024x768.jpeg 1024w, https:\/\/repam.org.br\/cop30\/wp-content\/uploads\/2024\/12\/WhatsApp-Image-2024-12-18-at-18.47.11-1-1-300x225.jpeg 300w, https:\/\/repam.org.br\/cop30\/wp-content\/uploads\/2024\/12\/WhatsApp-Image-2024-12-18-at-18.47.11-1-1-768x576.jpeg 768w, https:\/\/repam.org.br\/cop30\/wp-content\/uploads\/2024\/12\/WhatsApp-Image-2024-12-18-at-18.47.11-1-1-1536x1152.jpeg 1536w\" sizes=\"(max-width: 1024px) 100vw, 1024px\" \/><\/figure>\n\n\n\n<figure class=\"wp-block-image size-large\"><img decoding=\"async\" width=\"1024\" height=\"768\" data-id=\"15468\" src=\"https:\/\/repam.org.br\/cop30\/wp-content\/uploads\/2024\/12\/WhatsApp-Image-2024-12-18-at-18.47.14-1024x768.jpeg\" alt=\"\" class=\"wp-image-15468\" srcset=\"https:\/\/repam.org.br\/cop30\/wp-content\/uploads\/2024\/12\/WhatsApp-Image-2024-12-18-at-18.47.14-1024x768.jpeg 1024w, https:\/\/repam.org.br\/cop30\/wp-content\/uploads\/2024\/12\/WhatsApp-Image-2024-12-18-at-18.47.14-300x225.jpeg 300w, https:\/\/repam.org.br\/cop30\/wp-content\/uploads\/2024\/12\/WhatsApp-Image-2024-12-18-at-18.47.14-768x576.jpeg 768w, https:\/\/repam.org.br\/cop30\/wp-content\/uploads\/2024\/12\/WhatsApp-Image-2024-12-18-at-18.47.14-1536x1152.jpeg 1536w, https:\/\/repam.org.br\/cop30\/wp-content\/uploads\/2024\/12\/WhatsApp-Image-2024-12-18-at-18.47.14-2048x1536.jpeg 2048w\" sizes=\"(max-width: 1024px) 100vw, 1024px\" \/><\/figure>\n<\/figure>\n\n\n\n<figure class=\"wp-block-gallery has-nested-images columns-default is-cropped wp-block-gallery-2 is-layout-flex wp-block-gallery-is-layout-flex\">\n<figure class=\"wp-block-image size-large\"><img loading=\"lazy\" decoding=\"async\" width=\"1024\" height=\"768\" data-id=\"15470\" src=\"https:\/\/repam.org.br\/cop30\/wp-content\/uploads\/2024\/12\/WhatsApp-Image-2024-12-19-at-14.56.10-1024x768.jpeg\" alt=\"\" class=\"wp-image-15470\" srcset=\"https:\/\/repam.org.br\/cop30\/wp-content\/uploads\/2024\/12\/WhatsApp-Image-2024-12-19-at-14.56.10-1024x768.jpeg 1024w, https:\/\/repam.org.br\/cop30\/wp-content\/uploads\/2024\/12\/WhatsApp-Image-2024-12-19-at-14.56.10-300x225.jpeg 300w, https:\/\/repam.org.br\/cop30\/wp-content\/uploads\/2024\/12\/WhatsApp-Image-2024-12-19-at-14.56.10-768x576.jpeg 768w, https:\/\/repam.org.br\/cop30\/wp-content\/uploads\/2024\/12\/WhatsApp-Image-2024-12-19-at-14.56.10.jpeg 1280w\" sizes=\"(max-width: 1024px) 100vw, 1024px\" \/><\/figure>\n\n\n\n<figure class=\"wp-block-image size-large\"><img loading=\"lazy\" decoding=\"async\" width=\"1024\" height=\"768\" data-id=\"15466\" src=\"https:\/\/repam.org.br\/cop30\/wp-content\/uploads\/2024\/12\/WhatsApp-Image-2024-12-18-at-18.47.23-1024x768.jpeg\" alt=\"\" class=\"wp-image-15466\" srcset=\"https:\/\/repam.org.br\/cop30\/wp-content\/uploads\/2024\/12\/WhatsApp-Image-2024-12-18-at-18.47.23-1024x768.jpeg 1024w, https:\/\/repam.org.br\/cop30\/wp-content\/uploads\/2024\/12\/WhatsApp-Image-2024-12-18-at-18.47.23-300x225.jpeg 300w, https:\/\/repam.org.br\/cop30\/wp-content\/uploads\/2024\/12\/WhatsApp-Image-2024-12-18-at-18.47.23-768x576.jpeg 768w, https:\/\/repam.org.br\/cop30\/wp-content\/uploads\/2024\/12\/WhatsApp-Image-2024-12-18-at-18.47.23-1536x1152.jpeg 1536w, https:\/\/repam.org.br\/cop30\/wp-content\/uploads\/2024\/12\/WhatsApp-Image-2024-12-18-at-18.47.23-2048x1536.jpeg 2048w\" sizes=\"(max-width: 1024px) 100vw, 1024px\" \/><\/figure>\n\n\n\n<figure class=\"wp-block-image size-large\"><img loading=\"lazy\" decoding=\"async\" width=\"768\" height=\"1024\" data-id=\"15465\" src=\"https:\/\/repam.org.br\/cop30\/wp-content\/uploads\/2024\/12\/WhatsApp-Image-2024-12-18-at-18.47.10-768x1024.jpeg\" alt=\"\" class=\"wp-image-15465\" srcset=\"https:\/\/repam.org.br\/cop30\/wp-content\/uploads\/2024\/12\/WhatsApp-Image-2024-12-18-at-18.47.10-768x1024.jpeg 768w, https:\/\/repam.org.br\/cop30\/wp-content\/uploads\/2024\/12\/WhatsApp-Image-2024-12-18-at-18.47.10-225x300.jpeg 225w, https:\/\/repam.org.br\/cop30\/wp-content\/uploads\/2024\/12\/WhatsApp-Image-2024-12-18-at-18.47.10-1152x1536.jpeg 1152w, https:\/\/repam.org.br\/cop30\/wp-content\/uploads\/2024\/12\/WhatsApp-Image-2024-12-18-at-18.47.10-1536x2048.jpeg 1536w, https:\/\/repam.org.br\/cop30\/wp-content\/uploads\/2024\/12\/WhatsApp-Image-2024-12-18-at-18.47.10-scaled.jpeg 1920w\" sizes=\"(max-width: 768px) 100vw, 768px\" \/><\/figure>\n\n\n\n<figure class=\"wp-block-image size-large\"><img loading=\"lazy\" decoding=\"async\" width=\"1024\" height=\"768\" data-id=\"15464\" src=\"https:\/\/repam.org.br\/cop30\/wp-content\/uploads\/2024\/12\/WhatsApp-Image-2024-12-18-at-18.47.23-1-1024x768.jpeg\" alt=\"\" class=\"wp-image-15464\" srcset=\"https:\/\/repam.org.br\/cop30\/wp-content\/uploads\/2024\/12\/WhatsApp-Image-2024-12-18-at-18.47.23-1-1024x768.jpeg 1024w, https:\/\/repam.org.br\/cop30\/wp-content\/uploads\/2024\/12\/WhatsApp-Image-2024-12-18-at-18.47.23-1-300x225.jpeg 300w, https:\/\/repam.org.br\/cop30\/wp-content\/uploads\/2024\/12\/WhatsApp-Image-2024-12-18-at-18.47.23-1-768x576.jpeg 768w, https:\/\/repam.org.br\/cop30\/wp-content\/uploads\/2024\/12\/WhatsApp-Image-2024-12-18-at-18.47.23-1-1536x1152.jpeg 1536w, https:\/\/repam.org.br\/cop30\/wp-content\/uploads\/2024\/12\/WhatsApp-Image-2024-12-18-at-18.47.23-1-2048x1536.jpeg 2048w\" sizes=\"(max-width: 1024px) 100vw, 1024px\" \/><\/figure>\n<\/figure>\n","protected":false},"excerpt":{"rendered":"<p>Na tarde de ontem (18\/12), na sede da CNBB em Bel\u00e9m, ocorreu a roda de conversa &#8220;Desafios e Perspectivas da Amaz\u00f4nia Rumo \u00e0 COP30&#8221; , reunindo cerca de 40 pessoas entre organiza\u00e7\u00f5es, lideran\u00e7as amaz\u00f4nicas e defensores socioambientais. O encontro foi promovido no \u00e2mbito da Mobiliza\u00e7\u00e3o dos Povos pela Terra e pelo Clima \u2013 Avan\u00e7os Rumo \u00e0 COP 30, com o objetivo de fortalecer as alian\u00e7as, propor pautas concretas e debater os desafios e perspectivas para a defesa da Amaz\u00f4nia e de seus povos. Sara Pereira , coordenadora da FASE Amaz\u00f4nia e articuladora da C\u00fapula dos Povos Rumo \u00e0 COP30, destaca: &#8220;\u00c9 frustrante perceber que muitas vezes nossas expectativas sobre a\u00e7\u00f5es concretas s\u00e3o limitadas por decis\u00f5es que ignoram as vozes dos territ\u00f3rios. Precisamos garantir que a COP30 seja marcada por compromissos reais com financiamento clim\u00e1tico e justi\u00e7a socioambiental, e n\u00e3o por promessas vazias.&#8221; Marcos Wesley, do Comit\u00ea COP30, refor\u00e7a a necessidade de ampliar a participa\u00e7\u00e3o popular e a pluralidade nas discuss\u00f5es: &#8220;A Amaz\u00f4nia n\u00e3o pode ser vista apenas como um ativo econ\u00f4mico, mas como o cora\u00e7\u00e3o de um modelo sustent\u00e1vel e inclusivo. Nossa luta \u00e9 por uma transforma\u00e7\u00e3o que valorize os povos e proteja a floresta.&#8221; O encontro tamb\u00e9m destacou o papel estrat\u00e9gico de mobiliza\u00e7\u00e3o local e internacional para garantir que a COP30, a ser realizada em Bel\u00e9m em 2025, seja um marco de avan\u00e7os concretos na agenda clim\u00e1tica global. Participantes como Marcelo Corr\u00eaa, da Malungo , enfatizaram a urg\u00eancia de construir a\u00e7\u00f5es que reflitam a realidade dos territ\u00f3rios e assegurem a prote\u00e7\u00e3o dos direitos das comunidades amaz\u00f4nicas. No segundo momento do encontro, foram apresentadas as articula\u00e7\u00f5es que t\u00eam desempenhado um papel fundamental na mobiliza\u00e7\u00e3o rumo \u00e0 COP30, como a C\u00fapula dos Povos, a COP das Baixadas, a COP do Povo e o Comit\u00ea COP30. Cada grupo compartilhou os avan\u00e7os e conquistas obtidos ao longo deste ano, destacando a\u00e7\u00f5es concretas, aprendizados e desafios enfrentados. Al\u00e9m disso, os representantes trouxeram suas expectativas para o pr\u00f3ximo ano, com foco na amplia\u00e7\u00e3o da participa\u00e7\u00e3o popular, no fortalecimento das redes de colabora\u00e7\u00e3o e na consolida\u00e7\u00e3o de propostas que reflitam as demandas dos territ\u00f3rios amaz\u00f4nicos.&nbsp; A roda de conversa refor\u00e7ou a import\u00e2ncia de manter o di\u00e1logo aberto e de esfor\u00e7os articulados para garantir que as demandas da Amaz\u00f4nia estejam no centro das discuss\u00f5es clim\u00e1ticas globais. Os pr\u00f3ximos passos incluem a consolida\u00e7\u00e3o de propostas para apresenta\u00e7\u00e3o nas etapas preparat\u00f3rias da COP30 e o fortalecimento das coaliz\u00f5es regionais e internacionais. A REPAM-Brasil exerce um papel, liderando a Mobiliza\u00e7\u00e3o dos Povos pela Terra e pelo Clima como parte dos preparativos para a COP30, em Bel\u00e9m-PA. Sua articula\u00e7\u00e3o \u00e9 essencial para unir vozes diversas e engajadas na constru\u00e7\u00e3o de uma transi\u00e7\u00e3o sustent\u00e1vel e na defesa da Amaz\u00f4nia.<\/p>\n","protected":false},"author":3,"featured_media":15473,"comment_status":"closed","ping_status":"open","sticky":false,"template":"","format":"standard","meta":{"footnotes":""},"categories":[5],"tags":[13,14,15,16,18,19,7,8],"class_list":["post-15456","post","type-post","status-publish","format-standard","has-post-thumbnail","hentry","category-noticias","tag-amazonia","tag-conferencia-do-clima-da-onu","tag-cop-30","tag-cupula-dos-povos","tag-populacoes-tradionais","tag-povos-indigenas","tag-repam","tag-repam-brasil"],"rttpg_featured_image_url":{"full":["https:\/\/repam.org.br\/cop30\/wp-content\/uploads\/2024\/12\/WhatsApp-Image-2024-12-19-at-15.30.00-scaled.jpeg",2560,1920,false],"landscape":["https:\/\/repam.org.br\/cop30\/wp-content\/uploads\/2024\/12\/WhatsApp-Image-2024-12-19-at-15.30.00-scaled.jpeg",2560,1920,false],"portraits":["https:\/\/repam.org.br\/cop30\/wp-content\/uploads\/2024\/12\/WhatsApp-Image-2024-12-19-at-15.30.00-scaled.jpeg",2560,1920,false],"thumbnail":["https:\/\/repam.org.br\/cop30\/wp-content\/uploads\/2024\/12\/WhatsApp-Image-2024-12-19-at-15.30.00-150x150.jpeg",150,150,true],"medium":["https:\/\/repam.org.br\/cop30\/wp-content\/uploads\/2024\/12\/WhatsApp-Image-2024-12-19-at-15.30.00-300x225.jpeg",300,225,true],"large":["https:\/\/repam.org.br\/cop30\/wp-content\/uploads\/2024\/12\/WhatsApp-Image-2024-12-19-at-15.30.00-1024x768.jpeg",800,600,true],"1536x1536":["https:\/\/repam.org.br\/cop30\/wp-content\/uploads\/2024\/12\/WhatsApp-Image-2024-12-19-at-15.30.00-1536x1152.jpeg",1536,1152,true],"2048x2048":["https:\/\/repam.org.br\/cop30\/wp-content\/uploads\/2024\/12\/WhatsApp-Image-2024-12-19-at-15.30.00-2048x1536.jpeg",2048,1536,true]},"rttpg_author":{"display_name":"Comunica\u00e7\u00e3o Cop30","author_link":"https:\/\/repam.org.br\/cop30\/author\/comunicacaocop30\/"},"rttpg_comment":0,"rttpg_category":"<a href=\"https:\/\/repam.org.br\/cop30\/category\/noticias\/\" rel=\"category tag\">Not\u00edcias<\/a>","rttpg_excerpt":"Na tarde de ontem (18\/12), na sede da CNBB em Bel\u00e9m, ocorreu a roda de conversa &#8220;Desafios e Perspectivas da Amaz\u00f4nia Rumo \u00e0 COP30&#8221; , reunindo cerca de 40 pessoas entre organiza\u00e7\u00f5es, lideran\u00e7as amaz\u00f4nicas e defensores socioambientais. O encontro foi promovido no \u00e2mbito da Mobiliza\u00e7\u00e3o dos Povos pela Terra e pelo Clima \u2013 Avan\u00e7os Rumo&hellip;","_links":{"self":[{"href":"https:\/\/repam.org.br\/cop30\/wp-json\/wp\/v2\/posts\/15456","targetHints":{"allow":["GET"]}}],"collection":[{"href":"https:\/\/repam.org.br\/cop30\/wp-json\/wp\/v2\/posts"}],"about":[{"href":"https:\/\/repam.org.br\/cop30\/wp-json\/wp\/v2\/types\/post"}],"author":[{"embeddable":true,"href":"https:\/\/repam.org.br\/cop30\/wp-json\/wp\/v2\/users\/3"}],"replies":[{"embeddable":true,"href":"https:\/\/repam.org.br\/cop30\/wp-json\/wp\/v2\/comments?post=15456"}],"version-history":[{"count":3,"href":"https:\/\/repam.org.br\/cop30\/wp-json\/wp\/v2\/posts\/15456\/revisions"}],"predecessor-version":[{"id":15474,"href":"https:\/\/repam.org.br\/cop30\/wp-json\/wp\/v2\/posts\/15456\/revisions\/15474"}],"wp:featuredmedia":[{"embeddable":true,"href":"https:\/\/repam.org.br\/cop30\/wp-json\/wp\/v2\/media\/15473"}],"wp:attachment":[{"href":"https:\/\/repam.org.br\/cop30\/wp-json\/wp\/v2\/media?parent=15456"}],"wp:term":[{"taxonomy":"category","embeddable":true,"href":"https:\/\/repam.org.br\/cop30\/wp-json\/wp\/v2\/categories?post=15456"},{"taxonomy":"post_tag","embeddable":true,"href":"https:\/\/repam.org.br\/cop30\/wp-json\/wp\/v2\/tags?post=15456"}],"curies":[{"name":"wp","href":"https:\/\/api.w.org\/{rel}","templated":true}]}}