{"id":15718,"date":"2025-01-23T15:35:46","date_gmt":"2025-01-23T18:35:46","guid":{"rendered":"https:\/\/repam.org.br\/cop30\/?p=15718"},"modified":"2025-01-23T15:43:31","modified_gmt":"2025-01-23T18:43:31","slug":"entrevista-mobilizacao-dos-povos-pela-terra-e-pelo-clima-a-forca-da-amazonia-rumo-a-cop30","status":"publish","type":"post","link":"https:\/\/repam.org.br\/cop30\/entrevista-mobilizacao-dos-povos-pela-terra-e-pelo-clima-a-forca-da-amazonia-rumo-a-cop30\/","title":{"rendered":"Entrevista &#8211; Mobiliza\u00e7\u00e3o dos Povos pela Terra e pelo Clima: a for\u00e7a da Amaz\u00f4nia rumo \u00e0 COP30"},"content":{"rendered":"\n<p>Eduardo Soares, secret\u00e1rio da Mobiliza\u00e7\u00e3o dos Povos pela Terra e pelo Clima em Bel\u00e9m do Par\u00e1, participou de uma entrevista no programa Prisma da r\u00e1dio Alian\u00e7a FM 106.3, destacando a import\u00e2ncia da COP30 e as a\u00e7\u00f5es que est\u00e3o sendo realizadas para dar voz \u00e0s comunidades da Amaz\u00f4nia.<\/p>\n\n\n\n<p>\u201cA COP30 ser\u00e1 um momento crucial para colocar as quest\u00f5es clim\u00e1ticas na mesa de discuss\u00f5es globais. Aqui em Bel\u00e9m, estamos trabalhando para garantir que as vozes dos povos origin\u00e1rios, quilombolas, ribeirinhos e das popula\u00e7\u00f5es urbanas da Amaz\u00f4nia sejam ouvidas e respeitadas nas decis\u00f5es que impactam o planeta\u201d, afirmou Eduardo.<\/p>\n\n\n\n<p>A articula\u00e7\u00e3o liderada pela REPAM (Rede Eclesial Pan-Amaz\u00f4nica), em parceria com organiza\u00e7\u00f5es da sociedade civil e da Igreja, tem como objetivo principal ecoar as demandas dos territ\u00f3rios amaz\u00f4nicos. Segundo Eduardo, \u201cas comunidades enfrentam diariamente os impactos das queimadas, da seca, da explora\u00e7\u00e3o de petr\u00f3leo e da expans\u00e3o do agroneg\u00f3cio. \u00c9 fundamental que essas realidades sejam consideradas nas negocia\u00e7\u00f5es clim\u00e1ticas.\u201d<\/p>\n\n\n\n<p>Um dos destaques da entrevista foi o lan\u00e7amento da <a href=\"https:\/\/repam.org.br\/cop30\/wp-content\/uploads\/2024\/12\/2024_12_21_REVISTA_A5.pdf\">cartilha ABC das COPs<\/a>, um material educativo que busca democratizar o entendimento sobre o evento e suas implica\u00e7\u00f5es. \u201cEsse material tem sido uma ferramenta essencial para conscientizar e engajar as comunidades, dentro e fora do Brasil, sobre a import\u00e2ncia de agir contra a crise clim\u00e1tica,\u201d explicou Eduardo.<\/p>\n\n\n\n<p>Al\u00e9m disso, Eduardo enfatizou a relev\u00e2ncia da C\u00fapula dos Povos, um espa\u00e7o alternativo durante a COP30 que reunir\u00e1 mais de 400 organiza\u00e7\u00f5es para discutir solu\u00e7\u00f5es baseadas na viv\u00eancia dos povos tradicionais. \u201cA C\u00fapula dos Povos&#8221; \u00e9 uma resposta \u00e0 narrativa predominante sobre quest\u00f5es ambientais. Aqui, n\u00e3o apenas denunciamos as injusti\u00e7as, mas tamb\u00e9m propomos caminhos baseados no cuidado e na justi\u00e7a clim\u00e1tica,\u201d destacou.<\/p>\n\n\n\n<p>Ao finalizar, Eduardo refor\u00e7ou a necessidade de mobiliza\u00e7\u00e3o cont\u00ednua: \u201cEstamos organizando semin\u00e1rios, confer\u00eancias livres e rodas de conversa para fortalecer a luta pela justi\u00e7a clim\u00e1tica. A COP30 ser\u00e1 uma oportunidade de mostrar ao mundo que as solu\u00e7\u00f5es para a crise clim\u00e1tica podem e devem nascer da Amaz\u00f4nia.\u201d<\/p>\n\n\n\n<p>Com os olhos do mundo voltados para Bel\u00e9m em novembro, a Mobiliza\u00e7\u00e3o dos Povos pela Terra e pelo Clima se posiciona como uma for\u00e7a essencial para garantir que a justi\u00e7a clim\u00e1tica seja um compromisso global.<br><a href=\"https:\/\/repam.org.br\/cop30\/wp-content\/uploads\/2024\/12\/2024_12_21_REVISTA_A5.pdf\">Baixe a Cartilha ABC das COPs<\/a> e entenda mais sobre a maior confer\u00eancia do clima do planeta.<\/p>\n\n\n\n<figure class=\"wp-block-image size-large\"><img fetchpriority=\"high\" decoding=\"async\" width=\"1024\" height=\"512\" src=\"https:\/\/repam.org.br\/cop30\/wp-content\/uploads\/2025\/01\/01_GUIA_B-1024x512.png\" alt=\"\" class=\"wp-image-15702\" srcset=\"https:\/\/repam.org.br\/cop30\/wp-content\/uploads\/2025\/01\/01_GUIA_B-1024x512.png 1024w, https:\/\/repam.org.br\/cop30\/wp-content\/uploads\/2025\/01\/01_GUIA_B-300x150.png 300w, https:\/\/repam.org.br\/cop30\/wp-content\/uploads\/2025\/01\/01_GUIA_B-768x384.png 768w, https:\/\/repam.org.br\/cop30\/wp-content\/uploads\/2025\/01\/01_GUIA_B-1536x768.png 1536w\" sizes=\"(max-width: 1024px) 100vw, 1024px\" \/><\/figure>\n\n\n\n<p><\/p>\n","protected":false},"excerpt":{"rendered":"<p>Eduardo Soares, secret\u00e1rio da Mobiliza\u00e7\u00e3o dos Povos pela Terra e pelo Clima em Bel\u00e9m do Par\u00e1, participou de uma entrevista no programa Prisma da r\u00e1dio Alian\u00e7a FM 106.3, destacando a import\u00e2ncia da COP30 e as a\u00e7\u00f5es que est\u00e3o sendo realizadas para dar voz \u00e0s comunidades da Amaz\u00f4nia. \u201cA COP30 ser\u00e1 um momento crucial para colocar as quest\u00f5es clim\u00e1ticas na mesa de discuss\u00f5es globais. Aqui em Bel\u00e9m, estamos trabalhando para garantir que as vozes dos povos origin\u00e1rios, quilombolas, ribeirinhos e das popula\u00e7\u00f5es urbanas da Amaz\u00f4nia sejam ouvidas e respeitadas nas decis\u00f5es que impactam o planeta\u201d, afirmou Eduardo. A articula\u00e7\u00e3o liderada pela REPAM (Rede Eclesial Pan-Amaz\u00f4nica), em parceria com organiza\u00e7\u00f5es da sociedade civil e da Igreja, tem como objetivo principal ecoar as demandas dos territ\u00f3rios amaz\u00f4nicos. Segundo Eduardo, \u201cas comunidades enfrentam diariamente os impactos das queimadas, da seca, da explora\u00e7\u00e3o de petr\u00f3leo e da expans\u00e3o do agroneg\u00f3cio. \u00c9 fundamental que essas realidades sejam consideradas nas negocia\u00e7\u00f5es clim\u00e1ticas.\u201d Um dos destaques da entrevista foi o lan\u00e7amento da cartilha ABC das COPs, um material educativo que busca democratizar o entendimento sobre o evento e suas implica\u00e7\u00f5es. \u201cEsse material tem sido uma ferramenta essencial para conscientizar e engajar as comunidades, dentro e fora do Brasil, sobre a import\u00e2ncia de agir contra a crise clim\u00e1tica,\u201d explicou Eduardo. Al\u00e9m disso, Eduardo enfatizou a relev\u00e2ncia da C\u00fapula dos Povos, um espa\u00e7o alternativo durante a COP30 que reunir\u00e1 mais de 400 organiza\u00e7\u00f5es para discutir solu\u00e7\u00f5es baseadas na viv\u00eancia dos povos tradicionais. \u201cA C\u00fapula dos Povos&#8221; \u00e9 uma resposta \u00e0 narrativa predominante sobre quest\u00f5es ambientais. Aqui, n\u00e3o apenas denunciamos as injusti\u00e7as, mas tamb\u00e9m propomos caminhos baseados no cuidado e na justi\u00e7a clim\u00e1tica,\u201d destacou. Ao finalizar, Eduardo refor\u00e7ou a necessidade de mobiliza\u00e7\u00e3o cont\u00ednua: \u201cEstamos organizando semin\u00e1rios, confer\u00eancias livres e rodas de conversa para fortalecer a luta pela justi\u00e7a clim\u00e1tica. A COP30 ser\u00e1 uma oportunidade de mostrar ao mundo que as solu\u00e7\u00f5es para a crise clim\u00e1tica podem e devem nascer da Amaz\u00f4nia.\u201d Com os olhos do mundo voltados para Bel\u00e9m em novembro, a Mobiliza\u00e7\u00e3o dos Povos pela Terra e pelo Clima se posiciona como uma for\u00e7a essencial para garantir que a justi\u00e7a clim\u00e1tica seja um compromisso global.Baixe a Cartilha ABC das COPs e entenda mais sobre a maior confer\u00eancia do clima do planeta.<\/p>\n","protected":false},"author":3,"featured_media":15722,"comment_status":"closed","ping_status":"open","sticky":false,"template":"","format":"standard","meta":{"footnotes":""},"categories":[5],"tags":[],"class_list":["post-15718","post","type-post","status-publish","format-standard","has-post-thumbnail","hentry","category-noticias"],"rttpg_featured_image_url":{"full":["https:\/\/repam.org.br\/cop30\/wp-content\/uploads\/2025\/01\/WhatsApp-Image-2025-01-23-at-15.41.51.jpeg",1600,789,false],"landscape":["https:\/\/repam.org.br\/cop30\/wp-content\/uploads\/2025\/01\/WhatsApp-Image-2025-01-23-at-15.41.51.jpeg",1600,789,false],"portraits":["https:\/\/repam.org.br\/cop30\/wp-content\/uploads\/2025\/01\/WhatsApp-Image-2025-01-23-at-15.41.51.jpeg",1600,789,false],"thumbnail":["https:\/\/repam.org.br\/cop30\/wp-content\/uploads\/2025\/01\/WhatsApp-Image-2025-01-23-at-15.41.51-150x150.jpeg",150,150,true],"medium":["https:\/\/repam.org.br\/cop30\/wp-content\/uploads\/2025\/01\/WhatsApp-Image-2025-01-23-at-15.41.51-300x148.jpeg",300,148,true],"large":["https:\/\/repam.org.br\/cop30\/wp-content\/uploads\/2025\/01\/WhatsApp-Image-2025-01-23-at-15.41.51-1024x505.jpeg",800,395,true],"1536x1536":["https:\/\/repam.org.br\/cop30\/wp-content\/uploads\/2025\/01\/WhatsApp-Image-2025-01-23-at-15.41.51-1536x757.jpeg",1536,757,true],"2048x2048":["https:\/\/repam.org.br\/cop30\/wp-content\/uploads\/2025\/01\/WhatsApp-Image-2025-01-23-at-15.41.51.jpeg",1600,789,false]},"rttpg_author":{"display_name":"Comunica\u00e7\u00e3o Cop30","author_link":"https:\/\/repam.org.br\/cop30\/author\/comunicacaocop30\/"},"rttpg_comment":0,"rttpg_category":"<a href=\"https:\/\/repam.org.br\/cop30\/category\/noticias\/\" rel=\"category tag\">Not\u00edcias<\/a>","rttpg_excerpt":"Eduardo Soares, secret\u00e1rio da Mobiliza\u00e7\u00e3o dos Povos pela Terra e pelo Clima em Bel\u00e9m do Par\u00e1, participou de uma entrevista no programa Prisma da r\u00e1dio Alian\u00e7a FM 106.3, destacando a import\u00e2ncia da COP30 e as a\u00e7\u00f5es que est\u00e3o sendo realizadas para dar voz \u00e0s comunidades da Amaz\u00f4nia. \u201cA COP30 ser\u00e1 um momento crucial para colocar&hellip;","_links":{"self":[{"href":"https:\/\/repam.org.br\/cop30\/wp-json\/wp\/v2\/posts\/15718","targetHints":{"allow":["GET"]}}],"collection":[{"href":"https:\/\/repam.org.br\/cop30\/wp-json\/wp\/v2\/posts"}],"about":[{"href":"https:\/\/repam.org.br\/cop30\/wp-json\/wp\/v2\/types\/post"}],"author":[{"embeddable":true,"href":"https:\/\/repam.org.br\/cop30\/wp-json\/wp\/v2\/users\/3"}],"replies":[{"embeddable":true,"href":"https:\/\/repam.org.br\/cop30\/wp-json\/wp\/v2\/comments?post=15718"}],"version-history":[{"count":1,"href":"https:\/\/repam.org.br\/cop30\/wp-json\/wp\/v2\/posts\/15718\/revisions"}],"predecessor-version":[{"id":15720,"href":"https:\/\/repam.org.br\/cop30\/wp-json\/wp\/v2\/posts\/15718\/revisions\/15720"}],"wp:featuredmedia":[{"embeddable":true,"href":"https:\/\/repam.org.br\/cop30\/wp-json\/wp\/v2\/media\/15722"}],"wp:attachment":[{"href":"https:\/\/repam.org.br\/cop30\/wp-json\/wp\/v2\/media?parent=15718"}],"wp:term":[{"taxonomy":"category","embeddable":true,"href":"https:\/\/repam.org.br\/cop30\/wp-json\/wp\/v2\/categories?post=15718"},{"taxonomy":"post_tag","embeddable":true,"href":"https:\/\/repam.org.br\/cop30\/wp-json\/wp\/v2\/tags?post=15718"}],"curies":[{"name":"wp","href":"https:\/\/api.w.org\/{rel}","templated":true}]}}