{"id":15734,"date":"2025-01-29T14:15:01","date_gmt":"2025-01-29T17:15:01","guid":{"rendered":"https:\/\/repam.org.br\/cop30\/?p=15734"},"modified":"2025-02-03T13:17:34","modified_gmt":"2025-02-03T16:17:34","slug":"mobilizacao-dos-povos-pela-terra-e-pelo-clima-participa-de-ato-politico-em-apoio-a-ocupacao-da-secretaria-de-educacao-no-para","status":"publish","type":"post","link":"https:\/\/repam.org.br\/cop30\/mobilizacao-dos-povos-pela-terra-e-pelo-clima-participa-de-ato-politico-em-apoio-a-ocupacao-da-secretaria-de-educacao-no-para\/","title":{"rendered":"Articula\u00e7\u00e3o participa de ato pol\u00edtico em apoio \u00e0 ocupa\u00e7\u00e3o da Secretaria de Educa\u00e7\u00e3o no Par\u00e1"},"content":{"rendered":"\n<p>No dia 24 de janeiro, Joana Menezes, representando a Articula\u00e7\u00e3o Repam para COP30, esteve presente no <strong>Ato Pol\u00edtico de Compromisso com a Reforma Agr\u00e1ria Popular e com o Brasil<\/strong>, realizado no Parque dos Igarap\u00e9s, em Bel\u00e9m (PA). O evento marcou o encerramento do Encontro da Coordena\u00e7\u00e3o Nacional do Movimento Sem Terra (MST) e reuniu mais de 400 dirigentes do MST, al\u00e9m de representantes de universidades, parlamentares, militantes de organiza\u00e7\u00f5es populares e do Governo Federal.<\/p>\n\n\n\n<p>Para Joana Menezes, o ato refor\u00e7ou a disputa entre dois modelos de desenvolvimento para a Amaz\u00f4nia e para o Brasil: <em>&#8220;De um lado, h\u00e1 um projeto de desenvolvimento predat\u00f3rio, capitaneado pelo capital, que desrespeita a natureza, vit\u00f3ria territ\u00f3rios com grandes e ceifa vidas com a\u00e7\u00f5es violentas, muitas vezes com a anu\u00eancia do Estado. Do outro, h\u00e1 um projeto de desenvolvimento agroecol\u00f3gico, que prop\u00f5e uma conviv\u00eancia harm\u00f4nica com a natureza e coloca a manuten\u00e7\u00e3o da vida como prioridade, defendendo a liberdade no uso da terra com sabedoria, saber ancestral e ci\u00eancia popular.&#8221;<\/em><\/p>\n\n\n\n<figure class=\"wp-block-gallery has-nested-images columns-default is-cropped wp-block-gallery-1 is-layout-flex wp-block-gallery-is-layout-flex\">\n<figure class=\"wp-block-image size-large\"><img fetchpriority=\"high\" decoding=\"async\" width=\"1024\" height=\"1024\" data-id=\"15735\" src=\"https:\/\/repam.org.br\/cop30\/wp-content\/uploads\/2025\/01\/WhatsApp-Image-2025-01-28-at-15.03.36-1024x1024.jpeg\" alt=\"\" class=\"wp-image-15735\" srcset=\"https:\/\/repam.org.br\/cop30\/wp-content\/uploads\/2025\/01\/WhatsApp-Image-2025-01-28-at-15.03.36-1024x1024.jpeg 1024w, https:\/\/repam.org.br\/cop30\/wp-content\/uploads\/2025\/01\/WhatsApp-Image-2025-01-28-at-15.03.36-300x300.jpeg 300w, https:\/\/repam.org.br\/cop30\/wp-content\/uploads\/2025\/01\/WhatsApp-Image-2025-01-28-at-15.03.36-150x150.jpeg 150w, https:\/\/repam.org.br\/cop30\/wp-content\/uploads\/2025\/01\/WhatsApp-Image-2025-01-28-at-15.03.36-768x768.jpeg 768w, https:\/\/repam.org.br\/cop30\/wp-content\/uploads\/2025\/01\/WhatsApp-Image-2025-01-28-at-15.03.36.jpeg 1280w\" sizes=\"(max-width: 1024px) 100vw, 1024px\" \/><\/figure>\n<\/figure>\n\n\n\n<p>O ato de encerramento do Encontro Nacional de Coordena\u00e7\u00e3o do MST manifestaram solidariedade \u00e0 ocupa\u00e7\u00e3o da Secretaria Estadual de Educa\u00e7\u00e3o pelos povos ind\u00edgenas, quilombolas e educadores. Tamb\u00e9m participaram representantes da Secret\u00e1ria-geral da Presid\u00eancia da Rep\u00fablica, Minist\u00e9rio da Sa\u00fade, da Igualdade Racial e da Agricultura Familiar e Desenvolvimento Agr\u00e1rio, al\u00e9m de deputados federais, estaduais e vereadores de Bel\u00e9m.<\/p>\n","protected":false},"excerpt":{"rendered":"<p>No dia 24 de janeiro, Joana Menezes, representando a Articula\u00e7\u00e3o Repam para COP30, esteve presente no Ato Pol\u00edtico de Compromisso com a Reforma Agr\u00e1ria Popular e com o Brasil, realizado no Parque dos Igarap\u00e9s, em Bel\u00e9m (PA). O evento marcou o encerramento do Encontro da Coordena\u00e7\u00e3o Nacional do Movimento Sem Terra (MST) e reuniu mais de 400 dirigentes do MST, al\u00e9m de representantes de universidades, parlamentares, militantes de organiza\u00e7\u00f5es populares e do Governo Federal. Para Joana Menezes, o ato refor\u00e7ou a disputa entre dois modelos de desenvolvimento para a Amaz\u00f4nia e para o Brasil: &#8220;De um lado, h\u00e1 um projeto de desenvolvimento predat\u00f3rio, capitaneado pelo capital, que desrespeita a natureza, vit\u00f3ria territ\u00f3rios com grandes e ceifa vidas com a\u00e7\u00f5es violentas, muitas vezes com a anu\u00eancia do Estado. Do outro, h\u00e1 um projeto de desenvolvimento agroecol\u00f3gico, que prop\u00f5e uma conviv\u00eancia harm\u00f4nica com a natureza e coloca a manuten\u00e7\u00e3o da vida como prioridade, defendendo a liberdade no uso da terra com sabedoria, saber ancestral e ci\u00eancia popular.&#8221; O ato de encerramento do Encontro Nacional de Coordena\u00e7\u00e3o do MST manifestaram solidariedade \u00e0 ocupa\u00e7\u00e3o da Secretaria Estadual de Educa\u00e7\u00e3o pelos povos ind\u00edgenas, quilombolas e educadores. Tamb\u00e9m participaram representantes da Secret\u00e1ria-geral da Presid\u00eancia da Rep\u00fablica, Minist\u00e9rio da Sa\u00fade, da Igualdade Racial e da Agricultura Familiar e Desenvolvimento Agr\u00e1rio, al\u00e9m de deputados federais, estaduais e vereadores de Bel\u00e9m.<\/p>\n","protected":false},"author":3,"featured_media":15738,"comment_status":"closed","ping_status":"open","sticky":false,"template":"","format":"standard","meta":{"footnotes":""},"categories":[5],"tags":[],"class_list":["post-15734","post","type-post","status-publish","format-standard","has-post-thumbnail","hentry","category-noticias"],"rttpg_featured_image_url":{"full":["https:\/\/repam.org.br\/cop30\/wp-content\/uploads\/2025\/01\/WhatsApp-Image-2025-01-28-at-15.03.35.jpeg",1280,963,false],"landscape":["https:\/\/repam.org.br\/cop30\/wp-content\/uploads\/2025\/01\/WhatsApp-Image-2025-01-28-at-15.03.35.jpeg",1280,963,false],"portraits":["https:\/\/repam.org.br\/cop30\/wp-content\/uploads\/2025\/01\/WhatsApp-Image-2025-01-28-at-15.03.35.jpeg",1280,963,false],"thumbnail":["https:\/\/repam.org.br\/cop30\/wp-content\/uploads\/2025\/01\/WhatsApp-Image-2025-01-28-at-15.03.35-150x150.jpeg",150,150,true],"medium":["https:\/\/repam.org.br\/cop30\/wp-content\/uploads\/2025\/01\/WhatsApp-Image-2025-01-28-at-15.03.35-300x226.jpeg",300,226,true],"large":["https:\/\/repam.org.br\/cop30\/wp-content\/uploads\/2025\/01\/WhatsApp-Image-2025-01-28-at-15.03.35-1024x770.jpeg",800,602,true],"1536x1536":["https:\/\/repam.org.br\/cop30\/wp-content\/uploads\/2025\/01\/WhatsApp-Image-2025-01-28-at-15.03.35.jpeg",1280,963,false],"2048x2048":["https:\/\/repam.org.br\/cop30\/wp-content\/uploads\/2025\/01\/WhatsApp-Image-2025-01-28-at-15.03.35.jpeg",1280,963,false]},"rttpg_author":{"display_name":"Comunica\u00e7\u00e3o Cop30","author_link":"https:\/\/repam.org.br\/cop30\/author\/comunicacaocop30\/"},"rttpg_comment":0,"rttpg_category":"<a href=\"https:\/\/repam.org.br\/cop30\/category\/noticias\/\" rel=\"category tag\">Not\u00edcias<\/a>","rttpg_excerpt":"No dia 24 de janeiro, Joana Menezes, representando a Articula\u00e7\u00e3o Repam para COP30, esteve presente no Ato Pol\u00edtico de Compromisso com a Reforma Agr\u00e1ria Popular e com o Brasil, realizado no Parque dos Igarap\u00e9s, em Bel\u00e9m (PA). O evento marcou o encerramento do Encontro da Coordena\u00e7\u00e3o Nacional do Movimento Sem Terra (MST) e reuniu mais&hellip;","_links":{"self":[{"href":"https:\/\/repam.org.br\/cop30\/wp-json\/wp\/v2\/posts\/15734","targetHints":{"allow":["GET"]}}],"collection":[{"href":"https:\/\/repam.org.br\/cop30\/wp-json\/wp\/v2\/posts"}],"about":[{"href":"https:\/\/repam.org.br\/cop30\/wp-json\/wp\/v2\/types\/post"}],"author":[{"embeddable":true,"href":"https:\/\/repam.org.br\/cop30\/wp-json\/wp\/v2\/users\/3"}],"replies":[{"embeddable":true,"href":"https:\/\/repam.org.br\/cop30\/wp-json\/wp\/v2\/comments?post=15734"}],"version-history":[{"count":4,"href":"https:\/\/repam.org.br\/cop30\/wp-json\/wp\/v2\/posts\/15734\/revisions"}],"predecessor-version":[{"id":15786,"href":"https:\/\/repam.org.br\/cop30\/wp-json\/wp\/v2\/posts\/15734\/revisions\/15786"}],"wp:featuredmedia":[{"embeddable":true,"href":"https:\/\/repam.org.br\/cop30\/wp-json\/wp\/v2\/media\/15738"}],"wp:attachment":[{"href":"https:\/\/repam.org.br\/cop30\/wp-json\/wp\/v2\/media?parent=15734"}],"wp:term":[{"taxonomy":"category","embeddable":true,"href":"https:\/\/repam.org.br\/cop30\/wp-json\/wp\/v2\/categories?post=15734"},{"taxonomy":"post_tag","embeddable":true,"href":"https:\/\/repam.org.br\/cop30\/wp-json\/wp\/v2\/tags?post=15734"}],"curies":[{"name":"wp","href":"https:\/\/api.w.org\/{rel}","templated":true}]}}