{"id":15746,"date":"2025-01-30T15:04:39","date_gmt":"2025-01-30T18:04:39","guid":{"rendered":"https:\/\/repam.org.br\/cop30\/?p=15746"},"modified":"2025-01-30T15:07:23","modified_gmt":"2025-01-30T18:07:23","slug":"resistencia-indigena-e-justica-climatica-11o-fie-reafirma-o-compromisso-com-a-amazonia-e-seus-povos","status":"publish","type":"post","link":"https:\/\/repam.org.br\/cop30\/resistencia-indigena-e-justica-climatica-11o-fie-reafirma-o-compromisso-com-a-amazonia-e-seus-povos\/","title":{"rendered":"Resist\u00eancia Ind\u00edgena e Justi\u00e7a Clim\u00e1tica: 11\u00ba FIE Reafirma o Compromisso com a Amaz\u00f4nia e seus Povos"},"content":{"rendered":"\n<p>No dia 29 de janeiro de 2025, o 11\u00ba Festival de Cultura Ind\u00edgena do Eware encerrou suas atividades na aldeia de Bel\u00e9m do Solim\u00f5es, refor\u00e7ando uma import\u00e2ncia crucial da preserva\u00e7\u00e3o ambiental e da valoriza\u00e7\u00e3o das culturas ind\u00edgenas. Sob o tema &#8220;\u00c1gua e Mudan\u00e7as Clim\u00e1ticas&#8221;, o evento n\u00e3o apenas promove reflex\u00f5es profundas sobre os desafios enfrentados pelos povos ind\u00edgenas frente \u00e0 crise clim\u00e1tica e \u00e0 contamina\u00e7\u00e3o dos rios, como tamb\u00e9m ampliou o alcance da mobiliza\u00e7\u00e3o global.<\/p>\n\n\n\n<p>Durante o festival, crian\u00e7as, jovens e anci\u00f5es compartilharam suas mensagens urgentes sobre a necessidade premente de proteger as \u00e1guas e os peixes, ressaltando a conex\u00e3o ancestral entre os povos ind\u00edgenas e a natureza. &#8220;As mudan\u00e7as clim\u00e1ticas afetam diretamente nosso modo de vida, enquanto a polui\u00e7\u00e3o dos rios amea\u00e7a nossa subsist\u00eancia. Continuamos a lutar contra as pr\u00e1ticas de garimpo ilegais, ca\u00e7a predat\u00f3ria e pesquisa n\u00e3o autorizada. A Terra Ind\u00edgena clama por justi\u00e7a&#8221;, enfatizou Arlete Gomes, coordenadora de projetos da Mobiliza\u00e7\u00e3o dos Povos pela Terra e pelo Clima da REPAM e articuladora da REPAM-Brasil.<\/p>\n\n\n\n<p>Al\u00e9m do debate ambiental, o festival celebrou o protagonismo ind\u00edgena atrav\u00e9s de proje\u00e7\u00f5es de t\u00e9cnicas tradicionais de ca\u00e7a, pesca e preserva\u00e7\u00e3o de saberes ancestrais. Ferramentas como zarabatanas, arcos e flechas e arp\u00f5es foram exibidas n\u00e3o apenas como s\u00edmbolos culturais, mas como pilares essenciais da identidade ind\u00edgena e de sua sustentabilidade.<\/p>\n\n\n\n<p>A noite foi marcada por um ritual simb\u00f3lico de acendimento do fogo de maneira tradicional, sem o uso de f\u00f3sforos, sublinhando a import\u00e2ncia vital da sabedoria transmitida de gera\u00e7\u00e3o em gera\u00e7\u00e3o.<\/p>\n\n\n\n<p>A juventude ind\u00edgena desempenhou um papel central na organiza\u00e7\u00e3o do evento, promovendo iniciativas de conscientiza\u00e7\u00e3o contra o alcoolismo e o uso de drogas. Organiza\u00e7\u00f5es como ADACAIBS e as Mulheres da MAPANA foram fundamentais para o sucesso do festival, demonstrando lideran\u00e7a e compromisso com suas comunidades.<\/p>\n\n\n\n<p>A REPAM-Brasil exerce um papel fundamental, liderando a Mobiliza\u00e7\u00e3o dos Povos pela Terra e pelo Clima como parte dos preparativos para a COP30, que ser\u00e1 realizada em Bel\u00e9m-PA. Sua articula\u00e7\u00e3o \u00e9 essencial para unir vozes diversas e engajadas na constru\u00e7\u00e3o de uma transi\u00e7\u00e3o sustent\u00e1vel e na defesa da Amaz\u00f4nia. O festival refor\u00e7a a import\u00e2ncia dessa mobiliza\u00e7\u00e3o, conectando as demandas dos povos ind\u00edgenas ao debate global sobre justi\u00e7a clim\u00e1tica.<\/p>\n\n\n\n<p>A comunidade expressa profunda gratid\u00e3o aos Frades Menores Capuchinhos e \u00e0 Par\u00f3quia S\u00e3o Francisco de Assis, assim como a todas as institui\u00e7\u00f5es parceiras, pelo apoio cont\u00ednuo aos povos ind\u00edgenas. O 11\u00ba FIE reafirmou o compromisso inabal\u00e1vel na luta pela preserva\u00e7\u00e3o ambiental, pelo respeito \u00e0s tradi\u00e7\u00f5es e pela justi\u00e7a para os povos da Terra Ind\u00edgena.<\/p>\n\n\n\n<p>A Mobiliza\u00e7\u00e3o dos Povos pela Terra e pelo Clima reafirmam seu compromisso com os povos da Amaz\u00f4nia e com a defesa do clima, fortalecendo a luta pela justi\u00e7a socioambiental e promovendo um di\u00e1logo global que valorize as vozes das comunidades na constru\u00e7\u00e3o de um futuro sustent\u00e1vel.<\/p>\n\n\n\n<figure class=\"wp-block-gallery has-nested-images columns-default is-cropped wp-block-gallery-1 is-layout-flex wp-block-gallery-is-layout-flex\">\n<figure class=\"wp-block-image size-large\"><img fetchpriority=\"high\" decoding=\"async\" width=\"1024\" height=\"768\" data-id=\"15747\" src=\"https:\/\/repam.org.br\/cop30\/wp-content\/uploads\/2025\/01\/WhatsApp-Image-2025-01-30-at-08.45.18-1024x768.jpeg\" alt=\"\" class=\"wp-image-15747\" srcset=\"https:\/\/repam.org.br\/cop30\/wp-content\/uploads\/2025\/01\/WhatsApp-Image-2025-01-30-at-08.45.18-1024x768.jpeg 1024w, https:\/\/repam.org.br\/cop30\/wp-content\/uploads\/2025\/01\/WhatsApp-Image-2025-01-30-at-08.45.18-300x225.jpeg 300w, https:\/\/repam.org.br\/cop30\/wp-content\/uploads\/2025\/01\/WhatsApp-Image-2025-01-30-at-08.45.18-768x576.jpeg 768w, https:\/\/repam.org.br\/cop30\/wp-content\/uploads\/2025\/01\/WhatsApp-Image-2025-01-30-at-08.45.18-1536x1152.jpeg 1536w, https:\/\/repam.org.br\/cop30\/wp-content\/uploads\/2025\/01\/WhatsApp-Image-2025-01-30-at-08.45.18.jpeg 1600w\" sizes=\"(max-width: 1024px) 100vw, 1024px\" \/><\/figure>\n<\/figure>\n","protected":false},"excerpt":{"rendered":"<p>No dia 29 de janeiro de 2025, o 11\u00ba Festival de Cultura Ind\u00edgena do Eware encerrou suas atividades na aldeia de Bel\u00e9m do Solim\u00f5es, refor\u00e7ando uma import\u00e2ncia crucial da preserva\u00e7\u00e3o ambiental e da valoriza\u00e7\u00e3o das culturas ind\u00edgenas. Sob o tema &#8220;\u00c1gua e Mudan\u00e7as Clim\u00e1ticas&#8221;, o evento n\u00e3o apenas promove reflex\u00f5es profundas sobre os desafios enfrentados pelos povos ind\u00edgenas frente \u00e0 crise clim\u00e1tica e \u00e0 contamina\u00e7\u00e3o dos rios, como tamb\u00e9m ampliou o alcance da mobiliza\u00e7\u00e3o global. Durante o festival, crian\u00e7as, jovens e anci\u00f5es compartilharam suas mensagens urgentes sobre a necessidade premente de proteger as \u00e1guas e os peixes, ressaltando a conex\u00e3o ancestral entre os povos ind\u00edgenas e a natureza. &#8220;As mudan\u00e7as clim\u00e1ticas afetam diretamente nosso modo de vida, enquanto a polui\u00e7\u00e3o dos rios amea\u00e7a nossa subsist\u00eancia. Continuamos a lutar contra as pr\u00e1ticas de garimpo ilegais, ca\u00e7a predat\u00f3ria e pesquisa n\u00e3o autorizada. A Terra Ind\u00edgena clama por justi\u00e7a&#8221;, enfatizou Arlete Gomes, coordenadora de projetos da Mobiliza\u00e7\u00e3o dos Povos pela Terra e pelo Clima da REPAM e articuladora da REPAM-Brasil. Al\u00e9m do debate ambiental, o festival celebrou o protagonismo ind\u00edgena atrav\u00e9s de proje\u00e7\u00f5es de t\u00e9cnicas tradicionais de ca\u00e7a, pesca e preserva\u00e7\u00e3o de saberes ancestrais. Ferramentas como zarabatanas, arcos e flechas e arp\u00f5es foram exibidas n\u00e3o apenas como s\u00edmbolos culturais, mas como pilares essenciais da identidade ind\u00edgena e de sua sustentabilidade. A noite foi marcada por um ritual simb\u00f3lico de acendimento do fogo de maneira tradicional, sem o uso de f\u00f3sforos, sublinhando a import\u00e2ncia vital da sabedoria transmitida de gera\u00e7\u00e3o em gera\u00e7\u00e3o. A juventude ind\u00edgena desempenhou um papel central na organiza\u00e7\u00e3o do evento, promovendo iniciativas de conscientiza\u00e7\u00e3o contra o alcoolismo e o uso de drogas. Organiza\u00e7\u00f5es como ADACAIBS e as Mulheres da MAPANA foram fundamentais para o sucesso do festival, demonstrando lideran\u00e7a e compromisso com suas comunidades. A REPAM-Brasil exerce um papel fundamental, liderando a Mobiliza\u00e7\u00e3o dos Povos pela Terra e pelo Clima como parte dos preparativos para a COP30, que ser\u00e1 realizada em Bel\u00e9m-PA. Sua articula\u00e7\u00e3o \u00e9 essencial para unir vozes diversas e engajadas na constru\u00e7\u00e3o de uma transi\u00e7\u00e3o sustent\u00e1vel e na defesa da Amaz\u00f4nia. O festival refor\u00e7a a import\u00e2ncia dessa mobiliza\u00e7\u00e3o, conectando as demandas dos povos ind\u00edgenas ao debate global sobre justi\u00e7a clim\u00e1tica. A comunidade expressa profunda gratid\u00e3o aos Frades Menores Capuchinhos e \u00e0 Par\u00f3quia S\u00e3o Francisco de Assis, assim como a todas as institui\u00e7\u00f5es parceiras, pelo apoio cont\u00ednuo aos povos ind\u00edgenas. O 11\u00ba FIE reafirmou o compromisso inabal\u00e1vel na luta pela preserva\u00e7\u00e3o ambiental, pelo respeito \u00e0s tradi\u00e7\u00f5es e pela justi\u00e7a para os povos da Terra Ind\u00edgena. A Mobiliza\u00e7\u00e3o dos Povos pela Terra e pelo Clima reafirmam seu compromisso com os povos da Amaz\u00f4nia e com a defesa do clima, fortalecendo a luta pela justi\u00e7a socioambiental e promovendo um di\u00e1logo global que valorize as vozes das comunidades na constru\u00e7\u00e3o de um futuro sustent\u00e1vel.<\/p>\n","protected":false},"author":3,"featured_media":15748,"comment_status":"closed","ping_status":"open","sticky":false,"template":"","format":"standard","meta":{"footnotes":""},"categories":[5],"tags":[],"class_list":["post-15746","post","type-post","status-publish","format-standard","has-post-thumbnail","hentry","category-noticias"],"rttpg_featured_image_url":{"full":["https:\/\/repam.org.br\/cop30\/wp-content\/uploads\/2025\/01\/WhatsApp-Image-2025-01-30-at-08.34.14.jpeg",1600,1204,false],"landscape":["https:\/\/repam.org.br\/cop30\/wp-content\/uploads\/2025\/01\/WhatsApp-Image-2025-01-30-at-08.34.14.jpeg",1600,1204,false],"portraits":["https:\/\/repam.org.br\/cop30\/wp-content\/uploads\/2025\/01\/WhatsApp-Image-2025-01-30-at-08.34.14.jpeg",1600,1204,false],"thumbnail":["https:\/\/repam.org.br\/cop30\/wp-content\/uploads\/2025\/01\/WhatsApp-Image-2025-01-30-at-08.34.14-150x150.jpeg",150,150,true],"medium":["https:\/\/repam.org.br\/cop30\/wp-content\/uploads\/2025\/01\/WhatsApp-Image-2025-01-30-at-08.34.14-300x226.jpeg",300,226,true],"large":["https:\/\/repam.org.br\/cop30\/wp-content\/uploads\/2025\/01\/WhatsApp-Image-2025-01-30-at-08.34.14-1024x771.jpeg",800,602,true],"1536x1536":["https:\/\/repam.org.br\/cop30\/wp-content\/uploads\/2025\/01\/WhatsApp-Image-2025-01-30-at-08.34.14-1536x1156.jpeg",1536,1156,true],"2048x2048":["https:\/\/repam.org.br\/cop30\/wp-content\/uploads\/2025\/01\/WhatsApp-Image-2025-01-30-at-08.34.14.jpeg",1600,1204,false]},"rttpg_author":{"display_name":"Comunica\u00e7\u00e3o Cop30","author_link":"https:\/\/repam.org.br\/cop30\/author\/comunicacaocop30\/"},"rttpg_comment":0,"rttpg_category":"<a href=\"https:\/\/repam.org.br\/cop30\/category\/noticias\/\" rel=\"category tag\">Not\u00edcias<\/a>","rttpg_excerpt":"No dia 29 de janeiro de 2025, o 11\u00ba Festival de Cultura Ind\u00edgena do Eware encerrou suas atividades na aldeia de Bel\u00e9m do Solim\u00f5es, refor\u00e7ando uma import\u00e2ncia crucial da preserva\u00e7\u00e3o ambiental e da valoriza\u00e7\u00e3o das culturas ind\u00edgenas. Sob o tema &#8220;\u00c1gua e Mudan\u00e7as Clim\u00e1ticas&#8221;, o evento n\u00e3o apenas promove reflex\u00f5es profundas sobre os desafios enfrentados&hellip;","_links":{"self":[{"href":"https:\/\/repam.org.br\/cop30\/wp-json\/wp\/v2\/posts\/15746","targetHints":{"allow":["GET"]}}],"collection":[{"href":"https:\/\/repam.org.br\/cop30\/wp-json\/wp\/v2\/posts"}],"about":[{"href":"https:\/\/repam.org.br\/cop30\/wp-json\/wp\/v2\/types\/post"}],"author":[{"embeddable":true,"href":"https:\/\/repam.org.br\/cop30\/wp-json\/wp\/v2\/users\/3"}],"replies":[{"embeddable":true,"href":"https:\/\/repam.org.br\/cop30\/wp-json\/wp\/v2\/comments?post=15746"}],"version-history":[{"count":3,"href":"https:\/\/repam.org.br\/cop30\/wp-json\/wp\/v2\/posts\/15746\/revisions"}],"predecessor-version":[{"id":15751,"href":"https:\/\/repam.org.br\/cop30\/wp-json\/wp\/v2\/posts\/15746\/revisions\/15751"}],"wp:featuredmedia":[{"embeddable":true,"href":"https:\/\/repam.org.br\/cop30\/wp-json\/wp\/v2\/media\/15748"}],"wp:attachment":[{"href":"https:\/\/repam.org.br\/cop30\/wp-json\/wp\/v2\/media?parent=15746"}],"wp:term":[{"taxonomy":"category","embeddable":true,"href":"https:\/\/repam.org.br\/cop30\/wp-json\/wp\/v2\/categories?post=15746"},{"taxonomy":"post_tag","embeddable":true,"href":"https:\/\/repam.org.br\/cop30\/wp-json\/wp\/v2\/tags?post=15746"}],"curies":[{"name":"wp","href":"https:\/\/api.w.org\/{rel}","templated":true}]}}