{"id":15752,"date":"2025-01-30T15:51:38","date_gmt":"2025-01-30T18:51:38","guid":{"rendered":"https:\/\/repam.org.br\/cop30\/?p=15752"},"modified":"2025-01-30T18:10:40","modified_gmt":"2025-01-30T21:10:40","slug":"festival-de-cultura-indigena-mobilizacao-e-resistencia-em-defesa-da-terra-e-do-clima","status":"publish","type":"post","link":"https:\/\/repam.org.br\/cop30\/festival-de-cultura-indigena-mobilizacao-e-resistencia-em-defesa-da-terra-e-do-clima\/","title":{"rendered":"Festival de Cultura Ind\u00edgena: Mobiliza\u00e7\u00e3o e Resist\u00eancia em Defesa da Terra e do Clima"},"content":{"rendered":"\n<p>O 11\u00ba Festival de Cultura Ind\u00edgena foi um momento crucial para a Mobiliza\u00e7\u00e3o dos Povos pela Terra e pelo Clima, refor\u00e7ando a urg\u00eancia das den\u00fancias contra as invas\u00f5es de territ\u00f3rio, a pesca e ca\u00e7a ilegal, al\u00e9m da contamina\u00e7\u00e3o dos rios e igarap\u00e9s. O pr\u00f3prio tema do encontro, &#8220;Vamos Cuidar dos Lagos e Igarap\u00e9s&#8221;, expressa o grito dos povos ind\u00edgenas pela prote\u00e7\u00e3o da Amaz\u00f4nia e de suas \u00e1guas.<\/p>\n\n\n\n<p>Uma das principais demandas levantadas foi o fortalecimento da fiscaliza\u00e7\u00e3o do Ibama e da Funai, para garantir a seguran\u00e7a das comunidades contra invasores, especialmente aqueles vindos da Col\u00f4mbia e do Peru. Durante a Assembleia das Cacicas e dos Caciques , esse clamor foi reafirmado como uma necessidade urgente para proteger o territ\u00f3rio ind\u00edgena Ticuna e Cocama, um dos maiores da regi\u00e3o.<\/p>\n\n\n\n<p>A Mobiliza\u00e7\u00e3o dos Povos pela Terra e pelo Clima teve um papel essencial nesse encontro, contribuindo para a constru\u00e7\u00e3o de um documento oficial que ser\u00e1 incorporado \u00e0 Carta de Demandas do territ\u00f3rio. &#8220;Essa parceria fortalece o compromisso de levar essas vozes para espa\u00e7os de decis\u00e3o, como a COP30 e a C\u00fapula dos Povos, garantindo que as pautas ind\u00edgenas sejam ouvidas e respeitadas&#8221;, destaca Arlete Gomes, coordenadora de projetos da Mobiliza\u00e7\u00e3o dos Povos pela Terra e pelo Clima da REPAM e articuladora da REPAM-Brasil.<\/p>\n\n\n\n<p>Al\u00e9m das den\u00fancias e reivindica\u00e7\u00f5es, o festival tamb\u00e9m foi marcado por uma forte manifesta\u00e7\u00e3o cultural. Dan\u00e7as, cantos e rituais foram a unidade dos povos ind\u00edgenas fronteiri\u00e7os \u2013 Brasil, Col\u00f4mbia e Peru \u2013 em torno da defesa das \u00e1guas e da preserva\u00e7\u00e3o ambiental. Esse esp\u00edrito de comunh\u00e3o e resist\u00eancia reafirma a for\u00e7a coletiva dos povos da Amaz\u00f4nia na luta pela justi\u00e7a socioambiental.<\/p>\n\n\n\n<p>Outro ponto de destaque foi a presen\u00e7a ativa das mulheres ind\u00edgenas, que assumem um protagonismo fundamental. Muitas lideran\u00e7as cacicas e jovens trouxeram suas den\u00fancias com coragem e determina\u00e7\u00e3o, reivindicando prote\u00e7\u00e3o para seus territ\u00f3rios e apoio \u00e0s institui\u00e7\u00f5es presentes. Mulheres com seus filhos no colo, amamentando, discursavam sem medo, demonstrando a for\u00e7a de quem carrega a responsabilidade de preservar suas comunidades e tradi\u00e7\u00f5es.<\/p>\n\n\n\n<p><\/p>\n\n\n\n<figure class=\"wp-block-image size-large\"><img fetchpriority=\"high\" decoding=\"async\" width=\"1024\" height=\"683\" src=\"https:\/\/repam.org.br\/cop30\/wp-content\/uploads\/2025\/01\/WhatsApp-Image-2025-01-30-at-17.49.39-1024x683.jpeg\" alt=\"\" class=\"wp-image-15765\" srcset=\"https:\/\/repam.org.br\/cop30\/wp-content\/uploads\/2025\/01\/WhatsApp-Image-2025-01-30-at-17.49.39-1024x683.jpeg 1024w, https:\/\/repam.org.br\/cop30\/wp-content\/uploads\/2025\/01\/WhatsApp-Image-2025-01-30-at-17.49.39-300x200.jpeg 300w, https:\/\/repam.org.br\/cop30\/wp-content\/uploads\/2025\/01\/WhatsApp-Image-2025-01-30-at-17.49.39-768x512.jpeg 768w, https:\/\/repam.org.br\/cop30\/wp-content\/uploads\/2025\/01\/WhatsApp-Image-2025-01-30-at-17.49.39.jpeg 1280w\" sizes=\"(max-width: 1024px) 100vw, 1024px\" \/><\/figure>\n\n\n\n<p><\/p>\n\n\n\n<p>A REPAM-Brasil, que acompanha esse processo desde 2019, segue comprometida em fortalecer essa luta. Nossa miss\u00e3o \u00e9 amplificar essas vozes, construir solu\u00e7\u00f5es coletivas e garantir que a defesa da terra, das \u00e1guas e dos povos ind\u00edgenas ressoe em todos os espa\u00e7os. Seguimos firmes, porque cada ato de resist\u00eancia \u00e9 tamb\u00e9m um ato de esperan\u00e7a.<\/p>\n\n\n\n<figure class=\"wp-block-gallery has-nested-images columns-default is-cropped wp-block-gallery-1 is-layout-flex wp-block-gallery-is-layout-flex\">\n<figure class=\"wp-block-image size-large\"><img decoding=\"async\" width=\"1024\" height=\"768\" data-id=\"15755\" src=\"https:\/\/repam.org.br\/cop30\/wp-content\/uploads\/2025\/01\/WhatsApp-Image-2025-01-30-at-15.04.37-1-1024x768.jpeg\" alt=\"\" class=\"wp-image-15755\" srcset=\"https:\/\/repam.org.br\/cop30\/wp-content\/uploads\/2025\/01\/WhatsApp-Image-2025-01-30-at-15.04.37-1-1024x768.jpeg 1024w, https:\/\/repam.org.br\/cop30\/wp-content\/uploads\/2025\/01\/WhatsApp-Image-2025-01-30-at-15.04.37-1-300x225.jpeg 300w, https:\/\/repam.org.br\/cop30\/wp-content\/uploads\/2025\/01\/WhatsApp-Image-2025-01-30-at-15.04.37-1-768x576.jpeg 768w, https:\/\/repam.org.br\/cop30\/wp-content\/uploads\/2025\/01\/WhatsApp-Image-2025-01-30-at-15.04.37-1.jpeg 1280w\" sizes=\"(max-width: 1024px) 100vw, 1024px\" \/><\/figure>\n\n\n\n<figure class=\"wp-block-image size-large\"><img decoding=\"async\" width=\"1024\" height=\"768\" data-id=\"15754\" src=\"https:\/\/repam.org.br\/cop30\/wp-content\/uploads\/2025\/01\/WhatsApp-Image-2025-01-30-at-08.45.18-1-1024x768.jpeg\" alt=\"\" class=\"wp-image-15754\" srcset=\"https:\/\/repam.org.br\/cop30\/wp-content\/uploads\/2025\/01\/WhatsApp-Image-2025-01-30-at-08.45.18-1-1024x768.jpeg 1024w, https:\/\/repam.org.br\/cop30\/wp-content\/uploads\/2025\/01\/WhatsApp-Image-2025-01-30-at-08.45.18-1-300x225.jpeg 300w, https:\/\/repam.org.br\/cop30\/wp-content\/uploads\/2025\/01\/WhatsApp-Image-2025-01-30-at-08.45.18-1-768x576.jpeg 768w, https:\/\/repam.org.br\/cop30\/wp-content\/uploads\/2025\/01\/WhatsApp-Image-2025-01-30-at-08.45.18-1-1536x1152.jpeg 1536w, https:\/\/repam.org.br\/cop30\/wp-content\/uploads\/2025\/01\/WhatsApp-Image-2025-01-30-at-08.45.18-1.jpeg 1600w\" sizes=\"(max-width: 1024px) 100vw, 1024px\" \/><\/figure>\n\n\n\n<figure class=\"wp-block-image size-large\"><img loading=\"lazy\" decoding=\"async\" width=\"418\" height=\"701\" data-id=\"15732\" src=\"https:\/\/repam.org.br\/cop30\/wp-content\/uploads\/2025\/01\/WhatsApp-Image-2025-01-29-at-10.22.36-1.jpeg\" alt=\"\" class=\"wp-image-15732\" srcset=\"https:\/\/repam.org.br\/cop30\/wp-content\/uploads\/2025\/01\/WhatsApp-Image-2025-01-29-at-10.22.36-1.jpeg 418w, https:\/\/repam.org.br\/cop30\/wp-content\/uploads\/2025\/01\/WhatsApp-Image-2025-01-29-at-10.22.36-1-179x300.jpeg 179w\" sizes=\"(max-width: 418px) 100vw, 418px\" \/><\/figure>\n\n\n\n<figure class=\"wp-block-image size-large\"><img loading=\"lazy\" decoding=\"async\" width=\"1024\" height=\"630\" data-id=\"15725\" src=\"https:\/\/repam.org.br\/cop30\/wp-content\/uploads\/2025\/01\/WhatsApp-Image-2025-01-29-at-09.37.04-1024x630.jpeg\" alt=\"\" class=\"wp-image-15725\" srcset=\"https:\/\/repam.org.br\/cop30\/wp-content\/uploads\/2025\/01\/WhatsApp-Image-2025-01-29-at-09.37.04-1024x630.jpeg 1024w, https:\/\/repam.org.br\/cop30\/wp-content\/uploads\/2025\/01\/WhatsApp-Image-2025-01-29-at-09.37.04-300x185.jpeg 300w, https:\/\/repam.org.br\/cop30\/wp-content\/uploads\/2025\/01\/WhatsApp-Image-2025-01-29-at-09.37.04-768x472.jpeg 768w, https:\/\/repam.org.br\/cop30\/wp-content\/uploads\/2025\/01\/WhatsApp-Image-2025-01-29-at-09.37.04.jpeg 1200w\" sizes=\"(max-width: 1024px) 100vw, 1024px\" \/><\/figure>\n<\/figure>\n","protected":false},"excerpt":{"rendered":"<p>O 11\u00ba Festival de Cultura Ind\u00edgena foi um momento crucial para a Mobiliza\u00e7\u00e3o dos Povos pela Terra e pelo Clima, refor\u00e7ando a urg\u00eancia das den\u00fancias contra as invas\u00f5es de territ\u00f3rio, a pesca e ca\u00e7a ilegal, al\u00e9m da contamina\u00e7\u00e3o dos rios e igarap\u00e9s. O pr\u00f3prio tema do encontro, &#8220;Vamos Cuidar dos Lagos e Igarap\u00e9s&#8221;, expressa o grito dos povos ind\u00edgenas pela prote\u00e7\u00e3o da Amaz\u00f4nia e de suas \u00e1guas. Uma das principais demandas levantadas foi o fortalecimento da fiscaliza\u00e7\u00e3o do Ibama e da Funai, para garantir a seguran\u00e7a das comunidades contra invasores, especialmente aqueles vindos da Col\u00f4mbia e do Peru. Durante a Assembleia das Cacicas e dos Caciques , esse clamor foi reafirmado como uma necessidade urgente para proteger o territ\u00f3rio ind\u00edgena Ticuna e Cocama, um dos maiores da regi\u00e3o. A Mobiliza\u00e7\u00e3o dos Povos pela Terra e pelo Clima teve um papel essencial nesse encontro, contribuindo para a constru\u00e7\u00e3o de um documento oficial que ser\u00e1 incorporado \u00e0 Carta de Demandas do territ\u00f3rio. &#8220;Essa parceria fortalece o compromisso de levar essas vozes para espa\u00e7os de decis\u00e3o, como a COP30 e a C\u00fapula dos Povos, garantindo que as pautas ind\u00edgenas sejam ouvidas e respeitadas&#8221;, destaca Arlete Gomes, coordenadora de projetos da Mobiliza\u00e7\u00e3o dos Povos pela Terra e pelo Clima da REPAM e articuladora da REPAM-Brasil. Al\u00e9m das den\u00fancias e reivindica\u00e7\u00f5es, o festival tamb\u00e9m foi marcado por uma forte manifesta\u00e7\u00e3o cultural. Dan\u00e7as, cantos e rituais foram a unidade dos povos ind\u00edgenas fronteiri\u00e7os \u2013 Brasil, Col\u00f4mbia e Peru \u2013 em torno da defesa das \u00e1guas e da preserva\u00e7\u00e3o ambiental. Esse esp\u00edrito de comunh\u00e3o e resist\u00eancia reafirma a for\u00e7a coletiva dos povos da Amaz\u00f4nia na luta pela justi\u00e7a socioambiental. Outro ponto de destaque foi a presen\u00e7a ativa das mulheres ind\u00edgenas, que assumem um protagonismo fundamental. Muitas lideran\u00e7as cacicas e jovens trouxeram suas den\u00fancias com coragem e determina\u00e7\u00e3o, reivindicando prote\u00e7\u00e3o para seus territ\u00f3rios e apoio \u00e0s institui\u00e7\u00f5es presentes. Mulheres com seus filhos no colo, amamentando, discursavam sem medo, demonstrando a for\u00e7a de quem carrega a responsabilidade de preservar suas comunidades e tradi\u00e7\u00f5es. A REPAM-Brasil, que acompanha esse processo desde 2019, segue comprometida em fortalecer essa luta. Nossa miss\u00e3o \u00e9 amplificar essas vozes, construir solu\u00e7\u00f5es coletivas e garantir que a defesa da terra, das \u00e1guas e dos povos ind\u00edgenas ressoe em todos os espa\u00e7os. Seguimos firmes, porque cada ato de resist\u00eancia \u00e9 tamb\u00e9m um ato de esperan\u00e7a.<\/p>\n","protected":false},"author":3,"featured_media":15764,"comment_status":"open","ping_status":"open","sticky":false,"template":"","format":"standard","meta":{"footnotes":""},"categories":[5],"tags":[13,15,17,18,7,8],"class_list":["post-15752","post","type-post","status-publish","format-standard","has-post-thumbnail","hentry","category-noticias","tag-amazonia","tag-cop-30","tag-mudanca-climatica","tag-populacoes-tradionais","tag-repam","tag-repam-brasil"],"rttpg_featured_image_url":{"full":["https:\/\/repam.org.br\/cop30\/wp-content\/uploads\/2025\/01\/WhatsApp-Image-2025-01-30-at-17.39.48.jpeg",1600,1200,false],"landscape":["https:\/\/repam.org.br\/cop30\/wp-content\/uploads\/2025\/01\/WhatsApp-Image-2025-01-30-at-17.39.48.jpeg",1600,1200,false],"portraits":["https:\/\/repam.org.br\/cop30\/wp-content\/uploads\/2025\/01\/WhatsApp-Image-2025-01-30-at-17.39.48.jpeg",1600,1200,false],"thumbnail":["https:\/\/repam.org.br\/cop30\/wp-content\/uploads\/2025\/01\/WhatsApp-Image-2025-01-30-at-17.39.48-150x150.jpeg",150,150,true],"medium":["https:\/\/repam.org.br\/cop30\/wp-content\/uploads\/2025\/01\/WhatsApp-Image-2025-01-30-at-17.39.48-300x225.jpeg",300,225,true],"large":["https:\/\/repam.org.br\/cop30\/wp-content\/uploads\/2025\/01\/WhatsApp-Image-2025-01-30-at-17.39.48-1024x768.jpeg",800,600,true],"1536x1536":["https:\/\/repam.org.br\/cop30\/wp-content\/uploads\/2025\/01\/WhatsApp-Image-2025-01-30-at-17.39.48-1536x1152.jpeg",1536,1152,true],"2048x2048":["https:\/\/repam.org.br\/cop30\/wp-content\/uploads\/2025\/01\/WhatsApp-Image-2025-01-30-at-17.39.48.jpeg",1600,1200,false]},"rttpg_author":{"display_name":"Comunica\u00e7\u00e3o Cop30","author_link":"https:\/\/repam.org.br\/cop30\/author\/comunicacaocop30\/"},"rttpg_comment":0,"rttpg_category":"<a href=\"https:\/\/repam.org.br\/cop30\/category\/noticias\/\" rel=\"category tag\">Not\u00edcias<\/a>","rttpg_excerpt":"O 11\u00ba Festival de Cultura Ind\u00edgena foi um momento crucial para a Mobiliza\u00e7\u00e3o dos Povos pela Terra e pelo Clima, refor\u00e7ando a urg\u00eancia das den\u00fancias contra as invas\u00f5es de territ\u00f3rio, a pesca e ca\u00e7a ilegal, al\u00e9m da contamina\u00e7\u00e3o dos rios e igarap\u00e9s. O pr\u00f3prio tema do encontro, &#8220;Vamos Cuidar dos Lagos e Igarap\u00e9s&#8221;, expressa o&hellip;","_links":{"self":[{"href":"https:\/\/repam.org.br\/cop30\/wp-json\/wp\/v2\/posts\/15752","targetHints":{"allow":["GET"]}}],"collection":[{"href":"https:\/\/repam.org.br\/cop30\/wp-json\/wp\/v2\/posts"}],"about":[{"href":"https:\/\/repam.org.br\/cop30\/wp-json\/wp\/v2\/types\/post"}],"author":[{"embeddable":true,"href":"https:\/\/repam.org.br\/cop30\/wp-json\/wp\/v2\/users\/3"}],"replies":[{"embeddable":true,"href":"https:\/\/repam.org.br\/cop30\/wp-json\/wp\/v2\/comments?post=15752"}],"version-history":[{"count":4,"href":"https:\/\/repam.org.br\/cop30\/wp-json\/wp\/v2\/posts\/15752\/revisions"}],"predecessor-version":[{"id":15768,"href":"https:\/\/repam.org.br\/cop30\/wp-json\/wp\/v2\/posts\/15752\/revisions\/15768"}],"wp:featuredmedia":[{"embeddable":true,"href":"https:\/\/repam.org.br\/cop30\/wp-json\/wp\/v2\/media\/15764"}],"wp:attachment":[{"href":"https:\/\/repam.org.br\/cop30\/wp-json\/wp\/v2\/media?parent=15752"}],"wp:term":[{"taxonomy":"category","embeddable":true,"href":"https:\/\/repam.org.br\/cop30\/wp-json\/wp\/v2\/categories?post=15752"},{"taxonomy":"post_tag","embeddable":true,"href":"https:\/\/repam.org.br\/cop30\/wp-json\/wp\/v2\/tags?post=15752"}],"curies":[{"name":"wp","href":"https:\/\/api.w.org\/{rel}","templated":true}]}}