{"id":15757,"date":"2025-01-30T17:17:27","date_gmt":"2025-01-30T20:17:27","guid":{"rendered":"https:\/\/repam.org.br\/cop30\/?p=15757"},"modified":"2025-01-30T20:53:06","modified_gmt":"2025-01-30T23:53:06","slug":"mobilizacao-dos-povos-pela-terra-e-pelo-clima-resistencia-contra-a-lei-10-820-2024-e-incidencia-rumo-a-cop30","status":"publish","type":"post","link":"https:\/\/repam.org.br\/cop30\/mobilizacao-dos-povos-pela-terra-e-pelo-clima-resistencia-contra-a-lei-10-820-2024-e-incidencia-rumo-a-cop30\/","title":{"rendered":"Mobiliza\u00e7\u00e3o dos Povos pela Terra e pelo Clima: Resist\u00eancia Contra a Lei 10.820\/2024\u00a0e Incid\u00eancia Rumo \u00e0 COP30"},"content":{"rendered":"\n<p>A Mobiliza\u00e7\u00e3o dos Povos pela Terra e pelo Clima segue fortalecendo a luta pelos direitos dos povos da Amaz\u00f4nia, entendendo que n\u00e3o h\u00e1 justi\u00e7a clim\u00e1tica sem justi\u00e7a social. Em Bel\u00e9m, cidade que sediar\u00e1 a COP30, a mobiliza\u00e7\u00e3o se soma \u00e0 resist\u00eancia ind\u00edgena contra a Lei 10.820\/2024, que precariza a educa\u00e7\u00e3o escolar ind\u00edgena no Par\u00e1.<\/p>\n\n\n\n<p>Eduardo Soares, secret\u00e1rio da Mobiliza\u00e7\u00e3o dos Povos pela Terra e pelo Clima, Joana Menezes, articuladora do movimento, e Dom Jos\u00e9 Ionilton Oliveira , bispo da Prelazia do Maraj\u00f3 e secret\u00e1rio da Rede Eclesial Pan-Amaz\u00f4nica, estiveram presentes na ocupa\u00e7\u00e3o da <strong>Secretaria Estadual de Educa\u00e7\u00e3o (SEDUC)<\/strong>. No local, mais de<br><strong>300 ind\u00edgenas de 20 povos<\/strong>, junto aos educadores em greve, lutam pela <strong>revoga\u00e7\u00e3o da Lei 10.820\/2024<\/strong><\/p>\n\n\n\n<p>Dom Ionilton foi convocado como Pastorais Sociais e organiza\u00e7\u00f5es da CNBB Norte 2 para um momento de escuta dos povos ind\u00edgenas, quilombolas e educadores mobilizados contra a nova legisla\u00e7\u00e3o, que amea\u00e7a desmontar o SOMEI e o SOME ao importar um modelo de ensino baseado no uso de ferramentas tecnol\u00f3gicas, sem considerar as realidades dos territ\u00f3rios.<\/p>\n\n\n\n<p>A Articula\u00e7\u00e3o REPAM esteve presente ao lado da CNBB Norte 2, do Centro Alternativo de Cultura (CAC), da C\u00e1ritas Regional Norte II, da Comiss\u00e3o Pastoral da Terra (CPT), da Comiss\u00e3o Pastoral dos Pescadores e Pescadoras(CPP), da Confer\u00eancia da Fam\u00edlia Franciscana do Brasil (CFFB) e  da Confer\u00eancia dos Religiosos do Brasil (CRB). Essas organiza\u00e7\u00f5es refor\u00e7aram seu compromisso com a luta dos povos origin\u00e1rios e denunciaram os retrocessos que amea\u00e7avam a autonomia dos territ\u00f3rios e o direito \u00e0 educa\u00e7\u00e3o diferenciada, fundamental para a preserva\u00e7\u00e3o cultural e ambiental da Amaz\u00f4nia.<\/p>\n\n\n\n<figure class=\"wp-block-gallery has-nested-images columns-default is-cropped wp-block-gallery-1 is-layout-flex wp-block-gallery-is-layout-flex\">\n<figure class=\"wp-block-image size-large\"><img fetchpriority=\"high\" decoding=\"async\" width=\"1024\" height=\"770\" data-id=\"15758\" src=\"https:\/\/repam.org.br\/cop30\/wp-content\/uploads\/2025\/01\/WhatsApp-Image-2025-01-30-at-15.06.16-1024x770.jpeg\" alt=\"\" class=\"wp-image-15758\" srcset=\"https:\/\/repam.org.br\/cop30\/wp-content\/uploads\/2025\/01\/WhatsApp-Image-2025-01-30-at-15.06.16-1024x770.jpeg 1024w, https:\/\/repam.org.br\/cop30\/wp-content\/uploads\/2025\/01\/WhatsApp-Image-2025-01-30-at-15.06.16-300x226.jpeg 300w, https:\/\/repam.org.br\/cop30\/wp-content\/uploads\/2025\/01\/WhatsApp-Image-2025-01-30-at-15.06.16-768x578.jpeg 768w, https:\/\/repam.org.br\/cop30\/wp-content\/uploads\/2025\/01\/WhatsApp-Image-2025-01-30-at-15.06.16.jpeg 1280w\" sizes=\"(max-width: 1024px) 100vw, 1024px\" \/><\/figure>\n\n\n\n<figure class=\"wp-block-image size-large\"><img decoding=\"async\" width=\"1024\" height=\"768\" data-id=\"15759\" src=\"https:\/\/repam.org.br\/cop30\/wp-content\/uploads\/2025\/01\/WhatsApp-Image-2025-01-30-at-15.06.14-1024x768.jpeg\" alt=\"\" class=\"wp-image-15759\" srcset=\"https:\/\/repam.org.br\/cop30\/wp-content\/uploads\/2025\/01\/WhatsApp-Image-2025-01-30-at-15.06.14-1024x768.jpeg 1024w, https:\/\/repam.org.br\/cop30\/wp-content\/uploads\/2025\/01\/WhatsApp-Image-2025-01-30-at-15.06.14-300x225.jpeg 300w, https:\/\/repam.org.br\/cop30\/wp-content\/uploads\/2025\/01\/WhatsApp-Image-2025-01-30-at-15.06.14-768x576.jpeg 768w, https:\/\/repam.org.br\/cop30\/wp-content\/uploads\/2025\/01\/WhatsApp-Image-2025-01-30-at-15.06.14-1536x1152.jpeg 1536w, https:\/\/repam.org.br\/cop30\/wp-content\/uploads\/2025\/01\/WhatsApp-Image-2025-01-30-at-15.06.14.jpeg 1600w\" sizes=\"(max-width: 1024px) 100vw, 1024px\" \/><\/figure>\n<\/figure>\n\n\n\n<blockquote class=\"wp-block-quote is-layout-flow wp-block-quote-is-layout-flow\">\n<p>Foto: Jusc\u00e9lio<\/p>\n<\/blockquote>\n\n\n\n<p>A COP30, que acontece em Bel\u00e9m, precisa ir al\u00e9m das discuss\u00f5es sobre financiamento clim\u00e1tico e desastres ambientais. Uma verdadeira transi\u00e7\u00e3o ecol\u00f3gica exige o reconhecimento dos povos ind\u00edgenas como guardi\u00f5es da floresta, garantindo seus direitos, sua perman\u00eancia nos territ\u00f3rios e acesso \u00e0 educa\u00e7\u00e3o e dignidade. Falar da Amaz\u00f4nia sem incluir as amaz\u00f4nidas \u00e9 esvaziar o debate.<\/p>\n\n\n\n<p>A Mobiliza\u00e7\u00e3o dos Povos pela Terra e pelo Clima est\u00e1 presente antes, durante e depois da COP, garantindo que essa luta n\u00e3o seja invisibilizada. Ao lado das lideran\u00e7as ind\u00edgenas, seguimos denunciando retrocessos e construindo uma agenda de incid\u00eancia que coloca os direitos dos povos da floresta no centro das decis\u00f5es globais sobre o clima.<\/p>\n\n\n\n<p>A resist\u00eancia continua. A Amaz\u00f4nia resiste.<\/p>\n","protected":false},"excerpt":{"rendered":"<p>A Mobiliza\u00e7\u00e3o dos Povos pela Terra e pelo Clima segue fortalecendo a luta pelos direitos dos povos da Amaz\u00f4nia, entendendo que n\u00e3o h\u00e1 justi\u00e7a clim\u00e1tica sem justi\u00e7a social. Em Bel\u00e9m, cidade que sediar\u00e1 a COP30, a mobiliza\u00e7\u00e3o se soma \u00e0 resist\u00eancia ind\u00edgena contra a Lei 10.820\/2024, que precariza a educa\u00e7\u00e3o escolar ind\u00edgena no Par\u00e1. Eduardo Soares, secret\u00e1rio da Mobiliza\u00e7\u00e3o dos Povos pela Terra e pelo Clima, Joana Menezes, articuladora do movimento, e Dom Jos\u00e9 Ionilton Oliveira , bispo da Prelazia do Maraj\u00f3 e secret\u00e1rio da Rede Eclesial Pan-Amaz\u00f4nica, estiveram presentes na ocupa\u00e7\u00e3o da Secretaria Estadual de Educa\u00e7\u00e3o (SEDUC). No local, mais de300 ind\u00edgenas de 20 povos, junto aos educadores em greve, lutam pela revoga\u00e7\u00e3o da Lei 10.820\/2024 Dom Ionilton foi convocado como Pastorais Sociais e organiza\u00e7\u00f5es da CNBB Norte 2 para um momento de escuta dos povos ind\u00edgenas, quilombolas e educadores mobilizados contra a nova legisla\u00e7\u00e3o, que amea\u00e7a desmontar o SOMEI e o SOME ao importar um modelo de ensino baseado no uso de ferramentas tecnol\u00f3gicas, sem considerar as realidades dos territ\u00f3rios. A Articula\u00e7\u00e3o REPAM esteve presente ao lado da CNBB Norte 2, do Centro Alternativo de Cultura (CAC), da C\u00e1ritas Regional Norte II, da Comiss\u00e3o Pastoral da Terra (CPT), da Comiss\u00e3o Pastoral dos Pescadores e Pescadoras(CPP), da Confer\u00eancia da Fam\u00edlia Franciscana do Brasil (CFFB) e da Confer\u00eancia dos Religiosos do Brasil (CRB). Essas organiza\u00e7\u00f5es refor\u00e7aram seu compromisso com a luta dos povos origin\u00e1rios e denunciaram os retrocessos que amea\u00e7avam a autonomia dos territ\u00f3rios e o direito \u00e0 educa\u00e7\u00e3o diferenciada, fundamental para a preserva\u00e7\u00e3o cultural e ambiental da Amaz\u00f4nia. Foto: Jusc\u00e9lio A COP30, que acontece em Bel\u00e9m, precisa ir al\u00e9m das discuss\u00f5es sobre financiamento clim\u00e1tico e desastres ambientais. Uma verdadeira transi\u00e7\u00e3o ecol\u00f3gica exige o reconhecimento dos povos ind\u00edgenas como guardi\u00f5es da floresta, garantindo seus direitos, sua perman\u00eancia nos territ\u00f3rios e acesso \u00e0 educa\u00e7\u00e3o e dignidade. Falar da Amaz\u00f4nia sem incluir as amaz\u00f4nidas \u00e9 esvaziar o debate. A Mobiliza\u00e7\u00e3o dos Povos pela Terra e pelo Clima est\u00e1 presente antes, durante e depois da COP, garantindo que essa luta n\u00e3o seja invisibilizada. Ao lado das lideran\u00e7as ind\u00edgenas, seguimos denunciando retrocessos e construindo uma agenda de incid\u00eancia que coloca os direitos dos povos da floresta no centro das decis\u00f5es globais sobre o clima. A resist\u00eancia continua. A Amaz\u00f4nia resiste.<\/p>\n","protected":false},"author":3,"featured_media":15760,"comment_status":"closed","ping_status":"open","sticky":false,"template":"","format":"standard","meta":{"footnotes":""},"categories":[5],"tags":[],"class_list":["post-15757","post","type-post","status-publish","format-standard","has-post-thumbnail","hentry","category-noticias"],"rttpg_featured_image_url":{"full":["https:\/\/repam.org.br\/cop30\/wp-content\/uploads\/2025\/01\/WhatsApp-Image-2025-01-30-at-15.06.15.jpeg",1600,1200,false],"landscape":["https:\/\/repam.org.br\/cop30\/wp-content\/uploads\/2025\/01\/WhatsApp-Image-2025-01-30-at-15.06.15.jpeg",1600,1200,false],"portraits":["https:\/\/repam.org.br\/cop30\/wp-content\/uploads\/2025\/01\/WhatsApp-Image-2025-01-30-at-15.06.15.jpeg",1600,1200,false],"thumbnail":["https:\/\/repam.org.br\/cop30\/wp-content\/uploads\/2025\/01\/WhatsApp-Image-2025-01-30-at-15.06.15-150x150.jpeg",150,150,true],"medium":["https:\/\/repam.org.br\/cop30\/wp-content\/uploads\/2025\/01\/WhatsApp-Image-2025-01-30-at-15.06.15-300x225.jpeg",300,225,true],"large":["https:\/\/repam.org.br\/cop30\/wp-content\/uploads\/2025\/01\/WhatsApp-Image-2025-01-30-at-15.06.15-1024x768.jpeg",800,600,true],"1536x1536":["https:\/\/repam.org.br\/cop30\/wp-content\/uploads\/2025\/01\/WhatsApp-Image-2025-01-30-at-15.06.15-1536x1152.jpeg",1536,1152,true],"2048x2048":["https:\/\/repam.org.br\/cop30\/wp-content\/uploads\/2025\/01\/WhatsApp-Image-2025-01-30-at-15.06.15.jpeg",1600,1200,false]},"rttpg_author":{"display_name":"Comunica\u00e7\u00e3o Cop30","author_link":"https:\/\/repam.org.br\/cop30\/author\/comunicacaocop30\/"},"rttpg_comment":0,"rttpg_category":"<a href=\"https:\/\/repam.org.br\/cop30\/category\/noticias\/\" rel=\"category tag\">Not\u00edcias<\/a>","rttpg_excerpt":"A Mobiliza\u00e7\u00e3o dos Povos pela Terra e pelo Clima segue fortalecendo a luta pelos direitos dos povos da Amaz\u00f4nia, entendendo que n\u00e3o h\u00e1 justi\u00e7a clim\u00e1tica sem justi\u00e7a social. Em Bel\u00e9m, cidade que sediar\u00e1 a COP30, a mobiliza\u00e7\u00e3o se soma \u00e0 resist\u00eancia ind\u00edgena contra a Lei 10.820\/2024, que precariza a educa\u00e7\u00e3o escolar ind\u00edgena no Par\u00e1. Eduardo&hellip;","_links":{"self":[{"href":"https:\/\/repam.org.br\/cop30\/wp-json\/wp\/v2\/posts\/15757","targetHints":{"allow":["GET"]}}],"collection":[{"href":"https:\/\/repam.org.br\/cop30\/wp-json\/wp\/v2\/posts"}],"about":[{"href":"https:\/\/repam.org.br\/cop30\/wp-json\/wp\/v2\/types\/post"}],"author":[{"embeddable":true,"href":"https:\/\/repam.org.br\/cop30\/wp-json\/wp\/v2\/users\/3"}],"replies":[{"embeddable":true,"href":"https:\/\/repam.org.br\/cop30\/wp-json\/wp\/v2\/comments?post=15757"}],"version-history":[{"count":3,"href":"https:\/\/repam.org.br\/cop30\/wp-json\/wp\/v2\/posts\/15757\/revisions"}],"predecessor-version":[{"id":15773,"href":"https:\/\/repam.org.br\/cop30\/wp-json\/wp\/v2\/posts\/15757\/revisions\/15773"}],"wp:featuredmedia":[{"embeddable":true,"href":"https:\/\/repam.org.br\/cop30\/wp-json\/wp\/v2\/media\/15760"}],"wp:attachment":[{"href":"https:\/\/repam.org.br\/cop30\/wp-json\/wp\/v2\/media?parent=15757"}],"wp:term":[{"taxonomy":"category","embeddable":true,"href":"https:\/\/repam.org.br\/cop30\/wp-json\/wp\/v2\/categories?post=15757"},{"taxonomy":"post_tag","embeddable":true,"href":"https:\/\/repam.org.br\/cop30\/wp-json\/wp\/v2\/tags?post=15757"}],"curies":[{"name":"wp","href":"https:\/\/api.w.org\/{rel}","templated":true}]}}