{"id":15774,"date":"2025-01-31T20:39:27","date_gmt":"2025-01-31T23:39:27","guid":{"rendered":"https:\/\/repam.org.br\/cop30\/?p=15774"},"modified":"2025-01-31T20:56:56","modified_gmt":"2025-01-31T23:56:56","slug":"juntos-pela-justica-climatica-ato-pela-justica-climatica","status":"publish","type":"post","link":"https:\/\/repam.org.br\/cop30\/juntos-pela-justica-climatica-ato-pela-justica-climatica\/","title":{"rendered":"ATO PELA JUSTI\u00c7A CLIM\u00c1TICA: Nossa Luta N\u00e3o Pode Esperar"},"content":{"rendered":"\n<p>A Mobiliza\u00e7\u00e3o dos Povos pela Terra e pelo Clima segue presente antes, durante e depois da COP, garantindo que a voz dos povos n\u00e3o seja silenciada e que a luta por justi\u00e7a clim\u00e1tica continue ganhando for\u00e7a.<\/p>\n\n\n\n<p>No dia 4 de fevereiro, estaremos juntos na Cinel\u00e2ndia, no Rio de Janeiro, a partir das 18h, no ATO PELA JUSTI\u00c7A CLIM\u00c1TICA: <strong>&#8220;Nossa COP \u00e9 agora! Pela Terra, contra as guerras: rumo \u00e0 C\u00fapula dos Povos na Amaz\u00f4nia&#8221;<\/strong>. Esse encontro \u00e9 mais do que uma manifesta\u00e7\u00e3o, \u00e9 um chamado \u00e0 a\u00e7\u00e3o! <\/p>\n\n\n\n<p>As enchentes que destroem comunidades, as secas que amea\u00e7am os rios e florestas, e as queimadas que tornam o ar irrespir\u00e1vel s\u00e3o resultado de escolhas pol\u00edticas que privilegiam interesses econ\u00f4micos predat\u00f3rios em detrimento da vida.<\/p>\n\n\n\n<p>Nesta semana, lideran\u00e7as e organiza\u00e7\u00f5es internacionais que integram a <strong>C\u00fapula dos Povos Rumo \u00e0 COP 30<\/strong> estar\u00e3o no Rio de Janeiro para tra\u00e7ar um cronograma de lutas e consolidar um caminho de converg\u00eancia em defesa do meio ambiente e dos territ\u00f3rios amea\u00e7ados. A COP 30 acontecer\u00e1 em Bel\u00e9m, e a mobiliza\u00e7\u00e3o popular \u00e9 essencial para garantir que a voz dos povos seja ouvida e respeitada.<\/p>\n\n\n\n<p>Nosso ato pol\u00edtico-cultural marca o in\u00edcio dessa caminhada coletiva. Junte-se a n\u00f3s, convide amigos e fortale\u00e7a essa luta fundamental pelo clima, pela terra e pela vida!<\/p>\n\n\n\n<p>\ud83d\udccd Cinel\u00e2ndia<br>\ud83d\uddd3\ufe0f Ter\u00e7a, 04\/02<br>\ud83d\udd55 A partir das 18h<\/p>\n","protected":false},"excerpt":{"rendered":"<p>A Mobiliza\u00e7\u00e3o dos Povos pela Terra e pelo Clima segue presente antes, durante e depois da COP, garantindo que a voz dos povos n\u00e3o seja silenciada e que a luta por justi\u00e7a clim\u00e1tica continue ganhando for\u00e7a. No dia 4 de fevereiro, estaremos juntos na Cinel\u00e2ndia, no Rio de Janeiro, a partir das 18h, no ATO PELA JUSTI\u00c7A CLIM\u00c1TICA: &#8220;Nossa COP \u00e9 agora! Pela Terra, contra as guerras: rumo \u00e0 C\u00fapula dos Povos na Amaz\u00f4nia&#8221;. Esse encontro \u00e9 mais do que uma manifesta\u00e7\u00e3o, \u00e9 um chamado \u00e0 a\u00e7\u00e3o! As enchentes que destroem comunidades, as secas que amea\u00e7am os rios e florestas, e as queimadas que tornam o ar irrespir\u00e1vel s\u00e3o resultado de escolhas pol\u00edticas que privilegiam interesses econ\u00f4micos predat\u00f3rios em detrimento da vida. Nesta semana, lideran\u00e7as e organiza\u00e7\u00f5es internacionais que integram a C\u00fapula dos Povos Rumo \u00e0 COP 30 estar\u00e3o no Rio de Janeiro para tra\u00e7ar um cronograma de lutas e consolidar um caminho de converg\u00eancia em defesa do meio ambiente e dos territ\u00f3rios amea\u00e7ados. A COP 30 acontecer\u00e1 em Bel\u00e9m, e a mobiliza\u00e7\u00e3o popular \u00e9 essencial para garantir que a voz dos povos seja ouvida e respeitada. Nosso ato pol\u00edtico-cultural marca o in\u00edcio dessa caminhada coletiva. Junte-se a n\u00f3s, convide amigos e fortale\u00e7a essa luta fundamental pelo clima, pela terra e pela vida! \ud83d\udccd Cinel\u00e2ndia\ud83d\uddd3\ufe0f Ter\u00e7a, 04\/02\ud83d\udd55 A partir das 18h<\/p>\n","protected":false},"author":3,"featured_media":15775,"comment_status":"closed","ping_status":"open","sticky":false,"template":"","format":"standard","meta":{"footnotes":""},"categories":[5],"tags":[],"class_list":["post-15774","post","type-post","status-publish","format-standard","has-post-thumbnail","hentry","category-noticias"],"rttpg_featured_image_url":{"full":["https:\/\/repam.org.br\/cop30\/wp-content\/uploads\/2025\/01\/WhatsApp-Image-2025-01-31-at-16.45.56.jpeg",1080,1080,false],"landscape":["https:\/\/repam.org.br\/cop30\/wp-content\/uploads\/2025\/01\/WhatsApp-Image-2025-01-31-at-16.45.56.jpeg",1080,1080,false],"portraits":["https:\/\/repam.org.br\/cop30\/wp-content\/uploads\/2025\/01\/WhatsApp-Image-2025-01-31-at-16.45.56.jpeg",1080,1080,false],"thumbnail":["https:\/\/repam.org.br\/cop30\/wp-content\/uploads\/2025\/01\/WhatsApp-Image-2025-01-31-at-16.45.56-150x150.jpeg",150,150,true],"medium":["https:\/\/repam.org.br\/cop30\/wp-content\/uploads\/2025\/01\/WhatsApp-Image-2025-01-31-at-16.45.56-300x300.jpeg",300,300,true],"large":["https:\/\/repam.org.br\/cop30\/wp-content\/uploads\/2025\/01\/WhatsApp-Image-2025-01-31-at-16.45.56-1024x1024.jpeg",800,800,true],"1536x1536":["https:\/\/repam.org.br\/cop30\/wp-content\/uploads\/2025\/01\/WhatsApp-Image-2025-01-31-at-16.45.56.jpeg",1080,1080,false],"2048x2048":["https:\/\/repam.org.br\/cop30\/wp-content\/uploads\/2025\/01\/WhatsApp-Image-2025-01-31-at-16.45.56.jpeg",1080,1080,false]},"rttpg_author":{"display_name":"Comunica\u00e7\u00e3o Cop30","author_link":"https:\/\/repam.org.br\/cop30\/author\/comunicacaocop30\/"},"rttpg_comment":0,"rttpg_category":"<a href=\"https:\/\/repam.org.br\/cop30\/category\/noticias\/\" rel=\"category tag\">Not\u00edcias<\/a>","rttpg_excerpt":"A Mobiliza\u00e7\u00e3o dos Povos pela Terra e pelo Clima segue presente antes, durante e depois da COP, garantindo que a voz dos povos n\u00e3o seja silenciada e que a luta por justi\u00e7a clim\u00e1tica continue ganhando for\u00e7a. No dia 4 de fevereiro, estaremos juntos na Cinel\u00e2ndia, no Rio de Janeiro, a partir das 18h, no ATO&hellip;","_links":{"self":[{"href":"https:\/\/repam.org.br\/cop30\/wp-json\/wp\/v2\/posts\/15774","targetHints":{"allow":["GET"]}}],"collection":[{"href":"https:\/\/repam.org.br\/cop30\/wp-json\/wp\/v2\/posts"}],"about":[{"href":"https:\/\/repam.org.br\/cop30\/wp-json\/wp\/v2\/types\/post"}],"author":[{"embeddable":true,"href":"https:\/\/repam.org.br\/cop30\/wp-json\/wp\/v2\/users\/3"}],"replies":[{"embeddable":true,"href":"https:\/\/repam.org.br\/cop30\/wp-json\/wp\/v2\/comments?post=15774"}],"version-history":[{"count":2,"href":"https:\/\/repam.org.br\/cop30\/wp-json\/wp\/v2\/posts\/15774\/revisions"}],"predecessor-version":[{"id":15780,"href":"https:\/\/repam.org.br\/cop30\/wp-json\/wp\/v2\/posts\/15774\/revisions\/15780"}],"wp:featuredmedia":[{"embeddable":true,"href":"https:\/\/repam.org.br\/cop30\/wp-json\/wp\/v2\/media\/15775"}],"wp:attachment":[{"href":"https:\/\/repam.org.br\/cop30\/wp-json\/wp\/v2\/media?parent=15774"}],"wp:term":[{"taxonomy":"category","embeddable":true,"href":"https:\/\/repam.org.br\/cop30\/wp-json\/wp\/v2\/categories?post=15774"},{"taxonomy":"post_tag","embeddable":true,"href":"https:\/\/repam.org.br\/cop30\/wp-json\/wp\/v2\/tags?post=15774"}],"curies":[{"name":"wp","href":"https:\/\/api.w.org\/{rel}","templated":true}]}}