{"id":15781,"date":"2025-02-03T12:22:49","date_gmt":"2025-02-03T15:22:49","guid":{"rendered":"https:\/\/repam.org.br\/cop30\/?p=15781"},"modified":"2025-02-03T13:27:47","modified_gmt":"2025-02-03T16:27:47","slug":"mobilizacao-dos-povos-pela-terra-e-pelo-clima-apoia-3o-encontro-de-formacao-sobre-a-cop30","status":"publish","type":"post","link":"https:\/\/repam.org.br\/cop30\/mobilizacao-dos-povos-pela-terra-e-pelo-clima-apoia-3o-encontro-de-formacao-sobre-a-cop30\/","title":{"rendered":"Mobiliza\u00e7\u00e3o dos Povos pela Terra e pelo Clima apoia 3\u00ba Encontro de Forma\u00e7\u00e3o sobre a COP30 \u00a0"},"content":{"rendered":"\n<p>A Mobiliza\u00e7\u00e3o dos Povos pela Terra e pelo Clima apoiou a realiza\u00e7\u00e3o do 3\u00ba Encontro de Forma\u00e7\u00e3o sobre a COP30, promovido em parceria com o Movimento Popular de Mulheres, que re\u00fane lideran\u00e7as do Par\u00e1, Maranh\u00e3o e Tocantins.&nbsp;<\/p>\n\n\n\n<p>O encontro contou com a participa\u00e7\u00e3o de Suzete Kourliandsky (Coletivo Mahura) e Maria de Jesus (Mulheres Teresinas e Movimento Popular de Mulheres), que compartilharam suas experi\u00eancias na luta das mulheres pela defesa dos territ\u00f3rios e da soberania ambiental. Maria Goreth trouxe um panorama hist\u00f3rico das Confer\u00eancias do Clima (COPs), destacando avan\u00e7os e desafios, enquanto Dom Zanoni, arcebispo de Feira de Santana e membro da Pastoral Afro do Brasil e Am\u00e9rica Latina, abordou a responsabilidade coletiva na defesa da Casa Comum. Mayara Lima, da equipe de comunica\u00e7\u00e3o do projeto de articula\u00e7\u00e3o da REPAM rumo \u00e0 COP30, contribuiu com reflex\u00f5es sobre Economia e Justi\u00e7a Clim\u00e1tica.&nbsp;<\/p>\n\n\n\n<blockquote class=\"wp-block-quote is-layout-flow wp-block-quote-is-layout-flow\">\n<p><strong>&#8220;Nossa f\u00e9 nos ensina que somos respons\u00e1veis uns pelos outros e pela Casa Comum. O profetismo de Francisco nos desafia a ir \u00e0s periferias, a sair da in\u00e9rcia e assume um compromisso real com a justi\u00e7a social e ambiental.&#8221; \u2013 disse o arcebispo, Dom Zanoni.<\/strong><\/p>\n<\/blockquote>\n\n\n\n<p>Com a presen\u00e7a de mais de 40 participantes, o encontro fortaleceu v\u00ednculos e tra\u00e7ou estrat\u00e9gias para ampliar a influ\u00eancia pol\u00edtica das comunidades mais afetadas pela crise clim\u00e1tica na COP30. Ao discutir n\u00e3o apenas aprofundaram o entendimento sobre os desafios globais, mas tamb\u00e9m reafirmaram o compromisso coletivo de garantir que todas as vozes sejam ouvidas nos espa\u00e7os de decis\u00e3o.&nbsp;<\/p>\n\n\n\n<blockquote class=\"wp-block-quote is-layout-flow wp-block-quote-is-layout-flow\">\n<p><strong>&#8220;A juventude j\u00e1 vive com a chamada ansiedade clim\u00e1tica, e quando colocamos toda a responsabilidade sobre eles, isentamos os l\u00edderes atuais de cumprirem suas metas.&#8221;, disse a jornalista Mayara Lima<\/strong>.<\/p>\n<\/blockquote>\n\n\n\n<p>Durante o encontro, diversas vozes influentes contribu\u00edram com suas perspectivas \u00fanicas sobre a crise clim\u00e1tica e estrat\u00e9gias coletivas de enfrentamento:&nbsp;<\/p>\n\n\n\n<p>Suzete Kourliandsky e Maria de Jesus trouxeram experi\u00eancias inspiradoras da luta das mulheres pela defesa dos territ\u00f3rios e da soberania ambiental.<\/p>\n\n\n\n<p>Maria Goreth contextualizou historicamente as Confer\u00eancias do Clima, destacando avan\u00e7os, desafios e a import\u00e2ncia da participa\u00e7\u00e3o da sociedade civil.\u00a0<\/p>\n\n\n\n<p>Entre os encaminhamentos definidos, destacam-se:&nbsp;<\/p>\n\n\n\n<ul class=\"wp-block-list\">\n<li>Fortalecimento da forma\u00e7\u00e3o de lideran\u00e7as populares, garantindo maior representatividade na COP30; &nbsp;<\/li>\n<\/ul>\n\n\n\n<ul class=\"wp-block-list\">\n<li>Articula\u00e7\u00e3o com outras organiza\u00e7\u00f5es para ampliar a participa\u00e7\u00e3o de comunidades tradicionais e perif\u00e9ricas; &nbsp;<\/li>\n<\/ul>\n\n\n\n<ul class=\"wp-block-list\">\n<li>Produ\u00e7\u00e3o de materiais educativos acess\u00edveis, facilitando o engajamento popular no debate clim\u00e1tico; &nbsp;<\/li>\n<\/ul>\n\n\n\n<ul class=\"wp-block-list\">\n<li>Expans\u00e3o da presen\u00e7a digital, fortalecendo a comunica\u00e7\u00e3o e mobiliza\u00e7\u00e3o nas redes.&nbsp;<\/li>\n<\/ul>\n\n\n\n<p>A Mobiliza\u00e7\u00e3o dos Povos pela Terra e pelo Clima segue comprometida em garantir que as vozes das comunidades mais impactadas pela crise clim\u00e1tica sejam protagonistas na COP30. As forma\u00e7\u00f5es fazem parte desse esfor\u00e7o, ampliando o acesso \u00e0 informa\u00e7\u00e3o e fortalecendo a articula\u00e7\u00e3o nos territ\u00f3rios.&nbsp;<\/p>\n\n\n\n<p>Este \u00e9 apenas mais um passo na caminhada rumo \u00e0 justi\u00e7a clim\u00e1tica \u2013 um compromisso que se estende antes, durante e depois da COP30.&nbsp;<\/p>\n","protected":false},"excerpt":{"rendered":"<p>A Mobiliza\u00e7\u00e3o dos Povos pela Terra e pelo Clima apoiou a realiza\u00e7\u00e3o do 3\u00ba Encontro de Forma\u00e7\u00e3o sobre a COP30, promovido em parceria com o Movimento Popular de Mulheres, que re\u00fane lideran\u00e7as do Par\u00e1, Maranh\u00e3o e Tocantins.&nbsp; O encontro contou com a participa\u00e7\u00e3o de Suzete Kourliandsky (Coletivo Mahura) e Maria de Jesus (Mulheres Teresinas e Movimento Popular de Mulheres), que compartilharam suas experi\u00eancias na luta das mulheres pela defesa dos territ\u00f3rios e da soberania ambiental. Maria Goreth trouxe um panorama hist\u00f3rico das Confer\u00eancias do Clima (COPs), destacando avan\u00e7os e desafios, enquanto Dom Zanoni, arcebispo de Feira de Santana e membro da Pastoral Afro do Brasil e Am\u00e9rica Latina, abordou a responsabilidade coletiva na defesa da Casa Comum. Mayara Lima, da equipe de comunica\u00e7\u00e3o do projeto de articula\u00e7\u00e3o da REPAM rumo \u00e0 COP30, contribuiu com reflex\u00f5es sobre Economia e Justi\u00e7a Clim\u00e1tica.&nbsp; &#8220;Nossa f\u00e9 nos ensina que somos respons\u00e1veis uns pelos outros e pela Casa Comum. O profetismo de Francisco nos desafia a ir \u00e0s periferias, a sair da in\u00e9rcia e assume um compromisso real com a justi\u00e7a social e ambiental.&#8221; \u2013 disse o arcebispo, Dom Zanoni. Com a presen\u00e7a de mais de 40 participantes, o encontro fortaleceu v\u00ednculos e tra\u00e7ou estrat\u00e9gias para ampliar a influ\u00eancia pol\u00edtica das comunidades mais afetadas pela crise clim\u00e1tica na COP30. Ao discutir n\u00e3o apenas aprofundaram o entendimento sobre os desafios globais, mas tamb\u00e9m reafirmaram o compromisso coletivo de garantir que todas as vozes sejam ouvidas nos espa\u00e7os de decis\u00e3o.&nbsp; &#8220;A juventude j\u00e1 vive com a chamada ansiedade clim\u00e1tica, e quando colocamos toda a responsabilidade sobre eles, isentamos os l\u00edderes atuais de cumprirem suas metas.&#8221;, disse a jornalista Mayara Lima. Durante o encontro, diversas vozes influentes contribu\u00edram com suas perspectivas \u00fanicas sobre a crise clim\u00e1tica e estrat\u00e9gias coletivas de enfrentamento:&nbsp; Suzete Kourliandsky e Maria de Jesus trouxeram experi\u00eancias inspiradoras da luta das mulheres pela defesa dos territ\u00f3rios e da soberania ambiental. Maria Goreth contextualizou historicamente as Confer\u00eancias do Clima, destacando avan\u00e7os, desafios e a import\u00e2ncia da participa\u00e7\u00e3o da sociedade civil.\u00a0 Entre os encaminhamentos definidos, destacam-se:&nbsp; A Mobiliza\u00e7\u00e3o dos Povos pela Terra e pelo Clima segue comprometida em garantir que as vozes das comunidades mais impactadas pela crise clim\u00e1tica sejam protagonistas na COP30. As forma\u00e7\u00f5es fazem parte desse esfor\u00e7o, ampliando o acesso \u00e0 informa\u00e7\u00e3o e fortalecendo a articula\u00e7\u00e3o nos territ\u00f3rios.&nbsp; Este \u00e9 apenas mais um passo na caminhada rumo \u00e0 justi\u00e7a clim\u00e1tica \u2013 um compromisso que se estende antes, durante e depois da COP30.&nbsp;<\/p>\n","protected":false},"author":3,"featured_media":15782,"comment_status":"closed","ping_status":"open","sticky":false,"template":"","format":"standard","meta":{"footnotes":""},"categories":[5],"tags":[13,14,15,17,18,7,8],"class_list":["post-15781","post","type-post","status-publish","format-standard","has-post-thumbnail","hentry","category-noticias","tag-amazonia","tag-conferencia-do-clima-da-onu","tag-cop-30","tag-mudanca-climatica","tag-populacoes-tradionais","tag-repam","tag-repam-brasil"],"rttpg_featured_image_url":{"full":["https:\/\/repam.org.br\/cop30\/wp-content\/uploads\/2025\/02\/WhatsApp-Image-2025-02-03-at-10.54.18.jpeg",1600,1001,false],"landscape":["https:\/\/repam.org.br\/cop30\/wp-content\/uploads\/2025\/02\/WhatsApp-Image-2025-02-03-at-10.54.18.jpeg",1600,1001,false],"portraits":["https:\/\/repam.org.br\/cop30\/wp-content\/uploads\/2025\/02\/WhatsApp-Image-2025-02-03-at-10.54.18.jpeg",1600,1001,false],"thumbnail":["https:\/\/repam.org.br\/cop30\/wp-content\/uploads\/2025\/02\/WhatsApp-Image-2025-02-03-at-10.54.18-150x150.jpeg",150,150,true],"medium":["https:\/\/repam.org.br\/cop30\/wp-content\/uploads\/2025\/02\/WhatsApp-Image-2025-02-03-at-10.54.18-300x188.jpeg",300,188,true],"large":["https:\/\/repam.org.br\/cop30\/wp-content\/uploads\/2025\/02\/WhatsApp-Image-2025-02-03-at-10.54.18-1024x641.jpeg",800,501,true],"1536x1536":["https:\/\/repam.org.br\/cop30\/wp-content\/uploads\/2025\/02\/WhatsApp-Image-2025-02-03-at-10.54.18-1536x961.jpeg",1536,961,true],"2048x2048":["https:\/\/repam.org.br\/cop30\/wp-content\/uploads\/2025\/02\/WhatsApp-Image-2025-02-03-at-10.54.18.jpeg",1600,1001,false]},"rttpg_author":{"display_name":"Comunica\u00e7\u00e3o Cop30","author_link":"https:\/\/repam.org.br\/cop30\/author\/comunicacaocop30\/"},"rttpg_comment":0,"rttpg_category":"<a href=\"https:\/\/repam.org.br\/cop30\/category\/noticias\/\" rel=\"category tag\">Not\u00edcias<\/a>","rttpg_excerpt":"A Mobiliza\u00e7\u00e3o dos Povos pela Terra e pelo Clima apoiou a realiza\u00e7\u00e3o do 3\u00ba Encontro de Forma\u00e7\u00e3o sobre a COP30, promovido em parceria com o Movimento Popular de Mulheres, que re\u00fane lideran\u00e7as do Par\u00e1, Maranh\u00e3o e Tocantins.&nbsp; O encontro contou com a participa\u00e7\u00e3o de Suzete Kourliandsky (Coletivo Mahura) e Maria de Jesus (Mulheres Teresinas e&hellip;","_links":{"self":[{"href":"https:\/\/repam.org.br\/cop30\/wp-json\/wp\/v2\/posts\/15781","targetHints":{"allow":["GET"]}}],"collection":[{"href":"https:\/\/repam.org.br\/cop30\/wp-json\/wp\/v2\/posts"}],"about":[{"href":"https:\/\/repam.org.br\/cop30\/wp-json\/wp\/v2\/types\/post"}],"author":[{"embeddable":true,"href":"https:\/\/repam.org.br\/cop30\/wp-json\/wp\/v2\/users\/3"}],"replies":[{"embeddable":true,"href":"https:\/\/repam.org.br\/cop30\/wp-json\/wp\/v2\/comments?post=15781"}],"version-history":[{"count":2,"href":"https:\/\/repam.org.br\/cop30\/wp-json\/wp\/v2\/posts\/15781\/revisions"}],"predecessor-version":[{"id":15785,"href":"https:\/\/repam.org.br\/cop30\/wp-json\/wp\/v2\/posts\/15781\/revisions\/15785"}],"wp:featuredmedia":[{"embeddable":true,"href":"https:\/\/repam.org.br\/cop30\/wp-json\/wp\/v2\/media\/15782"}],"wp:attachment":[{"href":"https:\/\/repam.org.br\/cop30\/wp-json\/wp\/v2\/media?parent=15781"}],"wp:term":[{"taxonomy":"category","embeddable":true,"href":"https:\/\/repam.org.br\/cop30\/wp-json\/wp\/v2\/categories?post=15781"},{"taxonomy":"post_tag","embeddable":true,"href":"https:\/\/repam.org.br\/cop30\/wp-json\/wp\/v2\/tags?post=15781"}],"curies":[{"name":"wp","href":"https:\/\/api.w.org\/{rel}","templated":true}]}}