{"id":15787,"date":"2025-01-27T13:28:00","date_gmt":"2025-01-27T16:28:00","guid":{"rendered":"https:\/\/repam.org.br\/cop30\/?p=15787"},"modified":"2025-02-03T13:32:51","modified_gmt":"2025-02-03T16:32:51","slug":"mobilizacao-fortalece-mobilizacao-no-comite-dorothy-rumo-a-cop30","status":"publish","type":"post","link":"https:\/\/repam.org.br\/cop30\/mobilizacao-fortalece-mobilizacao-no-comite-dorothy-rumo-a-cop30\/","title":{"rendered":"Mobiliza\u00e7\u00e3o fortalece mobiliza\u00e7\u00e3o no Comit\u00ea Dorothy rumo \u00e0 COP30"},"content":{"rendered":"\n<p>A Mobiliza\u00e7\u00e3o dos Povos pela Terra e pelo Clima, articula\u00e7\u00e3o da REPAM rumo \u00e0 COP30, segue ampliando sua atua\u00e7\u00e3o junto ao Comit\u00ea Dorothy, um importante espa\u00e7o de mobiliza\u00e7\u00e3o social e incid\u00eancia pol\u00edtica em defesa dos povos da Amaz\u00f4nia. Em 2025, o Comit\u00ea marcar\u00e1 os 20 anos do mart\u00edrio da Irm\u00e3 Dorothy Stang, assassinada em Anapu (PA) no dia 12 de fevereiro de 2005 por sua incans\u00e1vel luta pela justi\u00e7a socioambiental e pela defesa da floresta e de seus povos.<\/p>\n\n\n\n<p>A REPAM, por meio da articula\u00e7\u00e3o, tem participado ativamente das reuni\u00f5es do Comit\u00ea, articulando-se com pastorais sociais, movimentos populares, sindicatos e mandatos populares para denunciar as constantes viola\u00e7\u00f5es de direitos contra aqueles que vivem e protegem a terra, a floresta e as \u00e1guas da Amaz\u00f4nia. Um dos focos centrais dessas mobiliza\u00e7\u00f5es \u00e9 a valoriza\u00e7\u00e3o do papel das mulheres nas lutas socioambientais, reconhecendo sua lideran\u00e7a na resist\u00eancia e na constru\u00e7\u00e3o de alternativas sustent\u00e1veis.<\/p>\n\n\n\n<p>Dentro dessa agenda, dois eventos de grande relev\u00e2ncia contar\u00e3o com a participa\u00e7\u00e3o da articula\u00e7\u00e3o REPAM para a COP30:<\/p>\n\n\n\n<p>\ud83d\udccc <strong>II Jornada Internacional Dorothy Stang<\/strong><br>\ud83d\udcc5 <em>Data:<\/em> 16 a 20 de junho de 2025<br>Evento que re\u00fane militantes, pesquisadores e comunidades tradicionais para debater justi\u00e7a socioambiental, direitos humanos e a continuidade do legado de Dorothy Stang na defesa da Amaz\u00f4nia.<\/p>\n\n\n\n<p>\ud83d\udccc <strong>Romaria da Floresta \u2013 Anapu (PA)<\/strong><br>\ud83d\udcc5 <em>Data:<\/em> 10 a 13 de julho de 2025<br>Uma grande caminhada de f\u00e9 e resist\u00eancia em mem\u00f3ria de Dorothy Stang, reunindo povos da floresta, lideran\u00e7as comunit\u00e1rias e defensores dos direitos socioambientais para reafirmar o compromisso com a preserva\u00e7\u00e3o da Amaz\u00f4nia e a defesa dos territ\u00f3rios.<\/p>\n\n\n\n<p>A mobiliza\u00e7\u00e3o segue firme, conectando diferentes atores na constru\u00e7\u00e3o de uma Amaz\u00f4nia justa e sustent\u00e1vel, rumo \u00e0 COP30. A mem\u00f3ria de Dorothy Stang segue viva, inspirando novas gera\u00e7\u00f5es na luta por direitos e pela prote\u00e7\u00e3o da floresta e de seus povos.<\/p>\n","protected":false},"excerpt":{"rendered":"<p>A Mobiliza\u00e7\u00e3o dos Povos pela Terra e pelo Clima, articula\u00e7\u00e3o da REPAM rumo \u00e0 COP30, segue ampliando sua atua\u00e7\u00e3o junto ao Comit\u00ea Dorothy, um importante espa\u00e7o de mobiliza\u00e7\u00e3o social e incid\u00eancia pol\u00edtica em defesa dos povos da Amaz\u00f4nia. Em 2025, o Comit\u00ea marcar\u00e1 os 20 anos do mart\u00edrio da Irm\u00e3 Dorothy Stang, assassinada em Anapu (PA) no dia 12 de fevereiro de 2005 por sua incans\u00e1vel luta pela justi\u00e7a socioambiental e pela defesa da floresta e de seus povos. A REPAM, por meio da articula\u00e7\u00e3o, tem participado ativamente das reuni\u00f5es do Comit\u00ea, articulando-se com pastorais sociais, movimentos populares, sindicatos e mandatos populares para denunciar as constantes viola\u00e7\u00f5es de direitos contra aqueles que vivem e protegem a terra, a floresta e as \u00e1guas da Amaz\u00f4nia. Um dos focos centrais dessas mobiliza\u00e7\u00f5es \u00e9 a valoriza\u00e7\u00e3o do papel das mulheres nas lutas socioambientais, reconhecendo sua lideran\u00e7a na resist\u00eancia e na constru\u00e7\u00e3o de alternativas sustent\u00e1veis. Dentro dessa agenda, dois eventos de grande relev\u00e2ncia contar\u00e3o com a participa\u00e7\u00e3o da articula\u00e7\u00e3o REPAM para a COP30: \ud83d\udccc II Jornada Internacional Dorothy Stang\ud83d\udcc5 Data: 16 a 20 de junho de 2025Evento que re\u00fane militantes, pesquisadores e comunidades tradicionais para debater justi\u00e7a socioambiental, direitos humanos e a continuidade do legado de Dorothy Stang na defesa da Amaz\u00f4nia. \ud83d\udccc Romaria da Floresta \u2013 Anapu (PA)\ud83d\udcc5 Data: 10 a 13 de julho de 2025Uma grande caminhada de f\u00e9 e resist\u00eancia em mem\u00f3ria de Dorothy Stang, reunindo povos da floresta, lideran\u00e7as comunit\u00e1rias e defensores dos direitos socioambientais para reafirmar o compromisso com a preserva\u00e7\u00e3o da Amaz\u00f4nia e a defesa dos territ\u00f3rios. A mobiliza\u00e7\u00e3o segue firme, conectando diferentes atores na constru\u00e7\u00e3o de uma Amaz\u00f4nia justa e sustent\u00e1vel, rumo \u00e0 COP30. A mem\u00f3ria de Dorothy Stang segue viva, inspirando novas gera\u00e7\u00f5es na luta por direitos e pela prote\u00e7\u00e3o da floresta e de seus povos.<\/p>\n","protected":false},"author":3,"featured_media":15788,"comment_status":"open","ping_status":"open","sticky":false,"template":"","format":"standard","meta":{"footnotes":""},"categories":[5],"tags":[],"class_list":["post-15787","post","type-post","status-publish","format-standard","has-post-thumbnail","hentry","category-noticias"],"rttpg_featured_image_url":{"full":["https:\/\/repam.org.br\/cop30\/wp-content\/uploads\/2025\/02\/WhatsApp-Image-2025-01-21-at-15.19.16.jpeg",1600,1204,false],"landscape":["https:\/\/repam.org.br\/cop30\/wp-content\/uploads\/2025\/02\/WhatsApp-Image-2025-01-21-at-15.19.16.jpeg",1600,1204,false],"portraits":["https:\/\/repam.org.br\/cop30\/wp-content\/uploads\/2025\/02\/WhatsApp-Image-2025-01-21-at-15.19.16.jpeg",1600,1204,false],"thumbnail":["https:\/\/repam.org.br\/cop30\/wp-content\/uploads\/2025\/02\/WhatsApp-Image-2025-01-21-at-15.19.16-150x150.jpeg",150,150,true],"medium":["https:\/\/repam.org.br\/cop30\/wp-content\/uploads\/2025\/02\/WhatsApp-Image-2025-01-21-at-15.19.16-300x226.jpeg",300,226,true],"large":["https:\/\/repam.org.br\/cop30\/wp-content\/uploads\/2025\/02\/WhatsApp-Image-2025-01-21-at-15.19.16-1024x771.jpeg",800,602,true],"1536x1536":["https:\/\/repam.org.br\/cop30\/wp-content\/uploads\/2025\/02\/WhatsApp-Image-2025-01-21-at-15.19.16-1536x1156.jpeg",1536,1156,true],"2048x2048":["https:\/\/repam.org.br\/cop30\/wp-content\/uploads\/2025\/02\/WhatsApp-Image-2025-01-21-at-15.19.16.jpeg",1600,1204,false]},"rttpg_author":{"display_name":"Comunica\u00e7\u00e3o Cop30","author_link":"https:\/\/repam.org.br\/cop30\/author\/comunicacaocop30\/"},"rttpg_comment":0,"rttpg_category":"<a href=\"https:\/\/repam.org.br\/cop30\/category\/noticias\/\" rel=\"category tag\">Not\u00edcias<\/a>","rttpg_excerpt":"A Mobiliza\u00e7\u00e3o dos Povos pela Terra e pelo Clima, articula\u00e7\u00e3o da REPAM rumo \u00e0 COP30, segue ampliando sua atua\u00e7\u00e3o junto ao Comit\u00ea Dorothy, um importante espa\u00e7o de mobiliza\u00e7\u00e3o social e incid\u00eancia pol\u00edtica em defesa dos povos da Amaz\u00f4nia. Em 2025, o Comit\u00ea marcar\u00e1 os 20 anos do mart\u00edrio da Irm\u00e3 Dorothy Stang, assassinada em Anapu&hellip;","_links":{"self":[{"href":"https:\/\/repam.org.br\/cop30\/wp-json\/wp\/v2\/posts\/15787","targetHints":{"allow":["GET"]}}],"collection":[{"href":"https:\/\/repam.org.br\/cop30\/wp-json\/wp\/v2\/posts"}],"about":[{"href":"https:\/\/repam.org.br\/cop30\/wp-json\/wp\/v2\/types\/post"}],"author":[{"embeddable":true,"href":"https:\/\/repam.org.br\/cop30\/wp-json\/wp\/v2\/users\/3"}],"replies":[{"embeddable":true,"href":"https:\/\/repam.org.br\/cop30\/wp-json\/wp\/v2\/comments?post=15787"}],"version-history":[{"count":1,"href":"https:\/\/repam.org.br\/cop30\/wp-json\/wp\/v2\/posts\/15787\/revisions"}],"predecessor-version":[{"id":15789,"href":"https:\/\/repam.org.br\/cop30\/wp-json\/wp\/v2\/posts\/15787\/revisions\/15789"}],"wp:featuredmedia":[{"embeddable":true,"href":"https:\/\/repam.org.br\/cop30\/wp-json\/wp\/v2\/media\/15788"}],"wp:attachment":[{"href":"https:\/\/repam.org.br\/cop30\/wp-json\/wp\/v2\/media?parent=15787"}],"wp:term":[{"taxonomy":"category","embeddable":true,"href":"https:\/\/repam.org.br\/cop30\/wp-json\/wp\/v2\/categories?post=15787"},{"taxonomy":"post_tag","embeddable":true,"href":"https:\/\/repam.org.br\/cop30\/wp-json\/wp\/v2\/tags?post=15787"}],"curies":[{"name":"wp","href":"https:\/\/api.w.org\/{rel}","templated":true}]}}