{"id":15791,"date":"2025-02-03T13:40:29","date_gmt":"2025-02-03T16:40:29","guid":{"rendered":"https:\/\/repam.org.br\/cop30\/?p=15791"},"modified":"2025-02-03T13:40:57","modified_gmt":"2025-02-03T16:40:57","slug":"oficina-infancias-e-crise-climatica-debate-impactos-das-mudancas-climaticas-na-infancia-rumo-a-cop30","status":"publish","type":"post","link":"https:\/\/repam.org.br\/cop30\/oficina-infancias-e-crise-climatica-debate-impactos-das-mudancas-climaticas-na-infancia-rumo-a-cop30\/","title":{"rendered":"Oficina &#8216;Inf\u00e2ncias e Crise Clim\u00e1tica&#8217; debate impactos das mudan\u00e7as clim\u00e1ticas na inf\u00e2ncia rumo \u00e0 COP30"},"content":{"rendered":"\n<p>Na \u00faltima sexta-feira, 31 de janeiro, a Articula\u00e7\u00e3o REPAM-COP30, em parceria com o Conselho Municipal dos Direitos da Crian\u00e7a e do Adolescente de Parintins (COMDCAP), promoveu a oficina <strong>&#8216;Inf\u00e2ncias e Crise Clim\u00e1tica&#8217;<\/strong>. O encontro reuniu representantes da sociedade civil e do governo municipal para debater os impactos das mudan\u00e7as clim\u00e1ticas na inf\u00e2ncia e adolesc\u00eancia, refor\u00e7ando a urg\u00eancia de a\u00e7\u00f5es concretas para garantir um futuro sustent\u00e1vel.<\/p>\n\n\n\n<p>A oficina foi conduzida pelo secret\u00e1rio da Mobiliza\u00e7\u00e3o dos Povos pela Terra e pelo Clima, Eduardo Soares, que destacou como os eventos clim\u00e1ticos extremos, como secas e enchentes, afetam diretamente o bem-estar das crian\u00e7as e adolescentes, agravando vulnerabilidades sociais e comprometendo direitos fundamentais.<\/p>\n\n\n\n<p>Al\u00e9m das discuss\u00f5es, a atividade buscou fortalecer o compromisso das pol\u00edticas p\u00fablicas e da sociedade na prote\u00e7\u00e3o das novas gera\u00e7\u00f5es frente \u00e0 crise clim\u00e1tica. A Mobiliza\u00e7\u00e3o da REPAM rumo \u00e0 COP30 segue impulsionando di\u00e1logos e a\u00e7\u00f5es estrat\u00e9gicas para que as comunidades e povos tradicionais tenham protagonismo na COP30.<\/p>\n\n\n\n<figure class=\"wp-block-gallery has-nested-images columns-default is-cropped wp-block-gallery-1 is-layout-flex wp-block-gallery-is-layout-flex\">\n<figure class=\"wp-block-image size-large\"><img fetchpriority=\"high\" decoding=\"async\" width=\"1024\" height=\"576\" data-id=\"15795\" src=\"https:\/\/repam.org.br\/cop30\/wp-content\/uploads\/2025\/02\/WhatsApp-Image-2025-02-01-at-14.43.58-1-1024x576.jpeg\" alt=\"\" class=\"wp-image-15795\" srcset=\"https:\/\/repam.org.br\/cop30\/wp-content\/uploads\/2025\/02\/WhatsApp-Image-2025-02-01-at-14.43.58-1-1024x576.jpeg 1024w, https:\/\/repam.org.br\/cop30\/wp-content\/uploads\/2025\/02\/WhatsApp-Image-2025-02-01-at-14.43.58-1-300x169.jpeg 300w, https:\/\/repam.org.br\/cop30\/wp-content\/uploads\/2025\/02\/WhatsApp-Image-2025-02-01-at-14.43.58-1-768x432.jpeg 768w, https:\/\/repam.org.br\/cop30\/wp-content\/uploads\/2025\/02\/WhatsApp-Image-2025-02-01-at-14.43.58-1-1536x864.jpeg 1536w, https:\/\/repam.org.br\/cop30\/wp-content\/uploads\/2025\/02\/WhatsApp-Image-2025-02-01-at-14.43.58-1.jpeg 1600w\" sizes=\"(max-width: 1024px) 100vw, 1024px\" \/><\/figure>\n\n\n\n<figure class=\"wp-block-image size-large\"><img decoding=\"async\" width=\"1024\" height=\"513\" data-id=\"15796\" src=\"https:\/\/repam.org.br\/cop30\/wp-content\/uploads\/2025\/02\/WhatsApp-Image-2025-02-01-at-14.43.57-2-1024x513.jpeg\" alt=\"\" class=\"wp-image-15796\" srcset=\"https:\/\/repam.org.br\/cop30\/wp-content\/uploads\/2025\/02\/WhatsApp-Image-2025-02-01-at-14.43.57-2-1024x513.jpeg 1024w, https:\/\/repam.org.br\/cop30\/wp-content\/uploads\/2025\/02\/WhatsApp-Image-2025-02-01-at-14.43.57-2-300x150.jpeg 300w, https:\/\/repam.org.br\/cop30\/wp-content\/uploads\/2025\/02\/WhatsApp-Image-2025-02-01-at-14.43.57-2-768x384.jpeg 768w, https:\/\/repam.org.br\/cop30\/wp-content\/uploads\/2025\/02\/WhatsApp-Image-2025-02-01-at-14.43.57-2-1536x769.jpeg 1536w, https:\/\/repam.org.br\/cop30\/wp-content\/uploads\/2025\/02\/WhatsApp-Image-2025-02-01-at-14.43.57-2.jpeg 1600w\" sizes=\"(max-width: 1024px) 100vw, 1024px\" \/><\/figure>\n<\/figure>\n","protected":false},"excerpt":{"rendered":"<p>Na \u00faltima sexta-feira, 31 de janeiro, a Articula\u00e7\u00e3o REPAM-COP30, em parceria com o Conselho Municipal dos Direitos da Crian\u00e7a e do Adolescente de Parintins (COMDCAP), promoveu a oficina &#8216;Inf\u00e2ncias e Crise Clim\u00e1tica&#8217;. O encontro reuniu representantes da sociedade civil e do governo municipal para debater os impactos das mudan\u00e7as clim\u00e1ticas na inf\u00e2ncia e adolesc\u00eancia, refor\u00e7ando a urg\u00eancia de a\u00e7\u00f5es concretas para garantir um futuro sustent\u00e1vel. A oficina foi conduzida pelo secret\u00e1rio da Mobiliza\u00e7\u00e3o dos Povos pela Terra e pelo Clima, Eduardo Soares, que destacou como os eventos clim\u00e1ticos extremos, como secas e enchentes, afetam diretamente o bem-estar das crian\u00e7as e adolescentes, agravando vulnerabilidades sociais e comprometendo direitos fundamentais. Al\u00e9m das discuss\u00f5es, a atividade buscou fortalecer o compromisso das pol\u00edticas p\u00fablicas e da sociedade na prote\u00e7\u00e3o das novas gera\u00e7\u00f5es frente \u00e0 crise clim\u00e1tica. A Mobiliza\u00e7\u00e3o da REPAM rumo \u00e0 COP30 segue impulsionando di\u00e1logos e a\u00e7\u00f5es estrat\u00e9gicas para que as comunidades e povos tradicionais tenham protagonismo na COP30.<\/p>\n","protected":false},"author":3,"featured_media":15793,"comment_status":"open","ping_status":"open","sticky":false,"template":"","format":"standard","meta":{"footnotes":""},"categories":[5],"tags":[13,14,15,17,18,19,7,8],"class_list":["post-15791","post","type-post","status-publish","format-standard","has-post-thumbnail","hentry","category-noticias","tag-amazonia","tag-conferencia-do-clima-da-onu","tag-cop-30","tag-mudanca-climatica","tag-populacoes-tradionais","tag-povos-indigenas","tag-repam","tag-repam-brasil"],"rttpg_featured_image_url":{"full":["https:\/\/repam.org.br\/cop30\/wp-content\/uploads\/2025\/02\/WhatsApp-Image-2025-02-01-at-14.43.57-1.jpeg",1600,900,false],"landscape":["https:\/\/repam.org.br\/cop30\/wp-content\/uploads\/2025\/02\/WhatsApp-Image-2025-02-01-at-14.43.57-1.jpeg",1600,900,false],"portraits":["https:\/\/repam.org.br\/cop30\/wp-content\/uploads\/2025\/02\/WhatsApp-Image-2025-02-01-at-14.43.57-1.jpeg",1600,900,false],"thumbnail":["https:\/\/repam.org.br\/cop30\/wp-content\/uploads\/2025\/02\/WhatsApp-Image-2025-02-01-at-14.43.57-1-150x150.jpeg",150,150,true],"medium":["https:\/\/repam.org.br\/cop30\/wp-content\/uploads\/2025\/02\/WhatsApp-Image-2025-02-01-at-14.43.57-1-300x169.jpeg",300,169,true],"large":["https:\/\/repam.org.br\/cop30\/wp-content\/uploads\/2025\/02\/WhatsApp-Image-2025-02-01-at-14.43.57-1-1024x576.jpeg",800,450,true],"1536x1536":["https:\/\/repam.org.br\/cop30\/wp-content\/uploads\/2025\/02\/WhatsApp-Image-2025-02-01-at-14.43.57-1-1536x864.jpeg",1536,864,true],"2048x2048":["https:\/\/repam.org.br\/cop30\/wp-content\/uploads\/2025\/02\/WhatsApp-Image-2025-02-01-at-14.43.57-1.jpeg",1600,900,false]},"rttpg_author":{"display_name":"Comunica\u00e7\u00e3o Cop30","author_link":"https:\/\/repam.org.br\/cop30\/author\/comunicacaocop30\/"},"rttpg_comment":0,"rttpg_category":"<a href=\"https:\/\/repam.org.br\/cop30\/category\/noticias\/\" rel=\"category tag\">Not\u00edcias<\/a>","rttpg_excerpt":"Na \u00faltima sexta-feira, 31 de janeiro, a Articula\u00e7\u00e3o REPAM-COP30, em parceria com o Conselho Municipal dos Direitos da Crian\u00e7a e do Adolescente de Parintins (COMDCAP), promoveu a oficina &#8216;Inf\u00e2ncias e Crise Clim\u00e1tica&#8217;. O encontro reuniu representantes da sociedade civil e do governo municipal para debater os impactos das mudan\u00e7as clim\u00e1ticas na inf\u00e2ncia e adolesc\u00eancia, refor\u00e7ando&hellip;","_links":{"self":[{"href":"https:\/\/repam.org.br\/cop30\/wp-json\/wp\/v2\/posts\/15791","targetHints":{"allow":["GET"]}}],"collection":[{"href":"https:\/\/repam.org.br\/cop30\/wp-json\/wp\/v2\/posts"}],"about":[{"href":"https:\/\/repam.org.br\/cop30\/wp-json\/wp\/v2\/types\/post"}],"author":[{"embeddable":true,"href":"https:\/\/repam.org.br\/cop30\/wp-json\/wp\/v2\/users\/3"}],"replies":[{"embeddable":true,"href":"https:\/\/repam.org.br\/cop30\/wp-json\/wp\/v2\/comments?post=15791"}],"version-history":[{"count":1,"href":"https:\/\/repam.org.br\/cop30\/wp-json\/wp\/v2\/posts\/15791\/revisions"}],"predecessor-version":[{"id":15797,"href":"https:\/\/repam.org.br\/cop30\/wp-json\/wp\/v2\/posts\/15791\/revisions\/15797"}],"wp:featuredmedia":[{"embeddable":true,"href":"https:\/\/repam.org.br\/cop30\/wp-json\/wp\/v2\/media\/15793"}],"wp:attachment":[{"href":"https:\/\/repam.org.br\/cop30\/wp-json\/wp\/v2\/media?parent=15791"}],"wp:term":[{"taxonomy":"category","embeddable":true,"href":"https:\/\/repam.org.br\/cop30\/wp-json\/wp\/v2\/categories?post=15791"},{"taxonomy":"post_tag","embeddable":true,"href":"https:\/\/repam.org.br\/cop30\/wp-json\/wp\/v2\/tags?post=15791"}],"curies":[{"name":"wp","href":"https:\/\/api.w.org\/{rel}","templated":true}]}}