{"id":15798,"date":"2025-02-05T12:39:47","date_gmt":"2025-02-05T15:39:47","guid":{"rendered":"https:\/\/repam.org.br\/cop30\/?p=15798"},"modified":"2025-02-05T15:41:49","modified_gmt":"2025-02-05T18:41:49","slug":"reuniao-do-grupo-operativo-da-cupula-dos-povos-rumo-a-cop30","status":"publish","type":"post","link":"https:\/\/repam.org.br\/cop30\/reuniao-do-grupo-operativo-da-cupula-dos-povos-rumo-a-cop30\/","title":{"rendered":"Rumo \u00e0 COP30: Grupo Operativo da C\u00fapula dos Povos se re\u00fane no Rio de Janeiro"},"content":{"rendered":"\n<p>Nos dias 3 e 4 de fevereiro, o Rio de Janeiro recebeu a reuni\u00e3o do Grupo Operativo da C\u00fapula dos Povos, reunindo representantes de movimentos sociais, organiza\u00e7\u00f5es ind\u00edgenas e entidades internacionais da \u00c1frica, \u00c1sia, Am\u00e9rica e Europa. O encontro teve como objetivo tra\u00e7ar estrat\u00e9gias coletivas de mobiliza\u00e7\u00e3o, fortalecendo a incid\u00eancia global nas negocia\u00e7\u00f5es clim\u00e1ticas e engajando povos ind\u00edgenas, comunidades tradicionais e popula\u00e7\u00f5es afetadas por eventos extremos.<\/p>\n\n\n\n<p>Durante a reuni\u00e3o da Comiss\u00e3o Pol\u00edtica da C\u00fapula dos Povos rumo \u00e0 COP30, foi realizado um ato p\u00fablico na Cinel\u00e2ndia, no Rio de Janeiro, que reuniu organiza\u00e7\u00f5es da sociedade civil nacional, internacional e local. O evento serviu como espa\u00e7o para levantar den\u00fancias sobre quest\u00f5es como sa\u00fade, habita\u00e7\u00e3o e os impactos da crise clim\u00e1tica. &#8220;Esse momento, al\u00e9m de den\u00fancia, foi tamb\u00e9m um momento em que a sociedade civil apontou diversas solu\u00e7\u00f5es poss\u00edveis e necess\u00e1rias no enfrentamento \u00e0 crise clim\u00e1tica&#8221;, destacou Eduardo Soares, secret\u00e1rio da Mobiliza\u00e7\u00e3o dos Povos pela Terra e pelo Clima.<\/p>\n\n\n\n<p>A C\u00fapula dos Povos, que acontecer\u00e1 em Bel\u00e9m do Par\u00e1 entre os dias 12 e 16 de novembro, ser\u00e1 um espa\u00e7o essencial para debater alternativas e fortalecer a resist\u00eancia dos povos frente \u00e0 crise clim\u00e1tica. &#8220;Dentro das v\u00e1rias defini\u00e7\u00f5es, ficou acertado que a C\u00fapula dos Povos acontece dentro do per\u00edodo da COP30, garantindo que as vozes dos povos ind\u00edgenas, comunidades tradicionais e popula\u00e7\u00f5es afetadas sejam ouvidas no debate clim\u00e1tico global&#8221;, afirmou Eduardo Soares.<\/p>\n\n\n\n<p>A Rede Eclesial Pan-Amaz\u00f4nica (REPAM Brasil), por meio da Mobiliza\u00e7\u00e3o dos Povos pela Terra e pelo Clima, soma-se a essa constru\u00e7\u00e3o, fortalecendo a articula\u00e7\u00e3o junto aos movimentos sociais na busca por justi\u00e7a clim\u00e1tica. Mais de 500 organiza\u00e7\u00f5es assinam a Carta Pol\u00edtica da C\u00fapula, incluindo o Movimento dos Trabalhadores Rurais Sem Terra (MST), a Articula\u00e7\u00e3o Nacional de Agroecologia (ANA-Amaz\u00f4nia), a Confedera\u00e7\u00e3o das Organiza\u00e7\u00f5es Ind\u00edgenas da Amaz\u00f4nia Brasileira (COIAB), a Articula\u00e7\u00e3o dos Povos Ind\u00edgenas do Brasil (APIB), a Central \u00danica dos Trabalhadores (CUT), a Via Campesina, a Confedera\u00e7\u00e3o Sindical das Am\u00e9ricas (TUCA-CSA), entre outras.<\/p>\n\n\n\n<p>A Mobiliza\u00e7\u00e3o dos Povos pela Terra e pelo Clima participou desse processo com a presen\u00e7a de Eduardo Soares e Joana Menezes, articuladora do movimento, ao lado da Comiss\u00e3o Episcopal para a A\u00e7\u00e3o S\u00f3cio-Transformadora, da Comiss\u00e3o Episcopal para a Ecologia Integral e Minera\u00e7\u00e3o, e de organiza\u00e7\u00f5es como Jubileu Sul, CPT Nacional e C\u00e1ritas Brasileira.<\/p>\n\n\n\n<p>A COP30, que acontece em novembro em Bel\u00e9m (PA), ser\u00e1 um marco nas discuss\u00f5es clim\u00e1ticas, e a C\u00fapula dos Povos desempenhar\u00e1 um papel fundamental ao amplificar as vozes daqueles que mais sentem os impactos da crise clim\u00e1tica. &#8220;As enchentes que devastam cidades, a seca que destr\u00f3i rios e florestas, e as queimadas que tornam o ar irrespir\u00e1vel n\u00e3o s\u00e3o fen\u00f4menos isolados: s\u00e3o consequ\u00eancias de decis\u00f5es pol\u00edticas que priorizam o lucro sobre a vida&#8221;, ressaltou Eduardo Soares.<\/p>\n\n\n\n<p>Nesta semana, a C\u00fapula dos Povos d\u00e1 in\u00edcio a um calend\u00e1rio de lutas e \u00e0 constru\u00e7\u00e3o de uma estrat\u00e9gia unificada para pressionar por solu\u00e7\u00f5es reais para a crise clim\u00e1tica e a defesa dos territ\u00f3rios.<\/p>\n\n\n\n<p>Junte-se a essa mobiliza\u00e7\u00e3o! A luta pela justi\u00e7a clim\u00e1tica \u00e9 urgente, e cada voz fortalece o chamado por um futuro mais justo e sustent\u00e1vel.<\/p>\n\n\n\n<figure class=\"wp-block-gallery has-nested-images columns-default is-cropped wp-block-gallery-1 is-layout-flex wp-block-gallery-is-layout-flex\">\n<figure class=\"wp-block-image size-large\"><img fetchpriority=\"high\" decoding=\"async\" width=\"819\" height=\"1024\" data-id=\"15800\" src=\"https:\/\/repam.org.br\/cop30\/wp-content\/uploads\/2025\/02\/WhatsApp-Image-2025-02-05-at-11.35.13-1-819x1024.jpeg\" alt=\"\" class=\"wp-image-15800\" srcset=\"https:\/\/repam.org.br\/cop30\/wp-content\/uploads\/2025\/02\/WhatsApp-Image-2025-02-05-at-11.35.13-1-819x1024.jpeg 819w, https:\/\/repam.org.br\/cop30\/wp-content\/uploads\/2025\/02\/WhatsApp-Image-2025-02-05-at-11.35.13-1-240x300.jpeg 240w, https:\/\/repam.org.br\/cop30\/wp-content\/uploads\/2025\/02\/WhatsApp-Image-2025-02-05-at-11.35.13-1-768x960.jpeg 768w, https:\/\/repam.org.br\/cop30\/wp-content\/uploads\/2025\/02\/WhatsApp-Image-2025-02-05-at-11.35.13-1.jpeg 1080w\" sizes=\"(max-width: 819px) 100vw, 819px\" \/><\/figure>\n\n\n\n<figure class=\"wp-block-image size-large\"><img decoding=\"async\" width=\"819\" height=\"1024\" data-id=\"15801\" src=\"https:\/\/repam.org.br\/cop30\/wp-content\/uploads\/2025\/02\/WhatsApp-Image-2025-02-05-at-11.35.12-819x1024.jpeg\" alt=\"\" class=\"wp-image-15801\" srcset=\"https:\/\/repam.org.br\/cop30\/wp-content\/uploads\/2025\/02\/WhatsApp-Image-2025-02-05-at-11.35.12-819x1024.jpeg 819w, https:\/\/repam.org.br\/cop30\/wp-content\/uploads\/2025\/02\/WhatsApp-Image-2025-02-05-at-11.35.12-240x300.jpeg 240w, https:\/\/repam.org.br\/cop30\/wp-content\/uploads\/2025\/02\/WhatsApp-Image-2025-02-05-at-11.35.12-768x960.jpeg 768w, https:\/\/repam.org.br\/cop30\/wp-content\/uploads\/2025\/02\/WhatsApp-Image-2025-02-05-at-11.35.12.jpeg 1080w\" sizes=\"(max-width: 819px) 100vw, 819px\" \/><\/figure>\n\n\n\n<figure class=\"wp-block-image size-large\"><img decoding=\"async\" width=\"819\" height=\"1024\" data-id=\"15802\" src=\"https:\/\/repam.org.br\/cop30\/wp-content\/uploads\/2025\/02\/WhatsApp-Image-2025-02-05-at-11.35.13-819x1024.jpeg\" alt=\"\" class=\"wp-image-15802\" srcset=\"https:\/\/repam.org.br\/cop30\/wp-content\/uploads\/2025\/02\/WhatsApp-Image-2025-02-05-at-11.35.13-819x1024.jpeg 819w, https:\/\/repam.org.br\/cop30\/wp-content\/uploads\/2025\/02\/WhatsApp-Image-2025-02-05-at-11.35.13-240x300.jpeg 240w, https:\/\/repam.org.br\/cop30\/wp-content\/uploads\/2025\/02\/WhatsApp-Image-2025-02-05-at-11.35.13-768x960.jpeg 768w, https:\/\/repam.org.br\/cop30\/wp-content\/uploads\/2025\/02\/WhatsApp-Image-2025-02-05-at-11.35.13.jpeg 1080w\" sizes=\"(max-width: 819px) 100vw, 819px\" \/><\/figure>\n<\/figure>\n","protected":false},"excerpt":{"rendered":"<p>Nos dias 3 e 4 de fevereiro, o Rio de Janeiro recebeu a reuni\u00e3o do Grupo Operativo da C\u00fapula dos Povos, reunindo representantes de movimentos sociais, organiza\u00e7\u00f5es ind\u00edgenas e entidades internacionais da \u00c1frica, \u00c1sia, Am\u00e9rica e Europa. O encontro teve como objetivo tra\u00e7ar estrat\u00e9gias coletivas de mobiliza\u00e7\u00e3o, fortalecendo a incid\u00eancia global nas negocia\u00e7\u00f5es clim\u00e1ticas e engajando povos ind\u00edgenas, comunidades tradicionais e popula\u00e7\u00f5es afetadas por eventos extremos. Durante a reuni\u00e3o da Comiss\u00e3o Pol\u00edtica da C\u00fapula dos Povos rumo \u00e0 COP30, foi realizado um ato p\u00fablico na Cinel\u00e2ndia, no Rio de Janeiro, que reuniu organiza\u00e7\u00f5es da sociedade civil nacional, internacional e local. O evento serviu como espa\u00e7o para levantar den\u00fancias sobre quest\u00f5es como sa\u00fade, habita\u00e7\u00e3o e os impactos da crise clim\u00e1tica. &#8220;Esse momento, al\u00e9m de den\u00fancia, foi tamb\u00e9m um momento em que a sociedade civil apontou diversas solu\u00e7\u00f5es poss\u00edveis e necess\u00e1rias no enfrentamento \u00e0 crise clim\u00e1tica&#8221;, destacou Eduardo Soares, secret\u00e1rio da Mobiliza\u00e7\u00e3o dos Povos pela Terra e pelo Clima. A C\u00fapula dos Povos, que acontecer\u00e1 em Bel\u00e9m do Par\u00e1 entre os dias 12 e 16 de novembro, ser\u00e1 um espa\u00e7o essencial para debater alternativas e fortalecer a resist\u00eancia dos povos frente \u00e0 crise clim\u00e1tica. &#8220;Dentro das v\u00e1rias defini\u00e7\u00f5es, ficou acertado que a C\u00fapula dos Povos acontece dentro do per\u00edodo da COP30, garantindo que as vozes dos povos ind\u00edgenas, comunidades tradicionais e popula\u00e7\u00f5es afetadas sejam ouvidas no debate clim\u00e1tico global&#8221;, afirmou Eduardo Soares. A Rede Eclesial Pan-Amaz\u00f4nica (REPAM Brasil), por meio da Mobiliza\u00e7\u00e3o dos Povos pela Terra e pelo Clima, soma-se a essa constru\u00e7\u00e3o, fortalecendo a articula\u00e7\u00e3o junto aos movimentos sociais na busca por justi\u00e7a clim\u00e1tica. Mais de 500 organiza\u00e7\u00f5es assinam a Carta Pol\u00edtica da C\u00fapula, incluindo o Movimento dos Trabalhadores Rurais Sem Terra (MST), a Articula\u00e7\u00e3o Nacional de Agroecologia (ANA-Amaz\u00f4nia), a Confedera\u00e7\u00e3o das Organiza\u00e7\u00f5es Ind\u00edgenas da Amaz\u00f4nia Brasileira (COIAB), a Articula\u00e7\u00e3o dos Povos Ind\u00edgenas do Brasil (APIB), a Central \u00danica dos Trabalhadores (CUT), a Via Campesina, a Confedera\u00e7\u00e3o Sindical das Am\u00e9ricas (TUCA-CSA), entre outras. A Mobiliza\u00e7\u00e3o dos Povos pela Terra e pelo Clima participou desse processo com a presen\u00e7a de Eduardo Soares e Joana Menezes, articuladora do movimento, ao lado da Comiss\u00e3o Episcopal para a A\u00e7\u00e3o S\u00f3cio-Transformadora, da Comiss\u00e3o Episcopal para a Ecologia Integral e Minera\u00e7\u00e3o, e de organiza\u00e7\u00f5es como Jubileu Sul, CPT Nacional e C\u00e1ritas Brasileira. A COP30, que acontece em novembro em Bel\u00e9m (PA), ser\u00e1 um marco nas discuss\u00f5es clim\u00e1ticas, e a C\u00fapula dos Povos desempenhar\u00e1 um papel fundamental ao amplificar as vozes daqueles que mais sentem os impactos da crise clim\u00e1tica. &#8220;As enchentes que devastam cidades, a seca que destr\u00f3i rios e florestas, e as queimadas que tornam o ar irrespir\u00e1vel n\u00e3o s\u00e3o fen\u00f4menos isolados: s\u00e3o consequ\u00eancias de decis\u00f5es pol\u00edticas que priorizam o lucro sobre a vida&#8221;, ressaltou Eduardo Soares. Nesta semana, a C\u00fapula dos Povos d\u00e1 in\u00edcio a um calend\u00e1rio de lutas e \u00e0 constru\u00e7\u00e3o de uma estrat\u00e9gia unificada para pressionar por solu\u00e7\u00f5es reais para a crise clim\u00e1tica e a defesa dos territ\u00f3rios. Junte-se a essa mobiliza\u00e7\u00e3o! A luta pela justi\u00e7a clim\u00e1tica \u00e9 urgente, e cada voz fortalece o chamado por um futuro mais justo e sustent\u00e1vel.<\/p>\n","protected":false},"author":3,"featured_media":15803,"comment_status":"closed","ping_status":"open","sticky":false,"template":"","format":"standard","meta":{"footnotes":""},"categories":[5],"tags":[],"class_list":["post-15798","post","type-post","status-publish","format-standard","has-post-thumbnail","hentry","category-noticias"],"rttpg_featured_image_url":{"full":["https:\/\/repam.org.br\/cop30\/wp-content\/uploads\/2025\/02\/WhatsApp-Image-2025-02-05-at-11.35.14.jpeg",1080,1350,false],"landscape":["https:\/\/repam.org.br\/cop30\/wp-content\/uploads\/2025\/02\/WhatsApp-Image-2025-02-05-at-11.35.14.jpeg",1080,1350,false],"portraits":["https:\/\/repam.org.br\/cop30\/wp-content\/uploads\/2025\/02\/WhatsApp-Image-2025-02-05-at-11.35.14.jpeg",1080,1350,false],"thumbnail":["https:\/\/repam.org.br\/cop30\/wp-content\/uploads\/2025\/02\/WhatsApp-Image-2025-02-05-at-11.35.14-150x150.jpeg",150,150,true],"medium":["https:\/\/repam.org.br\/cop30\/wp-content\/uploads\/2025\/02\/WhatsApp-Image-2025-02-05-at-11.35.14-240x300.jpeg",240,300,true],"large":["https:\/\/repam.org.br\/cop30\/wp-content\/uploads\/2025\/02\/WhatsApp-Image-2025-02-05-at-11.35.14-819x1024.jpeg",800,1000,true],"1536x1536":["https:\/\/repam.org.br\/cop30\/wp-content\/uploads\/2025\/02\/WhatsApp-Image-2025-02-05-at-11.35.14.jpeg",1080,1350,false],"2048x2048":["https:\/\/repam.org.br\/cop30\/wp-content\/uploads\/2025\/02\/WhatsApp-Image-2025-02-05-at-11.35.14.jpeg",1080,1350,false]},"rttpg_author":{"display_name":"Comunica\u00e7\u00e3o Cop30","author_link":"https:\/\/repam.org.br\/cop30\/author\/comunicacaocop30\/"},"rttpg_comment":0,"rttpg_category":"<a href=\"https:\/\/repam.org.br\/cop30\/category\/noticias\/\" rel=\"category tag\">Not\u00edcias<\/a>","rttpg_excerpt":"Nos dias 3 e 4 de fevereiro, o Rio de Janeiro recebeu a reuni\u00e3o do Grupo Operativo da C\u00fapula dos Povos, reunindo representantes de movimentos sociais, organiza\u00e7\u00f5es ind\u00edgenas e entidades internacionais da \u00c1frica, \u00c1sia, Am\u00e9rica e Europa. O encontro teve como objetivo tra\u00e7ar estrat\u00e9gias coletivas de mobiliza\u00e7\u00e3o, fortalecendo a incid\u00eancia global nas negocia\u00e7\u00f5es clim\u00e1ticas e&hellip;","_links":{"self":[{"href":"https:\/\/repam.org.br\/cop30\/wp-json\/wp\/v2\/posts\/15798","targetHints":{"allow":["GET"]}}],"collection":[{"href":"https:\/\/repam.org.br\/cop30\/wp-json\/wp\/v2\/posts"}],"about":[{"href":"https:\/\/repam.org.br\/cop30\/wp-json\/wp\/v2\/types\/post"}],"author":[{"embeddable":true,"href":"https:\/\/repam.org.br\/cop30\/wp-json\/wp\/v2\/users\/3"}],"replies":[{"embeddable":true,"href":"https:\/\/repam.org.br\/cop30\/wp-json\/wp\/v2\/comments?post=15798"}],"version-history":[{"count":4,"href":"https:\/\/repam.org.br\/cop30\/wp-json\/wp\/v2\/posts\/15798\/revisions"}],"predecessor-version":[{"id":15824,"href":"https:\/\/repam.org.br\/cop30\/wp-json\/wp\/v2\/posts\/15798\/revisions\/15824"}],"wp:featuredmedia":[{"embeddable":true,"href":"https:\/\/repam.org.br\/cop30\/wp-json\/wp\/v2\/media\/15803"}],"wp:attachment":[{"href":"https:\/\/repam.org.br\/cop30\/wp-json\/wp\/v2\/media?parent=15798"}],"wp:term":[{"taxonomy":"category","embeddable":true,"href":"https:\/\/repam.org.br\/cop30\/wp-json\/wp\/v2\/categories?post=15798"},{"taxonomy":"post_tag","embeddable":true,"href":"https:\/\/repam.org.br\/cop30\/wp-json\/wp\/v2\/tags?post=15798"}],"curies":[{"name":"wp","href":"https:\/\/api.w.org\/{rel}","templated":true}]}}