{"id":15808,"date":"2025-02-05T12:55:20","date_gmt":"2025-02-05T15:55:20","guid":{"rendered":"https:\/\/repam.org.br\/cop30\/?p=15808"},"modified":"2025-02-05T15:49:53","modified_gmt":"2025-02-05T18:49:53","slug":"ato-politico-cultural-cupula-dos-povos-rumo-a-cop30-fortalecendo-vozes-por-justica-climatica","status":"publish","type":"post","link":"https:\/\/repam.org.br\/cop30\/ato-politico-cultural-cupula-dos-povos-rumo-a-cop30-fortalecendo-vozes-por-justica-climatica\/","title":{"rendered":"Ato Pol\u00edtico- Cultural C\u00fapula dos Povos Rumo \u00e0 COP30: Fortalecendo Voze\u200bs\u200b por Justi\u00e7a Clim\u00e1tica"},"content":{"rendered":"\n<p>O Ato Pol\u00edtico- Cultural promovido pela C\u00fapula dos Povos foi um marco de uni\u00e3o e resili\u00eancia nesta ter\u00e7a-feira (4). Reunindo movimentos sociais, artistas e representantes de organiza\u00e7\u00f5es internacionais, o evento simb\u00f3lico destacou as lutas incans\u00e1veis pela justi\u00e7a clim\u00e1tica.<\/p>\n\n\n\n<p>No ato realizado na Cinel\u00e2ndia, Eduardo Soares, secret\u00e1rio da Mobiliza\u00e7\u00e3o dos Povos pela Terra e pelo Clima, destacou: &#8220;O ato que aconteceu na Cinel\u00e2ndia foi um momento em que a gente trouxe uma s\u00e9rie de quest\u00f5es relacionadas a den\u00fancias sobre sa\u00fade, sobre a quest\u00e3o de habita\u00e7\u00e3o e tantas outras que tamb\u00e9m t\u00eam impactado na crise clim\u00e1tica.&#8221; Ele ressaltou a import\u00e2ncia do evento, que reuniu diversas lideran\u00e7as de organiza\u00e7\u00f5es nacionais e internacionais para discutir as quest\u00f5es pol\u00edticas, organizacionais e log\u00edsticas da C\u00fapula dos Povos, marcada para novembro.<\/p>\n\n\n\n<p>Parte da agenda din\u00e2mica da C\u00fapula dos Povos, o evento evoca o esp\u00edrito das grandes mobiliza\u00e7\u00f5es c\u00edvicas brasileiras como a Rio 92 e a Rio+20, ampliando o papel central das comunidades na agenda clim\u00e1tica global.<\/p>\n\n\n\n<p>Nos dias 3 e 4, o Rio de Janeiro hospedou tamb\u00e9m a reuni\u00e3o do grupo operativo da C\u00fapula dos Povos, onde representantes de movimentos de todos os continentes discutiram estrat\u00e9gias para influenciar as negocia\u00e7\u00f5es clim\u00e1ticas rumo \u00e0 COP30.<\/p>\n\n\n\n<p>A ades\u00e3o de mais de 500 organiza\u00e7\u00f5es \u00e0 carta pol\u00edtica da C\u00fapula, incluindo nomes como a REPAM, MST, ANA-Amaz\u00f4nia, COIAB, APIB, CUT, Via Campesina, TUCA-CSA e muitas outras, sublinha o compromisso coletivo com um futuro sustent\u00e1vel e justo.<\/p>\n\n\n\n<p>Al\u00e9m da Mobiliza\u00e7\u00e3o dos Povos Pela Terra e Pelo Clima, participaram tamb\u00e9m a Comiss\u00e3o Episcopal para A\u00e7\u00e3o Sociotransformadora, a Comiss\u00e3o Episcopal para Ecologia Integral e Minera\u00e7\u00e3o, al\u00e9m das organiza\u00e7\u00f5es Jubileu Sul, CPT Nacional e Caritas Brasileira, fortalecendo ainda mais os la\u00e7os de solidariedade e coopera\u00e7\u00e3o.<\/p>\n\n\n\n<p>Este evento n\u00e3o apenas celebra, mas tamb\u00e9m impulsiona a a\u00e7\u00e3o concreta em dire\u00e7\u00e3o a um mundo mais equitativo e sustent\u00e1vel, onde cada voz importa e cada a\u00e7\u00e3o conta.<\/p>\n\n\n\n<figure class=\"wp-block-gallery has-nested-images columns-default is-cropped wp-block-gallery-1 is-layout-flex wp-block-gallery-is-layout-flex\">\n<figure class=\"wp-block-image size-large\"><img fetchpriority=\"high\" decoding=\"async\" width=\"819\" height=\"1024\" data-id=\"15810\" src=\"https:\/\/repam.org.br\/cop30\/wp-content\/uploads\/2025\/02\/WhatsApp-Image-2025-02-05-at-12.16.37-1-819x1024.jpeg\" alt=\"\" class=\"wp-image-15810\" srcset=\"https:\/\/repam.org.br\/cop30\/wp-content\/uploads\/2025\/02\/WhatsApp-Image-2025-02-05-at-12.16.37-1-819x1024.jpeg 819w, https:\/\/repam.org.br\/cop30\/wp-content\/uploads\/2025\/02\/WhatsApp-Image-2025-02-05-at-12.16.37-1-240x300.jpeg 240w, https:\/\/repam.org.br\/cop30\/wp-content\/uploads\/2025\/02\/WhatsApp-Image-2025-02-05-at-12.16.37-1-768x960.jpeg 768w, https:\/\/repam.org.br\/cop30\/wp-content\/uploads\/2025\/02\/WhatsApp-Image-2025-02-05-at-12.16.37-1-1229x1536.jpeg 1229w, https:\/\/repam.org.br\/cop30\/wp-content\/uploads\/2025\/02\/WhatsApp-Image-2025-02-05-at-12.16.37-1.jpeg 1280w\" sizes=\"(max-width: 819px) 100vw, 819px\" \/><\/figure>\n\n\n\n<figure class=\"wp-block-image size-large\"><img decoding=\"async\" width=\"819\" height=\"1024\" data-id=\"15809\" src=\"https:\/\/repam.org.br\/cop30\/wp-content\/uploads\/2025\/02\/WhatsApp-Image-2025-02-05-at-12.16.39-819x1024.jpeg\" alt=\"\" class=\"wp-image-15809\" srcset=\"https:\/\/repam.org.br\/cop30\/wp-content\/uploads\/2025\/02\/WhatsApp-Image-2025-02-05-at-12.16.39-819x1024.jpeg 819w, https:\/\/repam.org.br\/cop30\/wp-content\/uploads\/2025\/02\/WhatsApp-Image-2025-02-05-at-12.16.39-240x300.jpeg 240w, https:\/\/repam.org.br\/cop30\/wp-content\/uploads\/2025\/02\/WhatsApp-Image-2025-02-05-at-12.16.39-768x960.jpeg 768w, https:\/\/repam.org.br\/cop30\/wp-content\/uploads\/2025\/02\/WhatsApp-Image-2025-02-05-at-12.16.39.jpeg 1024w\" sizes=\"(max-width: 819px) 100vw, 819px\" \/><\/figure>\n\n\n\n<figure class=\"wp-block-image size-large\"><img decoding=\"async\" width=\"819\" height=\"1024\" data-id=\"15811\" src=\"https:\/\/repam.org.br\/cop30\/wp-content\/uploads\/2025\/02\/WhatsApp-Image-2025-02-05-at-12.16.38-819x1024.jpeg\" alt=\"\" class=\"wp-image-15811\" srcset=\"https:\/\/repam.org.br\/cop30\/wp-content\/uploads\/2025\/02\/WhatsApp-Image-2025-02-05-at-12.16.38-819x1024.jpeg 819w, https:\/\/repam.org.br\/cop30\/wp-content\/uploads\/2025\/02\/WhatsApp-Image-2025-02-05-at-12.16.38-240x300.jpeg 240w, https:\/\/repam.org.br\/cop30\/wp-content\/uploads\/2025\/02\/WhatsApp-Image-2025-02-05-at-12.16.38-768x960.jpeg 768w, https:\/\/repam.org.br\/cop30\/wp-content\/uploads\/2025\/02\/WhatsApp-Image-2025-02-05-at-12.16.38-1229x1536.jpeg 1229w, https:\/\/repam.org.br\/cop30\/wp-content\/uploads\/2025\/02\/WhatsApp-Image-2025-02-05-at-12.16.38.jpeg 1280w\" sizes=\"(max-width: 819px) 100vw, 819px\" \/><\/figure>\n<\/figure>\n","protected":false},"excerpt":{"rendered":"<p>O Ato Pol\u00edtico- Cultural promovido pela C\u00fapula dos Povos foi um marco de uni\u00e3o e resili\u00eancia nesta ter\u00e7a-feira (4). Reunindo movimentos sociais, artistas e representantes de organiza\u00e7\u00f5es internacionais, o evento simb\u00f3lico destacou as lutas incans\u00e1veis pela justi\u00e7a clim\u00e1tica. No ato realizado na Cinel\u00e2ndia, Eduardo Soares, secret\u00e1rio da Mobiliza\u00e7\u00e3o dos Povos pela Terra e pelo Clima, destacou: &#8220;O ato que aconteceu na Cinel\u00e2ndia foi um momento em que a gente trouxe uma s\u00e9rie de quest\u00f5es relacionadas a den\u00fancias sobre sa\u00fade, sobre a quest\u00e3o de habita\u00e7\u00e3o e tantas outras que tamb\u00e9m t\u00eam impactado na crise clim\u00e1tica.&#8221; Ele ressaltou a import\u00e2ncia do evento, que reuniu diversas lideran\u00e7as de organiza\u00e7\u00f5es nacionais e internacionais para discutir as quest\u00f5es pol\u00edticas, organizacionais e log\u00edsticas da C\u00fapula dos Povos, marcada para novembro. Parte da agenda din\u00e2mica da C\u00fapula dos Povos, o evento evoca o esp\u00edrito das grandes mobiliza\u00e7\u00f5es c\u00edvicas brasileiras como a Rio 92 e a Rio+20, ampliando o papel central das comunidades na agenda clim\u00e1tica global. Nos dias 3 e 4, o Rio de Janeiro hospedou tamb\u00e9m a reuni\u00e3o do grupo operativo da C\u00fapula dos Povos, onde representantes de movimentos de todos os continentes discutiram estrat\u00e9gias para influenciar as negocia\u00e7\u00f5es clim\u00e1ticas rumo \u00e0 COP30. A ades\u00e3o de mais de 500 organiza\u00e7\u00f5es \u00e0 carta pol\u00edtica da C\u00fapula, incluindo nomes como a REPAM, MST, ANA-Amaz\u00f4nia, COIAB, APIB, CUT, Via Campesina, TUCA-CSA e muitas outras, sublinha o compromisso coletivo com um futuro sustent\u00e1vel e justo. Al\u00e9m da Mobiliza\u00e7\u00e3o dos Povos Pela Terra e Pelo Clima, participaram tamb\u00e9m a Comiss\u00e3o Episcopal para A\u00e7\u00e3o Sociotransformadora, a Comiss\u00e3o Episcopal para Ecologia Integral e Minera\u00e7\u00e3o, al\u00e9m das organiza\u00e7\u00f5es Jubileu Sul, CPT Nacional e Caritas Brasileira, fortalecendo ainda mais os la\u00e7os de solidariedade e coopera\u00e7\u00e3o. Este evento n\u00e3o apenas celebra, mas tamb\u00e9m impulsiona a a\u00e7\u00e3o concreta em dire\u00e7\u00e3o a um mundo mais equitativo e sustent\u00e1vel, onde cada voz importa e cada a\u00e7\u00e3o conta.<\/p>\n","protected":false},"author":3,"featured_media":15799,"comment_status":"closed","ping_status":"open","sticky":false,"template":"","format":"standard","meta":{"footnotes":""},"categories":[5],"tags":[],"class_list":["post-15808","post","type-post","status-publish","format-standard","has-post-thumbnail","hentry","category-noticias"],"rttpg_featured_image_url":{"full":["https:\/\/repam.org.br\/cop30\/wp-content\/uploads\/2025\/02\/WhatsApp-Image-2025-02-05-at-12.16.37.jpeg",1600,900,false],"landscape":["https:\/\/repam.org.br\/cop30\/wp-content\/uploads\/2025\/02\/WhatsApp-Image-2025-02-05-at-12.16.37.jpeg",1600,900,false],"portraits":["https:\/\/repam.org.br\/cop30\/wp-content\/uploads\/2025\/02\/WhatsApp-Image-2025-02-05-at-12.16.37.jpeg",1600,900,false],"thumbnail":["https:\/\/repam.org.br\/cop30\/wp-content\/uploads\/2025\/02\/WhatsApp-Image-2025-02-05-at-12.16.37-150x150.jpeg",150,150,true],"medium":["https:\/\/repam.org.br\/cop30\/wp-content\/uploads\/2025\/02\/WhatsApp-Image-2025-02-05-at-12.16.37-300x169.jpeg",300,169,true],"large":["https:\/\/repam.org.br\/cop30\/wp-content\/uploads\/2025\/02\/WhatsApp-Image-2025-02-05-at-12.16.37-1024x576.jpeg",800,450,true],"1536x1536":["https:\/\/repam.org.br\/cop30\/wp-content\/uploads\/2025\/02\/WhatsApp-Image-2025-02-05-at-12.16.37-1536x864.jpeg",1536,864,true],"2048x2048":["https:\/\/repam.org.br\/cop30\/wp-content\/uploads\/2025\/02\/WhatsApp-Image-2025-02-05-at-12.16.37.jpeg",1600,900,false]},"rttpg_author":{"display_name":"Comunica\u00e7\u00e3o Cop30","author_link":"https:\/\/repam.org.br\/cop30\/author\/comunicacaocop30\/"},"rttpg_comment":0,"rttpg_category":"<a href=\"https:\/\/repam.org.br\/cop30\/category\/noticias\/\" rel=\"category tag\">Not\u00edcias<\/a>","rttpg_excerpt":"O Ato Pol\u00edtico- Cultural promovido pela C\u00fapula dos Povos foi um marco de uni\u00e3o e resili\u00eancia nesta ter\u00e7a-feira (4). Reunindo movimentos sociais, artistas e representantes de organiza\u00e7\u00f5es internacionais, o evento simb\u00f3lico destacou as lutas incans\u00e1veis pela justi\u00e7a clim\u00e1tica. No ato realizado na Cinel\u00e2ndia, Eduardo Soares, secret\u00e1rio da Mobiliza\u00e7\u00e3o dos Povos pela Terra e pelo Clima,&hellip;","_links":{"self":[{"href":"https:\/\/repam.org.br\/cop30\/wp-json\/wp\/v2\/posts\/15808","targetHints":{"allow":["GET"]}}],"collection":[{"href":"https:\/\/repam.org.br\/cop30\/wp-json\/wp\/v2\/posts"}],"about":[{"href":"https:\/\/repam.org.br\/cop30\/wp-json\/wp\/v2\/types\/post"}],"author":[{"embeddable":true,"href":"https:\/\/repam.org.br\/cop30\/wp-json\/wp\/v2\/users\/3"}],"replies":[{"embeddable":true,"href":"https:\/\/repam.org.br\/cop30\/wp-json\/wp\/v2\/comments?post=15808"}],"version-history":[{"count":2,"href":"https:\/\/repam.org.br\/cop30\/wp-json\/wp\/v2\/posts\/15808\/revisions"}],"predecessor-version":[{"id":15826,"href":"https:\/\/repam.org.br\/cop30\/wp-json\/wp\/v2\/posts\/15808\/revisions\/15826"}],"wp:featuredmedia":[{"embeddable":true,"href":"https:\/\/repam.org.br\/cop30\/wp-json\/wp\/v2\/media\/15799"}],"wp:attachment":[{"href":"https:\/\/repam.org.br\/cop30\/wp-json\/wp\/v2\/media?parent=15808"}],"wp:term":[{"taxonomy":"category","embeddable":true,"href":"https:\/\/repam.org.br\/cop30\/wp-json\/wp\/v2\/categories?post=15808"},{"taxonomy":"post_tag","embeddable":true,"href":"https:\/\/repam.org.br\/cop30\/wp-json\/wp\/v2\/tags?post=15808"}],"curies":[{"name":"wp","href":"https:\/\/api.w.org\/{rel}","templated":true}]}}