{"id":15838,"date":"2025-02-10T17:38:46","date_gmt":"2025-02-10T20:38:46","guid":{"rendered":"https:\/\/repam.org.br\/cop30\/?p=15838"},"modified":"2025-02-10T18:13:23","modified_gmt":"2025-02-10T21:13:23","slug":"assembleia-da-resistencia-fortalece-a-luta-pela-educacao-e-pelos-territorios-tradicionais-na-amazonia","status":"publish","type":"post","link":"https:\/\/repam.org.br\/cop30\/assembleia-da-resistencia-fortalece-a-luta-pela-educacao-e-pelos-territorios-tradicionais-na-amazonia\/","title":{"rendered":"Assembleia da Resist\u00eancia fortalece a luta pela educa\u00e7\u00e3o e pelos territ\u00f3rios tradicionais na Amaz\u00f4nia"},"content":{"rendered":"\n<p>Aconteceu hoje (10), a Assembleia da Resist\u00eancia, realizada no Audit\u00f3rio da Secretaria de Educa\u00e7\u00e3o do Estado do Par\u00e1 (Seduc), a Mobiliza\u00e7\u00e3o dos Povos pela Terra e pelo Clima marcou presen\u00e7a, destacando o papel crucial dos povos ind\u00edgenas e quilombolas na defesa da educa\u00e7\u00e3o p\u00fablica. O evento reuniu lideran\u00e7as femininas ind\u00edgenas, representantes da COP do Povo e da C\u00fapula dos Povos, al\u00e9m de diversas organiza\u00e7\u00f5es da sociedade civil.<\/p>\n\n\n\n<p>Representado por Joana Menezes, articuladora do movimento, o encontro foi um momento de fortalecimento da resist\u00eancia e alinhamento pol\u00edtico. Mulheres ind\u00edgenas, quilombolas, professoras e membros da sociedade civil uniram suas vozes para reivindicar direitos e denunciar o desmonte da educa\u00e7\u00e3o nas modalidades SOMEI e SOME, destacando a import\u00e2ncia do protagonismo feminino na luta contra a Lei 10.820\/2024.<\/p>\n\n\n\n<p>&#8220;A assembleia foi um marco na nossa jornada pela justi\u00e7a e reconhecimento. Cada palavra ecoada refletiu nossa determina\u00e7\u00e3o em construir um futuro onde nossas vozes sejam ouvidas e nossos direitos respeitados&#8221;, afirmou Joana Menezes.<\/p>\n\n\n\n<figure class=\"wp-block-gallery has-nested-images columns-default is-cropped wp-block-gallery-1 is-layout-flex wp-block-gallery-is-layout-flex\">\n<figure class=\"wp-block-image size-large\"><img fetchpriority=\"high\" decoding=\"async\" width=\"1024\" height=\"768\" data-id=\"15840\" src=\"https:\/\/repam.org.br\/cop30\/wp-content\/uploads\/2025\/02\/WhatsApp-Image-2025-02-10-at-17.05.15-1024x768.jpeg\" alt=\"\" class=\"wp-image-15840\" srcset=\"https:\/\/repam.org.br\/cop30\/wp-content\/uploads\/2025\/02\/WhatsApp-Image-2025-02-10-at-17.05.15-1024x768.jpeg 1024w, https:\/\/repam.org.br\/cop30\/wp-content\/uploads\/2025\/02\/WhatsApp-Image-2025-02-10-at-17.05.15-300x225.jpeg 300w, https:\/\/repam.org.br\/cop30\/wp-content\/uploads\/2025\/02\/WhatsApp-Image-2025-02-10-at-17.05.15-768x576.jpeg 768w, https:\/\/repam.org.br\/cop30\/wp-content\/uploads\/2025\/02\/WhatsApp-Image-2025-02-10-at-17.05.15-1536x1152.jpeg 1536w, https:\/\/repam.org.br\/cop30\/wp-content\/uploads\/2025\/02\/WhatsApp-Image-2025-02-10-at-17.05.15-2048x1536.jpeg 2048w\" sizes=\"(max-width: 1024px) 100vw, 1024px\" \/><\/figure>\n<\/figure>\n\n\n\n<p>O evento enfatizou a necessidade urgente de pol\u00edticas p\u00fablicas que valorizem a diversidade cultural e promovam a educa\u00e7\u00e3o inclusiva e acess\u00edvel para todos os paraenses. A Mobiliza\u00e7\u00e3o dos Povos pela Terra e pelo Clima reitera seu compromisso com a constru\u00e7\u00e3o coletiva das lutas na Amaz\u00f4nia, reafirmando seu papel fundamental na defesa dos territ\u00f3rios tradicionais e na educa\u00e7\u00e3o de qualidade.<\/p>\n","protected":false},"excerpt":{"rendered":"<p>Aconteceu hoje (10), a Assembleia da Resist\u00eancia, realizada no Audit\u00f3rio da Secretaria de Educa\u00e7\u00e3o do Estado do Par\u00e1 (Seduc), a Mobiliza\u00e7\u00e3o dos Povos pela Terra e pelo Clima marcou presen\u00e7a, destacando o papel crucial dos povos ind\u00edgenas e quilombolas na defesa da educa\u00e7\u00e3o p\u00fablica. O evento reuniu lideran\u00e7as femininas ind\u00edgenas, representantes da COP do Povo e da C\u00fapula dos Povos, al\u00e9m de diversas organiza\u00e7\u00f5es da sociedade civil. Representado por Joana Menezes, articuladora do movimento, o encontro foi um momento de fortalecimento da resist\u00eancia e alinhamento pol\u00edtico. Mulheres ind\u00edgenas, quilombolas, professoras e membros da sociedade civil uniram suas vozes para reivindicar direitos e denunciar o desmonte da educa\u00e7\u00e3o nas modalidades SOMEI e SOME, destacando a import\u00e2ncia do protagonismo feminino na luta contra a Lei 10.820\/2024. &#8220;A assembleia foi um marco na nossa jornada pela justi\u00e7a e reconhecimento. Cada palavra ecoada refletiu nossa determina\u00e7\u00e3o em construir um futuro onde nossas vozes sejam ouvidas e nossos direitos respeitados&#8221;, afirmou Joana Menezes. O evento enfatizou a necessidade urgente de pol\u00edticas p\u00fablicas que valorizem a diversidade cultural e promovam a educa\u00e7\u00e3o inclusiva e acess\u00edvel para todos os paraenses. A Mobiliza\u00e7\u00e3o dos Povos pela Terra e pelo Clima reitera seu compromisso com a constru\u00e7\u00e3o coletiva das lutas na Amaz\u00f4nia, reafirmando seu papel fundamental na defesa dos territ\u00f3rios tradicionais e na educa\u00e7\u00e3o de qualidade.<\/p>\n","protected":false},"author":3,"featured_media":15839,"comment_status":"closed","ping_status":"open","sticky":false,"template":"","format":"standard","meta":{"footnotes":""},"categories":[5],"tags":[],"class_list":["post-15838","post","type-post","status-publish","format-standard","has-post-thumbnail","hentry","category-noticias"],"rttpg_featured_image_url":{"full":["https:\/\/repam.org.br\/cop30\/wp-content\/uploads\/2025\/02\/WhatsApp-Image-2025-02-10-at-17.05.16-scaled.jpeg",2560,1920,false],"landscape":["https:\/\/repam.org.br\/cop30\/wp-content\/uploads\/2025\/02\/WhatsApp-Image-2025-02-10-at-17.05.16-scaled.jpeg",2560,1920,false],"portraits":["https:\/\/repam.org.br\/cop30\/wp-content\/uploads\/2025\/02\/WhatsApp-Image-2025-02-10-at-17.05.16-scaled.jpeg",2560,1920,false],"thumbnail":["https:\/\/repam.org.br\/cop30\/wp-content\/uploads\/2025\/02\/WhatsApp-Image-2025-02-10-at-17.05.16-150x150.jpeg",150,150,true],"medium":["https:\/\/repam.org.br\/cop30\/wp-content\/uploads\/2025\/02\/WhatsApp-Image-2025-02-10-at-17.05.16-300x225.jpeg",300,225,true],"large":["https:\/\/repam.org.br\/cop30\/wp-content\/uploads\/2025\/02\/WhatsApp-Image-2025-02-10-at-17.05.16-1024x768.jpeg",800,600,true],"1536x1536":["https:\/\/repam.org.br\/cop30\/wp-content\/uploads\/2025\/02\/WhatsApp-Image-2025-02-10-at-17.05.16-1536x1152.jpeg",1536,1152,true],"2048x2048":["https:\/\/repam.org.br\/cop30\/wp-content\/uploads\/2025\/02\/WhatsApp-Image-2025-02-10-at-17.05.16-2048x1536.jpeg",2048,1536,true]},"rttpg_author":{"display_name":"Comunica\u00e7\u00e3o Cop30","author_link":"https:\/\/repam.org.br\/cop30\/author\/comunicacaocop30\/"},"rttpg_comment":0,"rttpg_category":"<a href=\"https:\/\/repam.org.br\/cop30\/category\/noticias\/\" rel=\"category tag\">Not\u00edcias<\/a>","rttpg_excerpt":"Aconteceu hoje (10), a Assembleia da Resist\u00eancia, realizada no Audit\u00f3rio da Secretaria de Educa\u00e7\u00e3o do Estado do Par\u00e1 (Seduc), a Mobiliza\u00e7\u00e3o dos Povos pela Terra e pelo Clima marcou presen\u00e7a, destacando o papel crucial dos povos ind\u00edgenas e quilombolas na defesa da educa\u00e7\u00e3o p\u00fablica. O evento reuniu lideran\u00e7as femininas ind\u00edgenas, representantes da COP do Povo&hellip;","_links":{"self":[{"href":"https:\/\/repam.org.br\/cop30\/wp-json\/wp\/v2\/posts\/15838","targetHints":{"allow":["GET"]}}],"collection":[{"href":"https:\/\/repam.org.br\/cop30\/wp-json\/wp\/v2\/posts"}],"about":[{"href":"https:\/\/repam.org.br\/cop30\/wp-json\/wp\/v2\/types\/post"}],"author":[{"embeddable":true,"href":"https:\/\/repam.org.br\/cop30\/wp-json\/wp\/v2\/users\/3"}],"replies":[{"embeddable":true,"href":"https:\/\/repam.org.br\/cop30\/wp-json\/wp\/v2\/comments?post=15838"}],"version-history":[{"count":2,"href":"https:\/\/repam.org.br\/cop30\/wp-json\/wp\/v2\/posts\/15838\/revisions"}],"predecessor-version":[{"id":15843,"href":"https:\/\/repam.org.br\/cop30\/wp-json\/wp\/v2\/posts\/15838\/revisions\/15843"}],"wp:featuredmedia":[{"embeddable":true,"href":"https:\/\/repam.org.br\/cop30\/wp-json\/wp\/v2\/media\/15839"}],"wp:attachment":[{"href":"https:\/\/repam.org.br\/cop30\/wp-json\/wp\/v2\/media?parent=15838"}],"wp:term":[{"taxonomy":"category","embeddable":true,"href":"https:\/\/repam.org.br\/cop30\/wp-json\/wp\/v2\/categories?post=15838"},{"taxonomy":"post_tag","embeddable":true,"href":"https:\/\/repam.org.br\/cop30\/wp-json\/wp\/v2\/tags?post=15838"}],"curies":[{"name":"wp","href":"https:\/\/api.w.org\/{rel}","templated":true}]}}