{"id":15844,"date":"2025-02-13T15:37:11","date_gmt":"2025-02-13T18:37:11","guid":{"rendered":"https:\/\/repam.org.br\/cop30\/?p=15844"},"modified":"2025-02-13T15:58:01","modified_gmt":"2025-02-13T18:58:01","slug":"seminario-de-articulacao-de-movimentos-populares-e-mobilizacao-dos-povos-da-amazonia-rumo-a-cop-30","status":"publish","type":"post","link":"https:\/\/repam.org.br\/cop30\/seminario-de-articulacao-de-movimentos-populares-e-mobilizacao-dos-povos-da-amazonia-rumo-a-cop-30\/","title":{"rendered":"Semin\u00e1rio de Articula\u00e7\u00e3o de Movimentos Populares e Mobiliza\u00e7\u00e3o dos Povos da Amaz\u00f4nia rumo \u00e0 COP-30\u00a0"},"content":{"rendered":"\n<p>O semin\u00e1rio &#8220;Articula\u00e7\u00e3o de Movimentos Populares e Mobiliza\u00e7\u00e3o dos Povos da Amaz\u00f4nia rumo \u00e0 COP-30&#8221; emerge como um espa\u00e7o crucial de di\u00e1logo e reflex\u00e3o sobre a urg\u00eancia das quest\u00f5es clim\u00e1ticas e os impactos que afetam diretamente as comunidades da Amaz\u00f4nia. Em um momento de grandes desafios e transforma\u00e7\u00f5es, a mobiliza\u00e7\u00e3o visa fortalecer a identidade das comunidades tradicionais e das organiza\u00e7\u00f5es sociais que, desde o in\u00edcio, se uniram para reivindicar n\u00e3o apenas a preserva\u00e7\u00e3o ambiental, mas tamb\u00e9m o direito de ser ouvidas nas esferas de decis\u00e3o que moldam o futuro da regi\u00e3o.&nbsp;<\/p>\n\n\n\n<p>\u201cDesde a cria\u00e7\u00e3o do projeto, buscamos estabelecer uma identidade pr\u00f3pria que reflete as necessidades e as vozes dos povos da Amaz\u00f4nia\u201d, destaca Mayra Lima, comunicadora da Mobiliza\u00e7\u00e3o. O lan\u00e7amento da mobiliza\u00e7\u00e3o, realizado em maio do ano passado, foi um marco importante, reunindo l\u00edderes comunit\u00e1rios, representantes de organiza\u00e7\u00f5es sociais e a imprensa para dar visibilidade a essa articula\u00e7\u00e3o. \u201cFoi um momento significativo para refor\u00e7ar o poder de comunica\u00e7\u00e3o de movimentos populares, destacando a import\u00e2ncia de uma articula\u00e7\u00e3o independente, mas conectada \u00e0 Rede Eclesial Pan-Amaz\u00f4nica (REPAM), que trabalha em defesa da regi\u00e3o\u201d, completa.&nbsp;<\/p>\n\n\n\n<p>Nossa atua\u00e7\u00e3o se estende para al\u00e9m da comunica\u00e7\u00e3o, abrangendo o fortalecimento da rede de parceiros e o fortalecimento de a\u00e7\u00f5es coletivas nas regi\u00f5es da Amaz\u00f4nia. Participamos de importantes eventos como o Arraial da Fabulagem, as forma\u00e7\u00f5es regionais e a C\u00fapula dos Povos, onde continuamos a articular a\u00e7\u00f5es, construir estrat\u00e9gias e expressar as demandas de nossas comunidades.&nbsp;<\/p>\n\n\n\n<p>A mobiliza\u00e7\u00e3o tamb\u00e9m passa pela escuta atenta \u00e0s vozes dos territ\u00f3rios. Encontros como o &#8220;Encontro das \u00c1guas&#8221; e o &#8220;Encontro de Bacias&#8221; t\u00eam sido fundamentais para alinhar as quest\u00f5es clim\u00e1ticas com as realidades locais, refor\u00e7ando as den\u00fancias e as necessidades das comunidades diante de amea\u00e7as como o avan\u00e7o do agroneg\u00f3cio, a destrui\u00e7\u00e3o de territ\u00f3rios e a precariza\u00e7\u00e3o dos direitos.&nbsp;<\/p>\n\n\n\n<p>\u201cAo longo do processo, nosso foco tem sido democratizar o acesso \u00e0 informa\u00e7\u00e3o e promover a participa\u00e7\u00e3o das comunidades na defini\u00e7\u00e3o dos rumores de nossa luta. Realizamos forma\u00e7\u00f5es virtuais e presenciais, alcan\u00e7ando um p\u00fablico significativo e fortalecendo nossa rede de apoio e colabora\u00e7\u00e3o\u201d, ressaltou Joana Menezes, articuladora do movimento.&nbsp;<\/p>\n\n\n\n\n\n<p><strong>Converg\u00eancias e Inquieta\u00e7\u00f5es no Territ\u00f3rio da COP-30<\/strong>\u00a0<\/p>\n\n\n\n<p>Durante o semin\u00e1rio, al\u00e9m de apresentarmos os resultados das mobiliza\u00e7\u00f5es passadas, daremos destaque aos debates que surgiram em grupos sobre as inquieta\u00e7\u00f5es e converg\u00eancias atuais nos territ\u00f3rios que sediar\u00e3o a COP-30. Estes debates s\u00e3o fundamentais para entendermos as especificidades de cada regi\u00e3o e para desenvolvermos propostas alinhadas com a realidade local.&nbsp;<\/p>\n\n\n\n<p>As conversas nos grupos de trabalho visam identificar as principais amea\u00e7as que os territ\u00f3rios da Amaz\u00f4nia enfrentam, como a crise clim\u00e1tica, os conflitos de terra e os impactos dos grandes projetos de infraestrutura. Al\u00e9m disso, queremos destacar as necessidades urgentes dessas comunidades, como a garantia de direitos territoriais, o respeito \u00e0s culturas tradicionais e a implementa\u00e7\u00e3o de pol\u00edticas p\u00fablicas eficazes para o enfrentamento da pobreza e da desigualdade social.&nbsp;<\/p>\n\n\n\n<p>\u201cA participa\u00e7\u00e3o ativa de todos \u00e9 fundamental, n\u00e3o apenas para gerar solu\u00e7\u00f5es, mas tamb\u00e9m para refor\u00e7ar a import\u00e2ncia da Amaz\u00f4nia na agenda internacional de mudan\u00e7as clim\u00e1ticas. Queremos que a COP-30 n\u00e3o seja apenas um evento de diplomacia, mas sim um espa\u00e7o de debate genu\u00edno sobre os direitos dos povos da Amaz\u00f4nia e as a\u00e7\u00f5es concretas que precisam ser tomadas para preservar nossa casa comum\u201d, destacou Eduardo Soares, secret\u00e1rio da Mobiliza\u00e7\u00e3o dos Povos pela Terra e pelo Clima.<\/p>\n\n\n\n<p>Dessa forma, o semin\u00e1rio se configura como um espa\u00e7o para intensificar esse processo de articula\u00e7\u00e3o, promover a troca de saberes e, principalmente, criar uma agenda comum que fortale\u00e7a a luta pela justi\u00e7a clim\u00e1tica e pelos direitos dos povos da Amaz\u00f4nia. A participa\u00e7\u00e3o de todos os envolvidos \u00e9 essencial para que possamos construir solu\u00e7\u00f5es coletivas, que se originam no cora\u00e7\u00e3o da Amaz\u00f4nia, e que ganhem visibilidade e apoio em espa\u00e7os como a COP-30.&nbsp;<\/p>\n","protected":false},"excerpt":{"rendered":"<p>O semin\u00e1rio &#8220;Articula\u00e7\u00e3o de Movimentos Populares e Mobiliza\u00e7\u00e3o dos Povos da Amaz\u00f4nia rumo \u00e0 COP-30&#8221; emerge como um espa\u00e7o crucial de di\u00e1logo e reflex\u00e3o sobre a urg\u00eancia das quest\u00f5es clim\u00e1ticas e os impactos que afetam diretamente as comunidades da Amaz\u00f4nia. Em um momento de grandes desafios e transforma\u00e7\u00f5es, a mobiliza\u00e7\u00e3o visa fortalecer a identidade das comunidades tradicionais e das organiza\u00e7\u00f5es sociais que, desde o in\u00edcio, se uniram para reivindicar n\u00e3o apenas a preserva\u00e7\u00e3o ambiental, mas tamb\u00e9m o direito de ser ouvidas nas esferas de decis\u00e3o que moldam o futuro da regi\u00e3o.&nbsp; \u201cDesde a cria\u00e7\u00e3o do projeto, buscamos estabelecer uma identidade pr\u00f3pria que reflete as necessidades e as vozes dos povos da Amaz\u00f4nia\u201d, destaca Mayra Lima, comunicadora da Mobiliza\u00e7\u00e3o. O lan\u00e7amento da mobiliza\u00e7\u00e3o, realizado em maio do ano passado, foi um marco importante, reunindo l\u00edderes comunit\u00e1rios, representantes de organiza\u00e7\u00f5es sociais e a imprensa para dar visibilidade a essa articula\u00e7\u00e3o. \u201cFoi um momento significativo para refor\u00e7ar o poder de comunica\u00e7\u00e3o de movimentos populares, destacando a import\u00e2ncia de uma articula\u00e7\u00e3o independente, mas conectada \u00e0 Rede Eclesial Pan-Amaz\u00f4nica (REPAM), que trabalha em defesa da regi\u00e3o\u201d, completa.&nbsp; Nossa atua\u00e7\u00e3o se estende para al\u00e9m da comunica\u00e7\u00e3o, abrangendo o fortalecimento da rede de parceiros e o fortalecimento de a\u00e7\u00f5es coletivas nas regi\u00f5es da Amaz\u00f4nia. Participamos de importantes eventos como o Arraial da Fabulagem, as forma\u00e7\u00f5es regionais e a C\u00fapula dos Povos, onde continuamos a articular a\u00e7\u00f5es, construir estrat\u00e9gias e expressar as demandas de nossas comunidades.&nbsp; A mobiliza\u00e7\u00e3o tamb\u00e9m passa pela escuta atenta \u00e0s vozes dos territ\u00f3rios. Encontros como o &#8220;Encontro das \u00c1guas&#8221; e o &#8220;Encontro de Bacias&#8221; t\u00eam sido fundamentais para alinhar as quest\u00f5es clim\u00e1ticas com as realidades locais, refor\u00e7ando as den\u00fancias e as necessidades das comunidades diante de amea\u00e7as como o avan\u00e7o do agroneg\u00f3cio, a destrui\u00e7\u00e3o de territ\u00f3rios e a precariza\u00e7\u00e3o dos direitos.&nbsp; \u201cAo longo do processo, nosso foco tem sido democratizar o acesso \u00e0 informa\u00e7\u00e3o e promover a participa\u00e7\u00e3o das comunidades na defini\u00e7\u00e3o dos rumores de nossa luta. Realizamos forma\u00e7\u00f5es virtuais e presenciais, alcan\u00e7ando um p\u00fablico significativo e fortalecendo nossa rede de apoio e colabora\u00e7\u00e3o\u201d, ressaltou Joana Menezes, articuladora do movimento.&nbsp; Converg\u00eancias e Inquieta\u00e7\u00f5es no Territ\u00f3rio da COP-30\u00a0 Durante o semin\u00e1rio, al\u00e9m de apresentarmos os resultados das mobiliza\u00e7\u00f5es passadas, daremos destaque aos debates que surgiram em grupos sobre as inquieta\u00e7\u00f5es e converg\u00eancias atuais nos territ\u00f3rios que sediar\u00e3o a COP-30. Estes debates s\u00e3o fundamentais para entendermos as especificidades de cada regi\u00e3o e para desenvolvermos propostas alinhadas com a realidade local.&nbsp; As conversas nos grupos de trabalho visam identificar as principais amea\u00e7as que os territ\u00f3rios da Amaz\u00f4nia enfrentam, como a crise clim\u00e1tica, os conflitos de terra e os impactos dos grandes projetos de infraestrutura. Al\u00e9m disso, queremos destacar as necessidades urgentes dessas comunidades, como a garantia de direitos territoriais, o respeito \u00e0s culturas tradicionais e a implementa\u00e7\u00e3o de pol\u00edticas p\u00fablicas eficazes para o enfrentamento da pobreza e da desigualdade social.&nbsp; \u201cA participa\u00e7\u00e3o ativa de todos \u00e9 fundamental, n\u00e3o apenas para gerar solu\u00e7\u00f5es, mas tamb\u00e9m para refor\u00e7ar a import\u00e2ncia da Amaz\u00f4nia na agenda internacional de mudan\u00e7as clim\u00e1ticas. Queremos que a COP-30 n\u00e3o seja apenas um evento de diplomacia, mas sim um espa\u00e7o de debate genu\u00edno sobre os direitos dos povos da Amaz\u00f4nia e as a\u00e7\u00f5es concretas que precisam ser tomadas para preservar nossa casa comum\u201d, destacou Eduardo Soares, secret\u00e1rio da Mobiliza\u00e7\u00e3o dos Povos pela Terra e pelo Clima. Dessa forma, o semin\u00e1rio se configura como um espa\u00e7o para intensificar esse processo de articula\u00e7\u00e3o, promover a troca de saberes e, principalmente, criar uma agenda comum que fortale\u00e7a a luta pela justi\u00e7a clim\u00e1tica e pelos direitos dos povos da Amaz\u00f4nia. A participa\u00e7\u00e3o de todos os envolvidos \u00e9 essencial para que possamos construir solu\u00e7\u00f5es coletivas, que se originam no cora\u00e7\u00e3o da Amaz\u00f4nia, e que ganhem visibilidade e apoio em espa\u00e7os como a COP-30.&nbsp;<\/p>\n","protected":false},"author":3,"featured_media":15846,"comment_status":"closed","ping_status":"open","sticky":false,"template":"","format":"standard","meta":{"footnotes":""},"categories":[5],"tags":[],"class_list":["post-15844","post","type-post","status-publish","format-standard","has-post-thumbnail","hentry","category-noticias"],"rttpg_featured_image_url":{"full":["https:\/\/repam.org.br\/cop30\/wp-content\/uploads\/2025\/02\/WhatsApp-Image-2025-02-13-at-15.21.18-1.jpeg",1008,553,false],"landscape":["https:\/\/repam.org.br\/cop30\/wp-content\/uploads\/2025\/02\/WhatsApp-Image-2025-02-13-at-15.21.18-1.jpeg",1008,553,false],"portraits":["https:\/\/repam.org.br\/cop30\/wp-content\/uploads\/2025\/02\/WhatsApp-Image-2025-02-13-at-15.21.18-1.jpeg",1008,553,false],"thumbnail":["https:\/\/repam.org.br\/cop30\/wp-content\/uploads\/2025\/02\/WhatsApp-Image-2025-02-13-at-15.21.18-1-150x150.jpeg",150,150,true],"medium":["https:\/\/repam.org.br\/cop30\/wp-content\/uploads\/2025\/02\/WhatsApp-Image-2025-02-13-at-15.21.18-1-300x165.jpeg",300,165,true],"large":["https:\/\/repam.org.br\/cop30\/wp-content\/uploads\/2025\/02\/WhatsApp-Image-2025-02-13-at-15.21.18-1.jpeg",800,439,false],"1536x1536":["https:\/\/repam.org.br\/cop30\/wp-content\/uploads\/2025\/02\/WhatsApp-Image-2025-02-13-at-15.21.18-1.jpeg",1008,553,false],"2048x2048":["https:\/\/repam.org.br\/cop30\/wp-content\/uploads\/2025\/02\/WhatsApp-Image-2025-02-13-at-15.21.18-1.jpeg",1008,553,false]},"rttpg_author":{"display_name":"Comunica\u00e7\u00e3o Cop30","author_link":"https:\/\/repam.org.br\/cop30\/author\/comunicacaocop30\/"},"rttpg_comment":0,"rttpg_category":"<a href=\"https:\/\/repam.org.br\/cop30\/category\/noticias\/\" rel=\"category tag\">Not\u00edcias<\/a>","rttpg_excerpt":"O semin\u00e1rio &#8220;Articula\u00e7\u00e3o de Movimentos Populares e Mobiliza\u00e7\u00e3o dos Povos da Amaz\u00f4nia rumo \u00e0 COP-30&#8221; emerge como um espa\u00e7o crucial de di\u00e1logo e reflex\u00e3o sobre a urg\u00eancia das quest\u00f5es clim\u00e1ticas e os impactos que afetam diretamente as comunidades da Amaz\u00f4nia. Em um momento de grandes desafios e transforma\u00e7\u00f5es, a mobiliza\u00e7\u00e3o visa fortalecer a identidade das&hellip;","_links":{"self":[{"href":"https:\/\/repam.org.br\/cop30\/wp-json\/wp\/v2\/posts\/15844","targetHints":{"allow":["GET"]}}],"collection":[{"href":"https:\/\/repam.org.br\/cop30\/wp-json\/wp\/v2\/posts"}],"about":[{"href":"https:\/\/repam.org.br\/cop30\/wp-json\/wp\/v2\/types\/post"}],"author":[{"embeddable":true,"href":"https:\/\/repam.org.br\/cop30\/wp-json\/wp\/v2\/users\/3"}],"replies":[{"embeddable":true,"href":"https:\/\/repam.org.br\/cop30\/wp-json\/wp\/v2\/comments?post=15844"}],"version-history":[{"count":3,"href":"https:\/\/repam.org.br\/cop30\/wp-json\/wp\/v2\/posts\/15844\/revisions"}],"predecessor-version":[{"id":15855,"href":"https:\/\/repam.org.br\/cop30\/wp-json\/wp\/v2\/posts\/15844\/revisions\/15855"}],"wp:featuredmedia":[{"embeddable":true,"href":"https:\/\/repam.org.br\/cop30\/wp-json\/wp\/v2\/media\/15846"}],"wp:attachment":[{"href":"https:\/\/repam.org.br\/cop30\/wp-json\/wp\/v2\/media?parent=15844"}],"wp:term":[{"taxonomy":"category","embeddable":true,"href":"https:\/\/repam.org.br\/cop30\/wp-json\/wp\/v2\/categories?post=15844"},{"taxonomy":"post_tag","embeddable":true,"href":"https:\/\/repam.org.br\/cop30\/wp-json\/wp\/v2\/tags?post=15844"}],"curies":[{"name":"wp","href":"https:\/\/api.w.org\/{rel}","templated":true}]}}