{"id":15857,"date":"2025-02-14T18:39:43","date_gmt":"2025-02-14T21:39:43","guid":{"rendered":"https:\/\/repam.org.br\/cop30\/?p=15857"},"modified":"2025-02-14T20:37:03","modified_gmt":"2025-02-14T23:37:03","slug":"construcao-coletiva-encontro-de-comunicadores-rumo-a-cop-30","status":"publish","type":"post","link":"https:\/\/repam.org.br\/cop30\/construcao-coletiva-encontro-de-comunicadores-rumo-a-cop-30\/","title":{"rendered":"Constru\u00e7\u00e3o coletiva &#8211; Encontro de comunicadores rumo \u00e0 COP-30"},"content":{"rendered":"\n<p><\/p>\n\n\n\n<p>Hoje (14), comunicadores de diversas organiza\u00e7\u00f5es se reuniram no \u201cEncontro de Comunicadores &#8211; Di\u00e1logo sobre as Estrat\u00e9gias de Comunica\u00e7\u00e3o rumo \u00e0 COP-30\u201d, organizado pela Mobiliza\u00e7\u00e3o dos Povos pela Terra e pelo Clima rumo \u00e0 COP-30, articula\u00e7\u00e3o da REMA-Brasil. A Rede Eclesial Pan-Amaz\u00f4nica (REPAM &#8211; Brasil), por meio da<strong> Mobiliza\u00e7\u00e3o<\/strong>, soma-se a essa constru\u00e7\u00e3o, fortalecendo a articula\u00e7\u00e3o junto aos movimentos sociais na busca por justi\u00e7a clim\u00e1tica. Esse momento foi fundamental para fortalecer estrat\u00e9gias e garantir que as vozes da Amaz\u00f4nia e dos povos da floresta sejam amplificadas na luta clim\u00e1tica.<\/p>\n\n\n\n<p>O encontro contou com <strong>32 participantes de 26 institui\u00e7\u00f5es<\/strong>, que compartilharam experi\u00eancias e articularam a\u00e7\u00f5es para assegurar que a COP-30 seja um espa\u00e7o de escuta e transforma\u00e7\u00e3o. O grupo destacou a import\u00e2ncia de um plano de comunica\u00e7\u00e3o estrat\u00e9gico que d\u00ea visibilidade \u00e0s comunidades que est\u00e3o na linha de frente do combate \u00e0s mudan\u00e7as clim\u00e1ticas.<\/p>\n\n\n\n<p>Entre as organiza\u00e7\u00f5es presentes estavam: Instituto Z\u00e9 Cl\u00e1udio e Maria, C\u00e1ritas, CPT, CAC, MAM, MAB, Coletiva MANAS, Movimento Focolares, COIAB, Coletivo Gaya, Na Cuia, Tela Firme, CIMI, Malungu, al\u00e9m de lideran\u00e7as quilombolas, ind\u00edgenas e ribeirinhas, e coaliz\u00f5es como a C\u00fapula dos Povos e a COP do Povo.<br><br>&#8220;A proposta foi reunir esse coletivo de vozes e experi\u00eancias das institui\u00e7\u00f5es parceiras, movimentos sociais e lideran\u00e7as ribeirinhas, quilombolas e ind\u00edgenas para enxergar nas agendas um dos outros o que nos une, como podemos nos fortalecer em rede e construir um plano estrat\u00e9gico coletivo que d\u00ea visibilidade \u00e0 luta dos territ\u00f3rios, popula\u00e7\u00f5es essas que est\u00e3o na linha de frente do combate \u00e0s mudan\u00e7as clim\u00e1ticas, mas s\u00e3o os mais esquecidos e invisibilizados.\u201d \u2014 Mayara Lima, da comunica\u00e7\u00e3o da Mobiliza\u00e7\u00e3o dos Povos pela Terra e pelo Clima.<\/p>\n\n\n\n<p><strong>Pr\u00f3ximos passos<\/strong> <br>A mobiliza\u00e7\u00e3o segue avan\u00e7ando! O grupo continuar\u00e1 fortalecendo articula\u00e7\u00f5es nos territ\u00f3rios, ampliando as vozes da Amaz\u00f4nia no cen\u00e1rio internacional e garantindo que as demandas das comunidades sejam levadas para os espa\u00e7os de decis\u00e3o.<\/p>\n\n\n\n<blockquote class=\"wp-block-quote is-layout-flow wp-block-quote-is-layout-flow\">\n<p><strong>\u201cA gente sai daqui com uma \u2018muvuca\u2019 de ideias que ser\u00e3o transformadas em um plano de a\u00e7\u00e3o coletivo, uma vez que a luta \u00e9 coletiva\u201d<\/strong> \u2014 Mayara Lima.<\/p>\n<\/blockquote>\n\n\n\n<p>A <strong>COP-30 precisa ser mais do que um evento diplom\u00e1tico<\/strong> \u2013 deve se tornar um marco na luta por justi\u00e7a clim\u00e1tica e pelo reconhecimento dos povos da floresta. Seguimos juntos nessa caminhada, transformando di\u00e1logos em a\u00e7\u00f5es concretas!<\/p>\n\n\n\n<figure class=\"wp-block-gallery has-nested-images columns-default is-cropped wp-block-gallery-1 is-layout-flex wp-block-gallery-is-layout-flex\">\n<figure class=\"wp-block-image size-large\"><img fetchpriority=\"high\" decoding=\"async\" width=\"1024\" height=\"768\" data-id=\"15864\" src=\"https:\/\/repam.org.br\/cop30\/wp-content\/uploads\/2025\/02\/WhatsApp-Image-2025-02-14-at-16.24.17-1024x768.jpeg\" alt=\"\" class=\"wp-image-15864\" srcset=\"https:\/\/repam.org.br\/cop30\/wp-content\/uploads\/2025\/02\/WhatsApp-Image-2025-02-14-at-16.24.17-1024x768.jpeg 1024w, https:\/\/repam.org.br\/cop30\/wp-content\/uploads\/2025\/02\/WhatsApp-Image-2025-02-14-at-16.24.17-300x225.jpeg 300w, https:\/\/repam.org.br\/cop30\/wp-content\/uploads\/2025\/02\/WhatsApp-Image-2025-02-14-at-16.24.17-768x576.jpeg 768w, https:\/\/repam.org.br\/cop30\/wp-content\/uploads\/2025\/02\/WhatsApp-Image-2025-02-14-at-16.24.17.jpeg 1280w\" sizes=\"(max-width: 1024px) 100vw, 1024px\" \/><\/figure>\n\n\n\n<figure class=\"wp-block-image size-large\"><img decoding=\"async\" width=\"1024\" height=\"768\" data-id=\"15866\" src=\"https:\/\/repam.org.br\/cop30\/wp-content\/uploads\/2025\/02\/WhatsApp-Image-2025-02-14-at-16.25.08-1-1024x768.jpeg\" alt=\"\" class=\"wp-image-15866\" srcset=\"https:\/\/repam.org.br\/cop30\/wp-content\/uploads\/2025\/02\/WhatsApp-Image-2025-02-14-at-16.25.08-1-1024x768.jpeg 1024w, https:\/\/repam.org.br\/cop30\/wp-content\/uploads\/2025\/02\/WhatsApp-Image-2025-02-14-at-16.25.08-1-300x225.jpeg 300w, https:\/\/repam.org.br\/cop30\/wp-content\/uploads\/2025\/02\/WhatsApp-Image-2025-02-14-at-16.25.08-1-768x576.jpeg 768w, https:\/\/repam.org.br\/cop30\/wp-content\/uploads\/2025\/02\/WhatsApp-Image-2025-02-14-at-16.25.08-1.jpeg 1280w\" sizes=\"(max-width: 1024px) 100vw, 1024px\" \/><\/figure>\n\n\n\n<figure class=\"wp-block-image size-large\"><img decoding=\"async\" width=\"1024\" height=\"768\" data-id=\"15865\" src=\"https:\/\/repam.org.br\/cop30\/wp-content\/uploads\/2025\/02\/WhatsApp-Image-2025-02-14-at-16.25.08-1024x768.jpeg\" alt=\"\" class=\"wp-image-15865\" srcset=\"https:\/\/repam.org.br\/cop30\/wp-content\/uploads\/2025\/02\/WhatsApp-Image-2025-02-14-at-16.25.08-1024x768.jpeg 1024w, https:\/\/repam.org.br\/cop30\/wp-content\/uploads\/2025\/02\/WhatsApp-Image-2025-02-14-at-16.25.08-300x225.jpeg 300w, https:\/\/repam.org.br\/cop30\/wp-content\/uploads\/2025\/02\/WhatsApp-Image-2025-02-14-at-16.25.08-768x576.jpeg 768w, https:\/\/repam.org.br\/cop30\/wp-content\/uploads\/2025\/02\/WhatsApp-Image-2025-02-14-at-16.25.08.jpeg 1280w\" sizes=\"(max-width: 1024px) 100vw, 1024px\" \/><\/figure>\n<\/figure>\n","protected":false},"excerpt":{"rendered":"<p>Hoje (14), comunicadores de diversas organiza\u00e7\u00f5es se reuniram no \u201cEncontro de Comunicadores &#8211; Di\u00e1logo sobre as Estrat\u00e9gias de Comunica\u00e7\u00e3o rumo \u00e0 COP-30\u201d, organizado pela Mobiliza\u00e7\u00e3o dos Povos pela Terra e pelo Clima rumo \u00e0 COP-30, articula\u00e7\u00e3o da REMA-Brasil. A Rede Eclesial Pan-Amaz\u00f4nica (REPAM &#8211; Brasil), por meio da Mobiliza\u00e7\u00e3o, soma-se a essa constru\u00e7\u00e3o, fortalecendo a articula\u00e7\u00e3o junto aos movimentos sociais na busca por justi\u00e7a clim\u00e1tica. Esse momento foi fundamental para fortalecer estrat\u00e9gias e garantir que as vozes da Amaz\u00f4nia e dos povos da floresta sejam amplificadas na luta clim\u00e1tica. O encontro contou com 32 participantes de 26 institui\u00e7\u00f5es, que compartilharam experi\u00eancias e articularam a\u00e7\u00f5es para assegurar que a COP-30 seja um espa\u00e7o de escuta e transforma\u00e7\u00e3o. O grupo destacou a import\u00e2ncia de um plano de comunica\u00e7\u00e3o estrat\u00e9gico que d\u00ea visibilidade \u00e0s comunidades que est\u00e3o na linha de frente do combate \u00e0s mudan\u00e7as clim\u00e1ticas. Entre as organiza\u00e7\u00f5es presentes estavam: Instituto Z\u00e9 Cl\u00e1udio e Maria, C\u00e1ritas, CPT, CAC, MAM, MAB, Coletiva MANAS, Movimento Focolares, COIAB, Coletivo Gaya, Na Cuia, Tela Firme, CIMI, Malungu, al\u00e9m de lideran\u00e7as quilombolas, ind\u00edgenas e ribeirinhas, e coaliz\u00f5es como a C\u00fapula dos Povos e a COP do Povo. &#8220;A proposta foi reunir esse coletivo de vozes e experi\u00eancias das institui\u00e7\u00f5es parceiras, movimentos sociais e lideran\u00e7as ribeirinhas, quilombolas e ind\u00edgenas para enxergar nas agendas um dos outros o que nos une, como podemos nos fortalecer em rede e construir um plano estrat\u00e9gico coletivo que d\u00ea visibilidade \u00e0 luta dos territ\u00f3rios, popula\u00e7\u00f5es essas que est\u00e3o na linha de frente do combate \u00e0s mudan\u00e7as clim\u00e1ticas, mas s\u00e3o os mais esquecidos e invisibilizados.\u201d \u2014 Mayara Lima, da comunica\u00e7\u00e3o da Mobiliza\u00e7\u00e3o dos Povos pela Terra e pelo Clima. Pr\u00f3ximos passos A mobiliza\u00e7\u00e3o segue avan\u00e7ando! O grupo continuar\u00e1 fortalecendo articula\u00e7\u00f5es nos territ\u00f3rios, ampliando as vozes da Amaz\u00f4nia no cen\u00e1rio internacional e garantindo que as demandas das comunidades sejam levadas para os espa\u00e7os de decis\u00e3o. \u201cA gente sai daqui com uma \u2018muvuca\u2019 de ideias que ser\u00e3o transformadas em um plano de a\u00e7\u00e3o coletivo, uma vez que a luta \u00e9 coletiva\u201d \u2014 Mayara Lima. A COP-30 precisa ser mais do que um evento diplom\u00e1tico \u2013 deve se tornar um marco na luta por justi\u00e7a clim\u00e1tica e pelo reconhecimento dos povos da floresta. Seguimos juntos nessa caminhada, transformando di\u00e1logos em a\u00e7\u00f5es concretas!<\/p>\n","protected":false},"author":3,"featured_media":15861,"comment_status":"closed","ping_status":"open","sticky":false,"template":"","format":"standard","meta":{"footnotes":""},"categories":[5],"tags":[],"class_list":["post-15857","post","type-post","status-publish","format-standard","has-post-thumbnail","hentry","category-noticias"],"rttpg_featured_image_url":{"full":["https:\/\/repam.org.br\/cop30\/wp-content\/uploads\/2025\/02\/6-2.png",945,645,false],"landscape":["https:\/\/repam.org.br\/cop30\/wp-content\/uploads\/2025\/02\/6-2.png",945,645,false],"portraits":["https:\/\/repam.org.br\/cop30\/wp-content\/uploads\/2025\/02\/6-2.png",945,645,false],"thumbnail":["https:\/\/repam.org.br\/cop30\/wp-content\/uploads\/2025\/02\/6-2-150x150.png",150,150,true],"medium":["https:\/\/repam.org.br\/cop30\/wp-content\/uploads\/2025\/02\/6-2-300x205.png",300,205,true],"large":["https:\/\/repam.org.br\/cop30\/wp-content\/uploads\/2025\/02\/6-2.png",800,546,false],"1536x1536":["https:\/\/repam.org.br\/cop30\/wp-content\/uploads\/2025\/02\/6-2.png",945,645,false],"2048x2048":["https:\/\/repam.org.br\/cop30\/wp-content\/uploads\/2025\/02\/6-2.png",945,645,false]},"rttpg_author":{"display_name":"Comunica\u00e7\u00e3o Cop30","author_link":"https:\/\/repam.org.br\/cop30\/author\/comunicacaocop30\/"},"rttpg_comment":0,"rttpg_category":"<a href=\"https:\/\/repam.org.br\/cop30\/category\/noticias\/\" rel=\"category tag\">Not\u00edcias<\/a>","rttpg_excerpt":"Hoje (14), comunicadores de diversas organiza\u00e7\u00f5es se reuniram no \u201cEncontro de Comunicadores &#8211; Di\u00e1logo sobre as Estrat\u00e9gias de Comunica\u00e7\u00e3o rumo \u00e0 COP-30\u201d, organizado pela Mobiliza\u00e7\u00e3o dos Povos pela Terra e pelo Clima rumo \u00e0 COP-30, articula\u00e7\u00e3o da REMA-Brasil. A Rede Eclesial Pan-Amaz\u00f4nica (REPAM &#8211; Brasil), por meio da Mobiliza\u00e7\u00e3o, soma-se a essa constru\u00e7\u00e3o, fortalecendo a&hellip;","_links":{"self":[{"href":"https:\/\/repam.org.br\/cop30\/wp-json\/wp\/v2\/posts\/15857","targetHints":{"allow":["GET"]}}],"collection":[{"href":"https:\/\/repam.org.br\/cop30\/wp-json\/wp\/v2\/posts"}],"about":[{"href":"https:\/\/repam.org.br\/cop30\/wp-json\/wp\/v2\/types\/post"}],"author":[{"embeddable":true,"href":"https:\/\/repam.org.br\/cop30\/wp-json\/wp\/v2\/users\/3"}],"replies":[{"embeddable":true,"href":"https:\/\/repam.org.br\/cop30\/wp-json\/wp\/v2\/comments?post=15857"}],"version-history":[{"count":6,"href":"https:\/\/repam.org.br\/cop30\/wp-json\/wp\/v2\/posts\/15857\/revisions"}],"predecessor-version":[{"id":15872,"href":"https:\/\/repam.org.br\/cop30\/wp-json\/wp\/v2\/posts\/15857\/revisions\/15872"}],"wp:featuredmedia":[{"embeddable":true,"href":"https:\/\/repam.org.br\/cop30\/wp-json\/wp\/v2\/media\/15861"}],"wp:attachment":[{"href":"https:\/\/repam.org.br\/cop30\/wp-json\/wp\/v2\/media?parent=15857"}],"wp:term":[{"taxonomy":"category","embeddable":true,"href":"https:\/\/repam.org.br\/cop30\/wp-json\/wp\/v2\/categories?post=15857"},{"taxonomy":"post_tag","embeddable":true,"href":"https:\/\/repam.org.br\/cop30\/wp-json\/wp\/v2\/tags?post=15857"}],"curies":[{"name":"wp","href":"https:\/\/api.w.org\/{rel}","templated":true}]}}