{"id":15873,"date":"2025-02-18T13:44:57","date_gmt":"2025-02-18T16:44:57","guid":{"rendered":"https:\/\/repam.org.br\/cop30\/?p=15873"},"modified":"2025-02-19T09:25:09","modified_gmt":"2025-02-19T12:25:09","slug":"reuniao-dos-comites-e-regionais-apresenta-cartilha-abc-da-cop","status":"publish","type":"post","link":"https:\/\/repam.org.br\/cop30\/reuniao-dos-comites-e-regionais-apresenta-cartilha-abc-da-cop\/","title":{"rendered":"Reuni\u00e3o dos comit\u00eas e articuladores locais da REPAM Brasil"},"content":{"rendered":"\n<p><\/p>\n\n\n\n<p>Nesta ter\u00e7a-feira (18), ocorreu a Reuni\u00e3o dos Comit\u00eas\/Articula\u00e7\u00f5es e Regionais da Mobiliza\u00e7\u00e3o dos Povos pela Terra e pelo Clima, um importante espa\u00e7o de di\u00e1logo e constru\u00e7\u00e3o coletiva rumo \u00e0 COP 30. Durante o encontro, foi apresentada a Cartilha ABC da COP, um guia essencial para compreender os principais temas das negocia\u00e7\u00f5es clim\u00e1ticas e fortalecer a participa\u00e7\u00e3o da sociedade civil nesse processo.<\/p>\n\n\n\n<p>O encontro Comit\u00eas e Articula\u00e7\u00f5es Locais teve como objetivo: apresentar a Cartilha ABCs das COPs para subsidiar as rodas de conversas nas comunidades e na oportunidade socializamos para conhecimento e aprova\u00e7\u00e3o do coletivo modelo metodol\u00f3gica de uma constru\u00e7\u00e3o de carta de demandas concretas ou den\u00fancias, para a REPAM-BRASIL compilar e combinar estrat\u00e9gias de entrega do documento que represente a voz do territ\u00f3rio.<\/p>\n\n\n\n<p>O di\u00e1logo virtual teve como prop\u00f3sito integrar o territ\u00f3rio e a articula\u00e7\u00e3o da REPAM nesse momento de constru\u00e7\u00e3o coletiva, com a proposta de elaborar uma carta de demandas ou cartas de den\u00fancia. O intuito \u00e9 direcionar estrategicamente minist\u00e9rios ou atores envolvidos diretamente na COP30. <\/p>\n\n\n\n<p>A coordenadora do projeto, Arlete, destacou a import\u00e2ncia desse momento: &#8220;A REPAM cumpre sua miss\u00e3o quando se permite conversar, sentar com o povo e pensar nas melhores estrat\u00e9gias e ideias. Nosso trabalho \u00e9 de articula\u00e7\u00e3o, oferecendo material acess\u00edvel para a comunidade. Eu saio dessa conversa muito feliz por termos conseguido atingir nosso objetivo, que foi trazer pelo menos 30 lideran\u00e7as de todos os regionais para construir e pensar estrat\u00e9gias juntos. Foi incr\u00edvel! Estou muito contente de ver a REPAM, a Mobiliza\u00e7\u00e3o dos Povos pela Terra e pelo Clima capilarizando um processo t\u00e3o grande e tornando-o t\u00e3o pr\u00f3ximo. &#8220;<\/p>\n\n\n\n<p>&#8220;Com a participa\u00e7\u00e3o de lideran\u00e7as de diversas regi\u00f5es, inclusive de locais distantes, que, enquanto realizam seu trabalho artesanal, tamb\u00e9m est\u00e3o envolvidas nesse di\u00e1logo, a REPAM tem sido fundamental para dar voz a essas lideran\u00e7as, que muitas vezes ficam distantes dos grandes debates. Esse processo de escuta e constru\u00e7\u00e3o coletiva fortalece a luta dos povos amaz\u00f4nicos e amplia suas possibilidades de a\u00e7\u00e3o pol\u00edtica&#8221;, completa Arlete.<\/p>\n\n\n\n<p>Em breve, ser\u00e1 lan\u00e7ada a vers\u00e3o em espanhol e ingl\u00eas da Cartilha ABC da COP, ampliando o alcance do material e mobilizando ainda mais comunidades e organiza\u00e7\u00f5es em n\u00edvel internacional.<\/p>\n\n\n\n<p>A Cartilha ABC da COP \u00e9 uma ferramenta fundamental para a articula\u00e7\u00e3o dos povos e territ\u00f3rios na defesa da justi\u00e7a clim\u00e1tica e socioambiental. Fique atento \u00e0s atualiza\u00e7\u00f5es e acompanhe as pr\u00f3ximas a\u00e7\u00f5es da Mobiliza\u00e7\u00e3o dos Povos pela Terra e pelo Clima!<\/p>\n","protected":false},"excerpt":{"rendered":"<p>Nesta ter\u00e7a-feira (18), ocorreu a Reuni\u00e3o dos Comit\u00eas\/Articula\u00e7\u00f5es e Regionais da Mobiliza\u00e7\u00e3o dos Povos pela Terra e pelo Clima, um importante espa\u00e7o de di\u00e1logo e constru\u00e7\u00e3o coletiva rumo \u00e0 COP 30. Durante o encontro, foi apresentada a Cartilha ABC da COP, um guia essencial para compreender os principais temas das negocia\u00e7\u00f5es clim\u00e1ticas e fortalecer a participa\u00e7\u00e3o da sociedade civil nesse processo. O encontro Comit\u00eas e Articula\u00e7\u00f5es Locais teve como objetivo: apresentar a Cartilha ABCs das COPs para subsidiar as rodas de conversas nas comunidades e na oportunidade socializamos para conhecimento e aprova\u00e7\u00e3o do coletivo modelo metodol\u00f3gica de uma constru\u00e7\u00e3o de carta de demandas concretas ou den\u00fancias, para a REPAM-BRASIL compilar e combinar estrat\u00e9gias de entrega do documento que represente a voz do territ\u00f3rio. O di\u00e1logo virtual teve como prop\u00f3sito integrar o territ\u00f3rio e a articula\u00e7\u00e3o da REPAM nesse momento de constru\u00e7\u00e3o coletiva, com a proposta de elaborar uma carta de demandas ou cartas de den\u00fancia. O intuito \u00e9 direcionar estrategicamente minist\u00e9rios ou atores envolvidos diretamente na COP30. A coordenadora do projeto, Arlete, destacou a import\u00e2ncia desse momento: &#8220;A REPAM cumpre sua miss\u00e3o quando se permite conversar, sentar com o povo e pensar nas melhores estrat\u00e9gias e ideias. Nosso trabalho \u00e9 de articula\u00e7\u00e3o, oferecendo material acess\u00edvel para a comunidade. Eu saio dessa conversa muito feliz por termos conseguido atingir nosso objetivo, que foi trazer pelo menos 30 lideran\u00e7as de todos os regionais para construir e pensar estrat\u00e9gias juntos. Foi incr\u00edvel! Estou muito contente de ver a REPAM, a Mobiliza\u00e7\u00e3o dos Povos pela Terra e pelo Clima capilarizando um processo t\u00e3o grande e tornando-o t\u00e3o pr\u00f3ximo. &#8220; &#8220;Com a participa\u00e7\u00e3o de lideran\u00e7as de diversas regi\u00f5es, inclusive de locais distantes, que, enquanto realizam seu trabalho artesanal, tamb\u00e9m est\u00e3o envolvidas nesse di\u00e1logo, a REPAM tem sido fundamental para dar voz a essas lideran\u00e7as, que muitas vezes ficam distantes dos grandes debates. Esse processo de escuta e constru\u00e7\u00e3o coletiva fortalece a luta dos povos amaz\u00f4nicos e amplia suas possibilidades de a\u00e7\u00e3o pol\u00edtica&#8221;, completa Arlete. Em breve, ser\u00e1 lan\u00e7ada a vers\u00e3o em espanhol e ingl\u00eas da Cartilha ABC da COP, ampliando o alcance do material e mobilizando ainda mais comunidades e organiza\u00e7\u00f5es em n\u00edvel internacional. A Cartilha ABC da COP \u00e9 uma ferramenta fundamental para a articula\u00e7\u00e3o dos povos e territ\u00f3rios na defesa da justi\u00e7a clim\u00e1tica e socioambiental. Fique atento \u00e0s atualiza\u00e7\u00f5es e acompanhe as pr\u00f3ximas a\u00e7\u00f5es da Mobiliza\u00e7\u00e3o dos Povos pela Terra e pelo Clima!<\/p>\n","protected":false},"author":3,"featured_media":15875,"comment_status":"closed","ping_status":"open","sticky":false,"template":"","format":"standard","meta":{"footnotes":""},"categories":[5],"tags":[],"class_list":["post-15873","post","type-post","status-publish","format-standard","has-post-thumbnail","hentry","category-noticias"],"rttpg_featured_image_url":{"full":["https:\/\/repam.org.br\/cop30\/wp-content\/uploads\/2025\/02\/WhatsApp-Image-2025-02-18-at-12.55.14-1.jpeg",1219,750,false],"landscape":["https:\/\/repam.org.br\/cop30\/wp-content\/uploads\/2025\/02\/WhatsApp-Image-2025-02-18-at-12.55.14-1.jpeg",1219,750,false],"portraits":["https:\/\/repam.org.br\/cop30\/wp-content\/uploads\/2025\/02\/WhatsApp-Image-2025-02-18-at-12.55.14-1.jpeg",1219,750,false],"thumbnail":["https:\/\/repam.org.br\/cop30\/wp-content\/uploads\/2025\/02\/WhatsApp-Image-2025-02-18-at-12.55.14-1-150x150.jpeg",150,150,true],"medium":["https:\/\/repam.org.br\/cop30\/wp-content\/uploads\/2025\/02\/WhatsApp-Image-2025-02-18-at-12.55.14-1-300x185.jpeg",300,185,true],"large":["https:\/\/repam.org.br\/cop30\/wp-content\/uploads\/2025\/02\/WhatsApp-Image-2025-02-18-at-12.55.14-1-1024x630.jpeg",800,492,true],"1536x1536":["https:\/\/repam.org.br\/cop30\/wp-content\/uploads\/2025\/02\/WhatsApp-Image-2025-02-18-at-12.55.14-1.jpeg",1219,750,false],"2048x2048":["https:\/\/repam.org.br\/cop30\/wp-content\/uploads\/2025\/02\/WhatsApp-Image-2025-02-18-at-12.55.14-1.jpeg",1219,750,false]},"rttpg_author":{"display_name":"Comunica\u00e7\u00e3o Cop30","author_link":"https:\/\/repam.org.br\/cop30\/author\/comunicacaocop30\/"},"rttpg_comment":0,"rttpg_category":"<a href=\"https:\/\/repam.org.br\/cop30\/category\/noticias\/\" rel=\"category tag\">Not\u00edcias<\/a>","rttpg_excerpt":"Nesta ter\u00e7a-feira (18), ocorreu a Reuni\u00e3o dos Comit\u00eas\/Articula\u00e7\u00f5es e Regionais da Mobiliza\u00e7\u00e3o dos Povos pela Terra e pelo Clima, um importante espa\u00e7o de di\u00e1logo e constru\u00e7\u00e3o coletiva rumo \u00e0 COP 30. Durante o encontro, foi apresentada a Cartilha ABC da COP, um guia essencial para compreender os principais temas das negocia\u00e7\u00f5es clim\u00e1ticas e fortalecer a&hellip;","_links":{"self":[{"href":"https:\/\/repam.org.br\/cop30\/wp-json\/wp\/v2\/posts\/15873","targetHints":{"allow":["GET"]}}],"collection":[{"href":"https:\/\/repam.org.br\/cop30\/wp-json\/wp\/v2\/posts"}],"about":[{"href":"https:\/\/repam.org.br\/cop30\/wp-json\/wp\/v2\/types\/post"}],"author":[{"embeddable":true,"href":"https:\/\/repam.org.br\/cop30\/wp-json\/wp\/v2\/users\/3"}],"replies":[{"embeddable":true,"href":"https:\/\/repam.org.br\/cop30\/wp-json\/wp\/v2\/comments?post=15873"}],"version-history":[{"count":2,"href":"https:\/\/repam.org.br\/cop30\/wp-json\/wp\/v2\/posts\/15873\/revisions"}],"predecessor-version":[{"id":15878,"href":"https:\/\/repam.org.br\/cop30\/wp-json\/wp\/v2\/posts\/15873\/revisions\/15878"}],"wp:featuredmedia":[{"embeddable":true,"href":"https:\/\/repam.org.br\/cop30\/wp-json\/wp\/v2\/media\/15875"}],"wp:attachment":[{"href":"https:\/\/repam.org.br\/cop30\/wp-json\/wp\/v2\/media?parent=15873"}],"wp:term":[{"taxonomy":"category","embeddable":true,"href":"https:\/\/repam.org.br\/cop30\/wp-json\/wp\/v2\/categories?post=15873"},{"taxonomy":"post_tag","embeddable":true,"href":"https:\/\/repam.org.br\/cop30\/wp-json\/wp\/v2\/tags?post=15873"}],"curies":[{"name":"wp","href":"https:\/\/api.w.org\/{rel}","templated":true}]}}