{"id":15886,"date":"2025-02-24T11:41:46","date_gmt":"2025-02-24T14:41:46","guid":{"rendered":"https:\/\/repam.org.br\/cop30\/?p=15886"},"modified":"2025-02-24T17:24:20","modified_gmt":"2025-02-24T20:24:20","slug":"mobilizacao-repam-marca-presenca-em-encontro-do-projeto-baqueli-e-fortalece-alianca-com-quebradeiras-de-coco-babacu","status":"publish","type":"post","link":"https:\/\/repam.org.br\/cop30\/mobilizacao-repam-marca-presenca-em-encontro-do-projeto-baqueli-e-fortalece-alianca-com-quebradeiras-de-coco-babacu\/","title":{"rendered":"Mobiliza\u00e7\u00e3o REPAM marca presen\u00e7a em encontro do Projeto Baqueli e fortalece alian\u00e7a com quebradeiras de coco baba\u00e7u\u00a0"},"content":{"rendered":"\n<p>Nos dias 18 e 19 de fevereiro, Joana Menezes representou a Mobiliza\u00e7\u00e3o dos Povos pela Terra e pelo Clima, articula\u00e7\u00e3o da REPAM rumo \u00e0 COP30, e Vanalda Ara\u00fajo representou a REPAM no encontro de Planejamento, Monitoramento e Avalia\u00e7\u00e3o do Projeto Baqueli: Baba\u00e7u Livre, Quebradeiras Livres, realizado no Rancho dos Padres, em S\u00e3o Domingos do Araguaia (PA).<\/p>\n\n\n\n<p>O evento, promovido pelo Movimento Interestadual das Quebradeiras de Coco Baba\u00e7u (MIQCB), reuniu quebradeiras de coco e lideran\u00e7as das regionais do Tocantins e Par\u00e1, al\u00e9m da organiza\u00e7\u00e3o parceira APATO \u2013 Alternativas para Pequenas Agricultura no Tocantins.<\/p>\n\n\n\n<p>A presen\u00e7a da  refor\u00e7a o compromisso com a defesa dos territ\u00f3rios e o fortalecimento das comunidades tradicionais, ampliando as conex\u00f5es entre a luta das quebradeiras de coco e os debates internacionais sobre justi\u00e7a socioambiental que estar\u00e3o em pauta na COP30.\u00a0<\/p>\n\n\n\n<p>Durante o encontro, foram socializados os avan\u00e7os e desafios do Projeto Baqueli em diferentes territ\u00f3rios, destacando a implementa\u00e7\u00e3o das Leis do Baba\u00e7u Livre e as estrat\u00e9gias para garantir o livre acesso aos baba\u00e7uais. As participantes tamb\u00e9m denunciaram os impactos negativos do agroneg\u00f3cio e dos grandes empreendimentos sobre os territ\u00f3rios tradicionais, reafirmando a urg\u00eancia da luta pela preserva\u00e7\u00e3o ambiental e pelos direitos das comunidades.&nbsp;<\/p>\n\n\n\n<p>\u201cA resist\u00eancia das quebradeiras de coco \u00e9 um s\u00edmbolo da luta pelos territ\u00f3rios livres e pela dignidade dos povos tradicionais. Fortalecer essas vozes \u00e9 essencial para construirmos alternativas sustent\u00e1veis e justas\u201d, destacou Joana Menezes durante o encontro.&nbsp;<\/p>\n\n\n\n<p>A participa\u00e7\u00e3o da REPAM nesse espa\u00e7o evidencia a import\u00e2ncia de somar for\u00e7as com movimentos populares e comunidades tradicionais, ampliando o di\u00e1logo em defesa da Casa Comum rumo \u00e0 COP30.&nbsp;<\/p>\n\n\n\n<figure class=\"wp-block-gallery has-nested-images columns-default is-cropped wp-block-gallery-1 is-layout-flex wp-block-gallery-is-layout-flex\">\n<figure class=\"wp-block-image size-large\"><img fetchpriority=\"high\" decoding=\"async\" width=\"771\" height=\"1024\" data-id=\"15889\" src=\"https:\/\/repam.org.br\/cop30\/wp-content\/uploads\/2025\/02\/WhatsApp-Image-2025-02-24-at-11.13.56-1-771x1024.jpeg\" alt=\"\" class=\"wp-image-15889\" srcset=\"https:\/\/repam.org.br\/cop30\/wp-content\/uploads\/2025\/02\/WhatsApp-Image-2025-02-24-at-11.13.56-1-771x1024.jpeg 771w, https:\/\/repam.org.br\/cop30\/wp-content\/uploads\/2025\/02\/WhatsApp-Image-2025-02-24-at-11.13.56-1-226x300.jpeg 226w, https:\/\/repam.org.br\/cop30\/wp-content\/uploads\/2025\/02\/WhatsApp-Image-2025-02-24-at-11.13.56-1-768x1021.jpeg 768w, https:\/\/repam.org.br\/cop30\/wp-content\/uploads\/2025\/02\/WhatsApp-Image-2025-02-24-at-11.13.56-1-1156x1536.jpeg 1156w, https:\/\/repam.org.br\/cop30\/wp-content\/uploads\/2025\/02\/WhatsApp-Image-2025-02-24-at-11.13.56-1.jpeg 1204w\" sizes=\"(max-width: 771px) 100vw, 771px\" \/><\/figure>\n\n\n\n<figure class=\"wp-block-image size-large\"><img decoding=\"async\" width=\"771\" height=\"1024\" data-id=\"15888\" src=\"https:\/\/repam.org.br\/cop30\/wp-content\/uploads\/2025\/02\/WhatsApp-Image-2025-02-24-at-11.13.56-771x1024.jpeg\" alt=\"\" class=\"wp-image-15888\" srcset=\"https:\/\/repam.org.br\/cop30\/wp-content\/uploads\/2025\/02\/WhatsApp-Image-2025-02-24-at-11.13.56-771x1024.jpeg 771w, https:\/\/repam.org.br\/cop30\/wp-content\/uploads\/2025\/02\/WhatsApp-Image-2025-02-24-at-11.13.56-226x300.jpeg 226w, https:\/\/repam.org.br\/cop30\/wp-content\/uploads\/2025\/02\/WhatsApp-Image-2025-02-24-at-11.13.56-768x1021.jpeg 768w, https:\/\/repam.org.br\/cop30\/wp-content\/uploads\/2025\/02\/WhatsApp-Image-2025-02-24-at-11.13.56-1156x1536.jpeg 1156w, https:\/\/repam.org.br\/cop30\/wp-content\/uploads\/2025\/02\/WhatsApp-Image-2025-02-24-at-11.13.56.jpeg 1204w\" sizes=\"(max-width: 771px) 100vw, 771px\" \/><\/figure>\n<\/figure>\n\n\n","protected":false},"excerpt":{"rendered":"<p>Nos dias 18 e 19 de fevereiro, Joana Menezes representou a Mobiliza\u00e7\u00e3o dos Povos pela Terra e pelo Clima, articula\u00e7\u00e3o da REPAM rumo \u00e0 COP30, e Vanalda Ara\u00fajo representou a REPAM no encontro de Planejamento, Monitoramento e Avalia\u00e7\u00e3o do Projeto Baqueli: Baba\u00e7u Livre, Quebradeiras Livres, realizado no Rancho dos Padres, em S\u00e3o Domingos do Araguaia (PA). O evento, promovido pelo Movimento Interestadual das Quebradeiras de Coco Baba\u00e7u (MIQCB), reuniu quebradeiras de coco e lideran\u00e7as das regionais do Tocantins e Par\u00e1, al\u00e9m da organiza\u00e7\u00e3o parceira APATO \u2013 Alternativas para Pequenas Agricultura no Tocantins. A presen\u00e7a da refor\u00e7a o compromisso com a defesa dos territ\u00f3rios e o fortalecimento das comunidades tradicionais, ampliando as conex\u00f5es entre a luta das quebradeiras de coco e os debates internacionais sobre justi\u00e7a socioambiental que estar\u00e3o em pauta na COP30.\u00a0 Durante o encontro, foram socializados os avan\u00e7os e desafios do Projeto Baqueli em diferentes territ\u00f3rios, destacando a implementa\u00e7\u00e3o das Leis do Baba\u00e7u Livre e as estrat\u00e9gias para garantir o livre acesso aos baba\u00e7uais. As participantes tamb\u00e9m denunciaram os impactos negativos do agroneg\u00f3cio e dos grandes empreendimentos sobre os territ\u00f3rios tradicionais, reafirmando a urg\u00eancia da luta pela preserva\u00e7\u00e3o ambiental e pelos direitos das comunidades.&nbsp; \u201cA resist\u00eancia das quebradeiras de coco \u00e9 um s\u00edmbolo da luta pelos territ\u00f3rios livres e pela dignidade dos povos tradicionais. Fortalecer essas vozes \u00e9 essencial para construirmos alternativas sustent\u00e1veis e justas\u201d, destacou Joana Menezes durante o encontro.&nbsp; A participa\u00e7\u00e3o da REPAM nesse espa\u00e7o evidencia a import\u00e2ncia de somar for\u00e7as com movimentos populares e comunidades tradicionais, ampliando o di\u00e1logo em defesa da Casa Comum rumo \u00e0 COP30.&nbsp;<\/p>\n","protected":false},"author":3,"featured_media":15887,"comment_status":"closed","ping_status":"open","sticky":false,"template":"","format":"standard","meta":{"footnotes":""},"categories":[5],"tags":[],"class_list":["post-15886","post","type-post","status-publish","format-standard","has-post-thumbnail","hentry","category-noticias"],"rttpg_featured_image_url":{"full":["https:\/\/repam.org.br\/cop30\/wp-content\/uploads\/2025\/02\/WhatsApp-Image-2025-02-24-at-11.13.58.jpeg",1600,1204,false],"landscape":["https:\/\/repam.org.br\/cop30\/wp-content\/uploads\/2025\/02\/WhatsApp-Image-2025-02-24-at-11.13.58.jpeg",1600,1204,false],"portraits":["https:\/\/repam.org.br\/cop30\/wp-content\/uploads\/2025\/02\/WhatsApp-Image-2025-02-24-at-11.13.58.jpeg",1600,1204,false],"thumbnail":["https:\/\/repam.org.br\/cop30\/wp-content\/uploads\/2025\/02\/WhatsApp-Image-2025-02-24-at-11.13.58-150x150.jpeg",150,150,true],"medium":["https:\/\/repam.org.br\/cop30\/wp-content\/uploads\/2025\/02\/WhatsApp-Image-2025-02-24-at-11.13.58-300x226.jpeg",300,226,true],"large":["https:\/\/repam.org.br\/cop30\/wp-content\/uploads\/2025\/02\/WhatsApp-Image-2025-02-24-at-11.13.58-1024x771.jpeg",800,602,true],"1536x1536":["https:\/\/repam.org.br\/cop30\/wp-content\/uploads\/2025\/02\/WhatsApp-Image-2025-02-24-at-11.13.58-1536x1156.jpeg",1536,1156,true],"2048x2048":["https:\/\/repam.org.br\/cop30\/wp-content\/uploads\/2025\/02\/WhatsApp-Image-2025-02-24-at-11.13.58.jpeg",1600,1204,false]},"rttpg_author":{"display_name":"Comunica\u00e7\u00e3o Cop30","author_link":"https:\/\/repam.org.br\/cop30\/author\/comunicacaocop30\/"},"rttpg_comment":0,"rttpg_category":"<a href=\"https:\/\/repam.org.br\/cop30\/category\/noticias\/\" rel=\"category tag\">Not\u00edcias<\/a>","rttpg_excerpt":"Nos dias 18 e 19 de fevereiro, Joana Menezes representou a Mobiliza\u00e7\u00e3o dos Povos pela Terra e pelo Clima, articula\u00e7\u00e3o da REPAM rumo \u00e0 COP30, e Vanalda Ara\u00fajo representou a REPAM no encontro de Planejamento, Monitoramento e Avalia\u00e7\u00e3o do Projeto Baqueli: Baba\u00e7u Livre, Quebradeiras Livres, realizado no Rancho dos Padres, em S\u00e3o Domingos do Araguaia&hellip;","_links":{"self":[{"href":"https:\/\/repam.org.br\/cop30\/wp-json\/wp\/v2\/posts\/15886","targetHints":{"allow":["GET"]}}],"collection":[{"href":"https:\/\/repam.org.br\/cop30\/wp-json\/wp\/v2\/posts"}],"about":[{"href":"https:\/\/repam.org.br\/cop30\/wp-json\/wp\/v2\/types\/post"}],"author":[{"embeddable":true,"href":"https:\/\/repam.org.br\/cop30\/wp-json\/wp\/v2\/users\/3"}],"replies":[{"embeddable":true,"href":"https:\/\/repam.org.br\/cop30\/wp-json\/wp\/v2\/comments?post=15886"}],"version-history":[{"count":2,"href":"https:\/\/repam.org.br\/cop30\/wp-json\/wp\/v2\/posts\/15886\/revisions"}],"predecessor-version":[{"id":15907,"href":"https:\/\/repam.org.br\/cop30\/wp-json\/wp\/v2\/posts\/15886\/revisions\/15907"}],"wp:featuredmedia":[{"embeddable":true,"href":"https:\/\/repam.org.br\/cop30\/wp-json\/wp\/v2\/media\/15887"}],"wp:attachment":[{"href":"https:\/\/repam.org.br\/cop30\/wp-json\/wp\/v2\/media?parent=15886"}],"wp:term":[{"taxonomy":"category","embeddable":true,"href":"https:\/\/repam.org.br\/cop30\/wp-json\/wp\/v2\/categories?post=15886"},{"taxonomy":"post_tag","embeddable":true,"href":"https:\/\/repam.org.br\/cop30\/wp-json\/wp\/v2\/tags?post=15886"}],"curies":[{"name":"wp","href":"https:\/\/api.w.org\/{rel}","templated":true}]}}