{"id":15891,"date":"2025-02-24T12:10:52","date_gmt":"2025-02-24T15:10:52","guid":{"rendered":"https:\/\/repam.org.br\/cop30\/?p=15891"},"modified":"2025-02-24T12:12:55","modified_gmt":"2025-02-24T15:12:55","slug":"reunioes-estrategicas-em-belem-fortalecem-a-mobilizacao-dos-povos-pela-terra-e-pelo-clima-rumo-a-cop30","status":"publish","type":"post","link":"https:\/\/repam.org.br\/cop30\/reunioes-estrategicas-em-belem-fortalecem-a-mobilizacao-dos-povos-pela-terra-e-pelo-clima-rumo-a-cop30\/","title":{"rendered":"Reuni\u00f5es estrat\u00e9gicas em Bel\u00e9m fortalecem a Mobiliza\u00e7\u00e3o dos Povos pela Terra e pelo Clima rumo \u00e0 COP30\u00a0"},"content":{"rendered":"\n<p>O escrit\u00f3rio da Mobiliza\u00e7\u00e3o dos Povos pela Terra e pelo Clima, em Bel\u00e9m, foi palco de importantes reuni\u00f5es estrat\u00e9gicas que impulsionam os preparativos rumo \u00e0 COP30, que acontecer\u00e1 em 2025 na capital paraense.&nbsp;<\/p>\n\n\n\n<p>Joana Menezes, articuladora da Rede Eclesial Pan-Amaz\u00f4nica (REPAM), e Eduardo Soares, secret\u00e1rio da Mobiliza\u00e7\u00e3o, receberam&nbsp;representantes do Greenpeace, que abordaram quest\u00f5es cruciais sobre os <em>maret\u00f3rios<\/em>, a extra\u00e7\u00e3o de petr\u00f3leo em \u00e1reas sens\u00edveis, as reservas extrativistas e outras demandas urgentes dos territ\u00f3rios afetados.&nbsp;<\/p>\n\n\n\n<p>As discuss\u00f5es refor\u00e7aram o compromisso coletivo de construir uma COP30 plural e inclusiva, onde as vozes dos povos da Amaz\u00f4nia e dos territ\u00f3rios tradicionais sejam ouvidas e respeitadas. A Mobiliza\u00e7\u00e3o dos Povos pela Terra e pelo Clima segue atuando para articular movimentos e comunidades antes, durante e ap\u00f3s a COP, fortalecendo suas lutas e ampliando sua capacidade de incid\u00eancia pol\u00edtica em prol da justi\u00e7a socioambiental.&nbsp;<\/p>\n\n\n\n<p>As reuni\u00f5es estrat\u00e9gicas marcam mais um passo importante para garantir que a COP30 seja um evento de di\u00e1logo profundo e efetivo, colocando no centro as vozes e os direitos daqueles que protegem os territ\u00f3rios e a Casa Comum.&nbsp;<\/p>\n","protected":false},"excerpt":{"rendered":"<p>O escrit\u00f3rio da Mobiliza\u00e7\u00e3o dos Povos pela Terra e pelo Clima, em Bel\u00e9m, foi palco de importantes reuni\u00f5es estrat\u00e9gicas que impulsionam os preparativos rumo \u00e0 COP30, que acontecer\u00e1 em 2025 na capital paraense.&nbsp; Joana Menezes, articuladora da Rede Eclesial Pan-Amaz\u00f4nica (REPAM), e Eduardo Soares, secret\u00e1rio da Mobiliza\u00e7\u00e3o, receberam&nbsp;representantes do Greenpeace, que abordaram quest\u00f5es cruciais sobre os maret\u00f3rios, a extra\u00e7\u00e3o de petr\u00f3leo em \u00e1reas sens\u00edveis, as reservas extrativistas e outras demandas urgentes dos territ\u00f3rios afetados.&nbsp; As discuss\u00f5es refor\u00e7aram o compromisso coletivo de construir uma COP30 plural e inclusiva, onde as vozes dos povos da Amaz\u00f4nia e dos territ\u00f3rios tradicionais sejam ouvidas e respeitadas. A Mobiliza\u00e7\u00e3o dos Povos pela Terra e pelo Clima segue atuando para articular movimentos e comunidades antes, durante e ap\u00f3s a COP, fortalecendo suas lutas e ampliando sua capacidade de incid\u00eancia pol\u00edtica em prol da justi\u00e7a socioambiental.&nbsp; As reuni\u00f5es estrat\u00e9gicas marcam mais um passo importante para garantir que a COP30 seja um evento de di\u00e1logo profundo e efetivo, colocando no centro as vozes e os direitos daqueles que protegem os territ\u00f3rios e a Casa Comum.&nbsp;<\/p>\n","protected":false},"author":3,"featured_media":15892,"comment_status":"closed","ping_status":"open","sticky":false,"template":"","format":"standard","meta":{"footnotes":""},"categories":[5],"tags":[],"class_list":["post-15891","post","type-post","status-publish","format-standard","has-post-thumbnail","hentry","category-noticias"],"rttpg_featured_image_url":{"full":["https:\/\/repam.org.br\/cop30\/wp-content\/uploads\/2025\/02\/WhatsApp-Image-2025-02-18-at-18.14.38.jpeg",1280,960,false],"landscape":["https:\/\/repam.org.br\/cop30\/wp-content\/uploads\/2025\/02\/WhatsApp-Image-2025-02-18-at-18.14.38.jpeg",1280,960,false],"portraits":["https:\/\/repam.org.br\/cop30\/wp-content\/uploads\/2025\/02\/WhatsApp-Image-2025-02-18-at-18.14.38.jpeg",1280,960,false],"thumbnail":["https:\/\/repam.org.br\/cop30\/wp-content\/uploads\/2025\/02\/WhatsApp-Image-2025-02-18-at-18.14.38-150x150.jpeg",150,150,true],"medium":["https:\/\/repam.org.br\/cop30\/wp-content\/uploads\/2025\/02\/WhatsApp-Image-2025-02-18-at-18.14.38-300x225.jpeg",300,225,true],"large":["https:\/\/repam.org.br\/cop30\/wp-content\/uploads\/2025\/02\/WhatsApp-Image-2025-02-18-at-18.14.38-1024x768.jpeg",800,600,true],"1536x1536":["https:\/\/repam.org.br\/cop30\/wp-content\/uploads\/2025\/02\/WhatsApp-Image-2025-02-18-at-18.14.38.jpeg",1280,960,false],"2048x2048":["https:\/\/repam.org.br\/cop30\/wp-content\/uploads\/2025\/02\/WhatsApp-Image-2025-02-18-at-18.14.38.jpeg",1280,960,false]},"rttpg_author":{"display_name":"Comunica\u00e7\u00e3o Cop30","author_link":"https:\/\/repam.org.br\/cop30\/author\/comunicacaocop30\/"},"rttpg_comment":0,"rttpg_category":"<a href=\"https:\/\/repam.org.br\/cop30\/category\/noticias\/\" rel=\"category tag\">Not\u00edcias<\/a>","rttpg_excerpt":"O escrit\u00f3rio da Mobiliza\u00e7\u00e3o dos Povos pela Terra e pelo Clima, em Bel\u00e9m, foi palco de importantes reuni\u00f5es estrat\u00e9gicas que impulsionam os preparativos rumo \u00e0 COP30, que acontecer\u00e1 em 2025 na capital paraense.&nbsp; Joana Menezes, articuladora da Rede Eclesial Pan-Amaz\u00f4nica (REPAM), e Eduardo Soares, secret\u00e1rio da Mobiliza\u00e7\u00e3o, receberam&nbsp;representantes do Greenpeace, que abordaram quest\u00f5es cruciais sobre&hellip;","_links":{"self":[{"href":"https:\/\/repam.org.br\/cop30\/wp-json\/wp\/v2\/posts\/15891","targetHints":{"allow":["GET"]}}],"collection":[{"href":"https:\/\/repam.org.br\/cop30\/wp-json\/wp\/v2\/posts"}],"about":[{"href":"https:\/\/repam.org.br\/cop30\/wp-json\/wp\/v2\/types\/post"}],"author":[{"embeddable":true,"href":"https:\/\/repam.org.br\/cop30\/wp-json\/wp\/v2\/users\/3"}],"replies":[{"embeddable":true,"href":"https:\/\/repam.org.br\/cop30\/wp-json\/wp\/v2\/comments?post=15891"}],"version-history":[{"count":1,"href":"https:\/\/repam.org.br\/cop30\/wp-json\/wp\/v2\/posts\/15891\/revisions"}],"predecessor-version":[{"id":15893,"href":"https:\/\/repam.org.br\/cop30\/wp-json\/wp\/v2\/posts\/15891\/revisions\/15893"}],"wp:featuredmedia":[{"embeddable":true,"href":"https:\/\/repam.org.br\/cop30\/wp-json\/wp\/v2\/media\/15892"}],"wp:attachment":[{"href":"https:\/\/repam.org.br\/cop30\/wp-json\/wp\/v2\/media?parent=15891"}],"wp:term":[{"taxonomy":"category","embeddable":true,"href":"https:\/\/repam.org.br\/cop30\/wp-json\/wp\/v2\/categories?post=15891"},{"taxonomy":"post_tag","embeddable":true,"href":"https:\/\/repam.org.br\/cop30\/wp-json\/wp\/v2\/tags?post=15891"}],"curies":[{"name":"wp","href":"https:\/\/api.w.org\/{rel}","templated":true}]}}