{"id":15894,"date":"2025-02-24T16:18:48","date_gmt":"2025-02-24T19:18:48","guid":{"rendered":"https:\/\/repam.org.br\/cop30\/?p=15894"},"modified":"2025-02-24T16:19:37","modified_gmt":"2025-02-24T19:19:37","slug":"repam-participa-de-ato-em-memoria-aos-20-anos-de-martirio-da-irma-dorothy-stang","status":"publish","type":"post","link":"https:\/\/repam.org.br\/cop30\/repam-participa-de-ato-em-memoria-aos-20-anos-de-martirio-da-irma-dorothy-stang\/","title":{"rendered":"REPAM participa de ato em mem\u00f3ria aos 20 anos de mart\u00edrio da irm\u00e3 Dorothy"},"content":{"rendered":"\n<p>No dia 12 de fevereiro, a Articula\u00e7\u00e3o REPAM participou do ato em homenagem aos 20 anos de mart\u00edrio da irm\u00e3 Dorothy Stang, s\u00edmbolo de resist\u00eancia e luta pelos direitos dos povos da Amaz\u00f4nia. O evento relembrou sua vida, trajet\u00f3ria e o compromisso com a defesa da floresta e dos povos tradicionais.<\/p>\n\n\n\n<p>O ato contou com a presen\u00e7a de movimentos sociais, pastorais, Povos de Matriz Africana, sindicatos e federa\u00e7\u00f5es que lutam por terra e territ\u00f3rio no Par\u00e1 e em todo o Brasil. Em um momento significativo para os territ\u00f3rios amaz\u00f4nicos, as discuss\u00f5es ressaltaram a urg\u00eancia de fortalecer a resist\u00eancia frente ao avan\u00e7o do Agroneg\u00f3cio e dos grandes projetos na Amaz\u00f4nia, especialmente no contexto dos preparativos para a COP 30.<\/p>\n\n\n\n<p>Joana Menezes representou a Mobiliza\u00e7\u00e3o dos Povos pela Terra e pelo Clima, articula\u00e7\u00e3o da REPAM rumo \u00e0 COP 30, refor\u00e7ando o compromisso coletivo com a defesa dos territ\u00f3rios e dos direitos dos povos amaz\u00f4nicos.<\/p>\n\n\n\n<figure class=\"wp-block-gallery has-nested-images columns-default is-cropped wp-block-gallery-1 is-layout-flex wp-block-gallery-is-layout-flex\">\n<figure class=\"wp-block-image size-large\"><img fetchpriority=\"high\" decoding=\"async\" width=\"771\" height=\"1024\" data-id=\"15896\" src=\"https:\/\/repam.org.br\/cop30\/wp-content\/uploads\/2025\/02\/WhatsApp-Image-2025-02-24-at-15.58.02-2-771x1024.jpeg\" alt=\"\" class=\"wp-image-15896\" srcset=\"https:\/\/repam.org.br\/cop30\/wp-content\/uploads\/2025\/02\/WhatsApp-Image-2025-02-24-at-15.58.02-2-771x1024.jpeg 771w, https:\/\/repam.org.br\/cop30\/wp-content\/uploads\/2025\/02\/WhatsApp-Image-2025-02-24-at-15.58.02-2-226x300.jpeg 226w, https:\/\/repam.org.br\/cop30\/wp-content\/uploads\/2025\/02\/WhatsApp-Image-2025-02-24-at-15.58.02-2-768x1021.jpeg 768w, https:\/\/repam.org.br\/cop30\/wp-content\/uploads\/2025\/02\/WhatsApp-Image-2025-02-24-at-15.58.02-2-1156x1536.jpeg 1156w, https:\/\/repam.org.br\/cop30\/wp-content\/uploads\/2025\/02\/WhatsApp-Image-2025-02-24-at-15.58.02-2.jpeg 1204w\" sizes=\"(max-width: 771px) 100vw, 771px\" \/><\/figure>\n\n\n\n<figure class=\"wp-block-image size-large\"><img decoding=\"async\" width=\"768\" height=\"1024\" data-id=\"15897\" src=\"https:\/\/repam.org.br\/cop30\/wp-content\/uploads\/2025\/02\/WhatsApp-Image-2025-02-24-at-15.58.01-768x1024.jpeg\" alt=\"\" class=\"wp-image-15897\" srcset=\"https:\/\/repam.org.br\/cop30\/wp-content\/uploads\/2025\/02\/WhatsApp-Image-2025-02-24-at-15.58.01-768x1024.jpeg 768w, https:\/\/repam.org.br\/cop30\/wp-content\/uploads\/2025\/02\/WhatsApp-Image-2025-02-24-at-15.58.01-225x300.jpeg 225w, https:\/\/repam.org.br\/cop30\/wp-content\/uploads\/2025\/02\/WhatsApp-Image-2025-02-24-at-15.58.01-1152x1536.jpeg 1152w, https:\/\/repam.org.br\/cop30\/wp-content\/uploads\/2025\/02\/WhatsApp-Image-2025-02-24-at-15.58.01-1536x2048.jpeg 1536w, https:\/\/repam.org.br\/cop30\/wp-content\/uploads\/2025\/02\/WhatsApp-Image-2025-02-24-at-15.58.01-scaled.jpeg 1920w\" sizes=\"(max-width: 768px) 100vw, 768px\" \/><\/figure>\n\n\n\n<figure class=\"wp-block-image size-large\"><img decoding=\"async\" width=\"768\" height=\"1024\" data-id=\"15898\" src=\"https:\/\/repam.org.br\/cop30\/wp-content\/uploads\/2025\/02\/WhatsApp-Image-2025-02-24-at-15.58.02-1-768x1024.jpeg\" alt=\"\" class=\"wp-image-15898\" srcset=\"https:\/\/repam.org.br\/cop30\/wp-content\/uploads\/2025\/02\/WhatsApp-Image-2025-02-24-at-15.58.02-1-768x1024.jpeg 768w, https:\/\/repam.org.br\/cop30\/wp-content\/uploads\/2025\/02\/WhatsApp-Image-2025-02-24-at-15.58.02-1-225x300.jpeg 225w, https:\/\/repam.org.br\/cop30\/wp-content\/uploads\/2025\/02\/WhatsApp-Image-2025-02-24-at-15.58.02-1-1152x1536.jpeg 1152w, https:\/\/repam.org.br\/cop30\/wp-content\/uploads\/2025\/02\/WhatsApp-Image-2025-02-24-at-15.58.02-1-1536x2048.jpeg 1536w, https:\/\/repam.org.br\/cop30\/wp-content\/uploads\/2025\/02\/WhatsApp-Image-2025-02-24-at-15.58.02-1-scaled.jpeg 1920w\" sizes=\"(max-width: 768px) 100vw, 768px\" \/><\/figure>\n<\/figure>\n","protected":false},"excerpt":{"rendered":"<p>No dia 12 de fevereiro, a Articula\u00e7\u00e3o REPAM participou do ato em homenagem aos 20 anos de mart\u00edrio da irm\u00e3 Dorothy Stang, s\u00edmbolo de resist\u00eancia e luta pelos direitos dos povos da Amaz\u00f4nia. O evento relembrou sua vida, trajet\u00f3ria e o compromisso com a defesa da floresta e dos povos tradicionais. O ato contou com a presen\u00e7a de movimentos sociais, pastorais, Povos de Matriz Africana, sindicatos e federa\u00e7\u00f5es que lutam por terra e territ\u00f3rio no Par\u00e1 e em todo o Brasil. Em um momento significativo para os territ\u00f3rios amaz\u00f4nicos, as discuss\u00f5es ressaltaram a urg\u00eancia de fortalecer a resist\u00eancia frente ao avan\u00e7o do Agroneg\u00f3cio e dos grandes projetos na Amaz\u00f4nia, especialmente no contexto dos preparativos para a COP 30. Joana Menezes representou a Mobiliza\u00e7\u00e3o dos Povos pela Terra e pelo Clima, articula\u00e7\u00e3o da REPAM rumo \u00e0 COP 30, refor\u00e7ando o compromisso coletivo com a defesa dos territ\u00f3rios e dos direitos dos povos amaz\u00f4nicos.<\/p>\n","protected":false},"author":3,"featured_media":15895,"comment_status":"closed","ping_status":"open","sticky":false,"template":"","format":"standard","meta":{"footnotes":""},"categories":[5],"tags":[],"class_list":["post-15894","post","type-post","status-publish","format-standard","has-post-thumbnail","hentry","category-noticias"],"rttpg_featured_image_url":{"full":["https:\/\/repam.org.br\/cop30\/wp-content\/uploads\/2025\/02\/WhatsApp-Image-2025-02-24-at-15.58.02.jpeg",1600,1066,false],"landscape":["https:\/\/repam.org.br\/cop30\/wp-content\/uploads\/2025\/02\/WhatsApp-Image-2025-02-24-at-15.58.02.jpeg",1600,1066,false],"portraits":["https:\/\/repam.org.br\/cop30\/wp-content\/uploads\/2025\/02\/WhatsApp-Image-2025-02-24-at-15.58.02.jpeg",1600,1066,false],"thumbnail":["https:\/\/repam.org.br\/cop30\/wp-content\/uploads\/2025\/02\/WhatsApp-Image-2025-02-24-at-15.58.02-150x150.jpeg",150,150,true],"medium":["https:\/\/repam.org.br\/cop30\/wp-content\/uploads\/2025\/02\/WhatsApp-Image-2025-02-24-at-15.58.02-300x200.jpeg",300,200,true],"large":["https:\/\/repam.org.br\/cop30\/wp-content\/uploads\/2025\/02\/WhatsApp-Image-2025-02-24-at-15.58.02-1024x682.jpeg",800,533,true],"1536x1536":["https:\/\/repam.org.br\/cop30\/wp-content\/uploads\/2025\/02\/WhatsApp-Image-2025-02-24-at-15.58.02-1536x1023.jpeg",1536,1023,true],"2048x2048":["https:\/\/repam.org.br\/cop30\/wp-content\/uploads\/2025\/02\/WhatsApp-Image-2025-02-24-at-15.58.02.jpeg",1600,1066,false]},"rttpg_author":{"display_name":"Comunica\u00e7\u00e3o Cop30","author_link":"https:\/\/repam.org.br\/cop30\/author\/comunicacaocop30\/"},"rttpg_comment":0,"rttpg_category":"<a href=\"https:\/\/repam.org.br\/cop30\/category\/noticias\/\" rel=\"category tag\">Not\u00edcias<\/a>","rttpg_excerpt":"No dia 12 de fevereiro, a Articula\u00e7\u00e3o REPAM participou do ato em homenagem aos 20 anos de mart\u00edrio da irm\u00e3 Dorothy Stang, s\u00edmbolo de resist\u00eancia e luta pelos direitos dos povos da Amaz\u00f4nia. O evento relembrou sua vida, trajet\u00f3ria e o compromisso com a defesa da floresta e dos povos tradicionais. O ato contou com&hellip;","_links":{"self":[{"href":"https:\/\/repam.org.br\/cop30\/wp-json\/wp\/v2\/posts\/15894","targetHints":{"allow":["GET"]}}],"collection":[{"href":"https:\/\/repam.org.br\/cop30\/wp-json\/wp\/v2\/posts"}],"about":[{"href":"https:\/\/repam.org.br\/cop30\/wp-json\/wp\/v2\/types\/post"}],"author":[{"embeddable":true,"href":"https:\/\/repam.org.br\/cop30\/wp-json\/wp\/v2\/users\/3"}],"replies":[{"embeddable":true,"href":"https:\/\/repam.org.br\/cop30\/wp-json\/wp\/v2\/comments?post=15894"}],"version-history":[{"count":2,"href":"https:\/\/repam.org.br\/cop30\/wp-json\/wp\/v2\/posts\/15894\/revisions"}],"predecessor-version":[{"id":15900,"href":"https:\/\/repam.org.br\/cop30\/wp-json\/wp\/v2\/posts\/15894\/revisions\/15900"}],"wp:featuredmedia":[{"embeddable":true,"href":"https:\/\/repam.org.br\/cop30\/wp-json\/wp\/v2\/media\/15895"}],"wp:attachment":[{"href":"https:\/\/repam.org.br\/cop30\/wp-json\/wp\/v2\/media?parent=15894"}],"wp:term":[{"taxonomy":"category","embeddable":true,"href":"https:\/\/repam.org.br\/cop30\/wp-json\/wp\/v2\/categories?post=15894"},{"taxonomy":"post_tag","embeddable":true,"href":"https:\/\/repam.org.br\/cop30\/wp-json\/wp\/v2\/tags?post=15894"}],"curies":[{"name":"wp","href":"https:\/\/api.w.org\/{rel}","templated":true}]}}