{"id":15909,"date":"2025-02-28T12:02:51","date_gmt":"2025-02-28T15:02:51","guid":{"rendered":"https:\/\/repam.org.br\/cop30\/?p=15909"},"modified":"2025-02-28T12:02:52","modified_gmt":"2025-02-28T15:02:52","slug":"mobilizacao-dos-povos-pela-terra-e-pelo-clima-rumo-a-cop30-recebe-faculdade-catolica-de-belem","status":"publish","type":"post","link":"https:\/\/repam.org.br\/cop30\/mobilizacao-dos-povos-pela-terra-e-pelo-clima-rumo-a-cop30-recebe-faculdade-catolica-de-belem\/","title":{"rendered":"Mobiliza\u00e7\u00e3o dos Povos pela Terra e pelo Clima: rumo \u00e0 COP30 recebe Faculdade Cat\u00f3lica de Bel\u00e9m"},"content":{"rendered":"\n<p>Hoje (27), recebemos a turma de extens\u00e3o da Faculdade Cat\u00f3lica de Bel\u00e9m, interessados em conhecer de perto o trabalho da REPAM e aprofundar o entendimento sobre a COP30. A mobiliza\u00e7\u00e3o busca articular a sociedade civil e promover di\u00e1logos essenciais sobre a preserva\u00e7\u00e3o ambiental e os impactos das mudan\u00e7as clim\u00e1ticas. O objetivo \u00e9 fortalecer vozes e a\u00e7\u00f5es em prol de um futuro sustent\u00e1vel e resiliente para todos.<\/p>\n\n\n\n<p>Durante o encontro, Joana Menezes, articuladora da REPAM, e Eduardo Soares, secret\u00e1rio da Mobiliza\u00e7\u00e3o, compartilharam perspectivas sobre os desafios e oportunidades no caminho at\u00e9 a COP30. Seguimos juntos nessa jornada!<\/p>\n","protected":false},"excerpt":{"rendered":"<p>Hoje (27), recebemos a turma de extens\u00e3o da Faculdade Cat\u00f3lica de Bel\u00e9m, interessados em conhecer de perto o trabalho da REPAM e aprofundar o entendimento sobre a COP30. A mobiliza\u00e7\u00e3o busca articular a sociedade civil e promover di\u00e1logos essenciais sobre a preserva\u00e7\u00e3o ambiental e os impactos das mudan\u00e7as clim\u00e1ticas. O objetivo \u00e9 fortalecer vozes e a\u00e7\u00f5es em prol de um futuro sustent\u00e1vel e resiliente para todos. Durante o encontro, Joana Menezes, articuladora da REPAM, e Eduardo Soares, secret\u00e1rio da Mobiliza\u00e7\u00e3o, compartilharam perspectivas sobre os desafios e oportunidades no caminho at\u00e9 a COP30. Seguimos juntos nessa jornada!<\/p>\n","protected":false},"author":3,"featured_media":15911,"comment_status":"closed","ping_status":"open","sticky":false,"template":"","format":"standard","meta":{"footnotes":""},"categories":[5],"tags":[],"class_list":["post-15909","post","type-post","status-publish","format-standard","has-post-thumbnail","hentry","category-noticias"],"rttpg_featured_image_url":{"full":["https:\/\/repam.org.br\/cop30\/wp-content\/uploads\/2025\/02\/WhatsApp-Image-2025-02-27-at-16.00.52-1.jpeg",1411,794,false],"landscape":["https:\/\/repam.org.br\/cop30\/wp-content\/uploads\/2025\/02\/WhatsApp-Image-2025-02-27-at-16.00.52-1.jpeg",1411,794,false],"portraits":["https:\/\/repam.org.br\/cop30\/wp-content\/uploads\/2025\/02\/WhatsApp-Image-2025-02-27-at-16.00.52-1.jpeg",1411,794,false],"thumbnail":["https:\/\/repam.org.br\/cop30\/wp-content\/uploads\/2025\/02\/WhatsApp-Image-2025-02-27-at-16.00.52-1-150x150.jpeg",150,150,true],"medium":["https:\/\/repam.org.br\/cop30\/wp-content\/uploads\/2025\/02\/WhatsApp-Image-2025-02-27-at-16.00.52-1-300x169.jpeg",300,169,true],"large":["https:\/\/repam.org.br\/cop30\/wp-content\/uploads\/2025\/02\/WhatsApp-Image-2025-02-27-at-16.00.52-1-1024x576.jpeg",800,450,true],"1536x1536":["https:\/\/repam.org.br\/cop30\/wp-content\/uploads\/2025\/02\/WhatsApp-Image-2025-02-27-at-16.00.52-1.jpeg",1411,794,false],"2048x2048":["https:\/\/repam.org.br\/cop30\/wp-content\/uploads\/2025\/02\/WhatsApp-Image-2025-02-27-at-16.00.52-1.jpeg",1411,794,false]},"rttpg_author":{"display_name":"Comunica\u00e7\u00e3o Cop30","author_link":"https:\/\/repam.org.br\/cop30\/author\/comunicacaocop30\/"},"rttpg_comment":0,"rttpg_category":"<a href=\"https:\/\/repam.org.br\/cop30\/category\/noticias\/\" rel=\"category tag\">Not\u00edcias<\/a>","rttpg_excerpt":"Hoje (27), recebemos a turma de extens\u00e3o da Faculdade Cat\u00f3lica de Bel\u00e9m, interessados em conhecer de perto o trabalho da REPAM e aprofundar o entendimento sobre a COP30. A mobiliza\u00e7\u00e3o busca articular a sociedade civil e promover di\u00e1logos essenciais sobre a preserva\u00e7\u00e3o ambiental e os impactos das mudan\u00e7as clim\u00e1ticas. O objetivo \u00e9 fortalecer vozes e&hellip;","_links":{"self":[{"href":"https:\/\/repam.org.br\/cop30\/wp-json\/wp\/v2\/posts\/15909","targetHints":{"allow":["GET"]}}],"collection":[{"href":"https:\/\/repam.org.br\/cop30\/wp-json\/wp\/v2\/posts"}],"about":[{"href":"https:\/\/repam.org.br\/cop30\/wp-json\/wp\/v2\/types\/post"}],"author":[{"embeddable":true,"href":"https:\/\/repam.org.br\/cop30\/wp-json\/wp\/v2\/users\/3"}],"replies":[{"embeddable":true,"href":"https:\/\/repam.org.br\/cop30\/wp-json\/wp\/v2\/comments?post=15909"}],"version-history":[{"count":1,"href":"https:\/\/repam.org.br\/cop30\/wp-json\/wp\/v2\/posts\/15909\/revisions"}],"predecessor-version":[{"id":15912,"href":"https:\/\/repam.org.br\/cop30\/wp-json\/wp\/v2\/posts\/15909\/revisions\/15912"}],"wp:featuredmedia":[{"embeddable":true,"href":"https:\/\/repam.org.br\/cop30\/wp-json\/wp\/v2\/media\/15911"}],"wp:attachment":[{"href":"https:\/\/repam.org.br\/cop30\/wp-json\/wp\/v2\/media?parent=15909"}],"wp:term":[{"taxonomy":"category","embeddable":true,"href":"https:\/\/repam.org.br\/cop30\/wp-json\/wp\/v2\/categories?post=15909"},{"taxonomy":"post_tag","embeddable":true,"href":"https:\/\/repam.org.br\/cop30\/wp-json\/wp\/v2\/tags?post=15909"}],"curies":[{"name":"wp","href":"https:\/\/api.w.org\/{rel}","templated":true}]}}