{"id":15915,"date":"2025-03-10T08:58:41","date_gmt":"2025-03-10T11:58:41","guid":{"rendered":"https:\/\/repam.org.br\/cop30\/?p=15915"},"modified":"2025-03-10T12:18:58","modified_gmt":"2025-03-10T15:18:58","slug":"mobilizacao-dos-povos-pela-terra-e-pelo-clima-participa-de-acao-pelo-dia-internacional-da-mulher","status":"publish","type":"post","link":"https:\/\/repam.org.br\/cop30\/mobilizacao-dos-povos-pela-terra-e-pelo-clima-participa-de-acao-pelo-dia-internacional-da-mulher\/","title":{"rendered":"Mobiliza\u00e7\u00e3o dos Povos pela Terra e pelo Clima participa de a\u00e7\u00e3o pelo Dia Internacional da Mulher"},"content":{"rendered":"\n<p><\/p>\n\n\n\n<p>No dia 8 de mar\u00e7o, a Mobiliza\u00e7\u00e3o dos Povos pela Terra e pelo Clima, em parceria com o <strong>Centro Popular de Forma\u00e7\u00e3o da Juventude \u2013 Vida e Juventude <\/strong>participou de uma importante a\u00e7\u00e3o em celebra\u00e7\u00e3o ao Dia Internacional da Mulher. O evento foi realizado a convite do Movimento de Mulheres do Esp\u00edrito Santo do Tau\u00e1, com o tema <strong>&#8220;ELAS e o Clima: Resistir \u00e0s Mudan\u00e7as Clim\u00e1ticas&#8221;<\/strong>.<\/p>\n\n\n\n<p>Durante a caminhada, foram levantadas reflex\u00f5es sobre a crise clim\u00e1tica e o papel fundamental das mulheres na luta por um futuro mais sustent\u00e1vel. Em seguida, a Roda de Conversa promoveu debates sobre os impactos ambientais na comunidade e em seu entorno, destacando a cria\u00e7\u00e3o de Reservas Extrativistas (RESEX) como uma estrat\u00e9gia essencial para a prote\u00e7\u00e3o da biodiversidade e da vida das popula\u00e7\u00f5es locais.<\/p>\n\n\n\n<p>As participantes tamb\u00e9m se manifestaram contr\u00e1rias \u00e0 explora\u00e7\u00e3o de petr\u00f3leo na costa da Amaz\u00f4nia, refor\u00e7ando a necessidade de defender os territ\u00f3rios e garantir os direitos dos povos amaz\u00f4nicos. Todas essas demandas e manifesta\u00e7\u00f5es estar\u00e3o registradas na <strong>Carta da Resist\u00eancia das Mulheres<\/strong>.<\/p>\n\n\n\n<p>Como parte do encerramento da a\u00e7\u00e3o, a comunidade convidou as parceiras para o plantio de \u00e1rvores na margem do Rio Tau\u00e1, marcando simbolicamente a urg\u00eancia da restaura\u00e7\u00e3o ambiental e da preserva\u00e7\u00e3o de esp\u00e9cies vegetais em risco de extin\u00e7\u00e3o.<\/p>\n\n\n\n<p>Representando a Mobiliza\u00e7\u00e3o dos Povos pela Terra e pelo Clima, Joana Menezes destacou a articula\u00e7\u00e3o com a REPAM rumo \u00e0 COP 30, reafirmando o compromisso coletivo na defesa dos territ\u00f3rios e dos direitos das popula\u00e7\u00f5es amaz\u00f4nicas.<\/p>\n\n\n\n<figure class=\"wp-block-gallery has-nested-images columns-default is-cropped wp-block-gallery-1 is-layout-flex wp-block-gallery-is-layout-flex\">\n<figure class=\"wp-block-image size-large\"><img fetchpriority=\"high\" decoding=\"async\" width=\"1024\" height=\"1024\" data-id=\"15921\" src=\"https:\/\/repam.org.br\/cop30\/wp-content\/uploads\/2025\/03\/WhatsApp-Image-2025-03-09-at-09.58.50-1024x1024.jpeg\" alt=\"\" class=\"wp-image-15921\" srcset=\"https:\/\/repam.org.br\/cop30\/wp-content\/uploads\/2025\/03\/WhatsApp-Image-2025-03-09-at-09.58.50-1024x1024.jpeg 1024w, https:\/\/repam.org.br\/cop30\/wp-content\/uploads\/2025\/03\/WhatsApp-Image-2025-03-09-at-09.58.50-300x300.jpeg 300w, https:\/\/repam.org.br\/cop30\/wp-content\/uploads\/2025\/03\/WhatsApp-Image-2025-03-09-at-09.58.50-150x150.jpeg 150w, https:\/\/repam.org.br\/cop30\/wp-content\/uploads\/2025\/03\/WhatsApp-Image-2025-03-09-at-09.58.50-768x768.jpeg 768w, https:\/\/repam.org.br\/cop30\/wp-content\/uploads\/2025\/03\/WhatsApp-Image-2025-03-09-at-09.58.50.jpeg 1528w\" sizes=\"(max-width: 1024px) 100vw, 1024px\" \/><\/figure>\n\n\n\n<figure class=\"wp-block-image size-large\"><img decoding=\"async\" width=\"1024\" height=\"576\" data-id=\"15919\" src=\"https:\/\/repam.org.br\/cop30\/wp-content\/uploads\/2025\/03\/WhatsApp-Image-2025-03-09-at-09.58.48-2-1024x576.jpeg\" alt=\"\" class=\"wp-image-15919\" srcset=\"https:\/\/repam.org.br\/cop30\/wp-content\/uploads\/2025\/03\/WhatsApp-Image-2025-03-09-at-09.58.48-2-1024x576.jpeg 1024w, https:\/\/repam.org.br\/cop30\/wp-content\/uploads\/2025\/03\/WhatsApp-Image-2025-03-09-at-09.58.48-2-300x169.jpeg 300w, https:\/\/repam.org.br\/cop30\/wp-content\/uploads\/2025\/03\/WhatsApp-Image-2025-03-09-at-09.58.48-2-768x432.jpeg 768w, https:\/\/repam.org.br\/cop30\/wp-content\/uploads\/2025\/03\/WhatsApp-Image-2025-03-09-at-09.58.48-2-1536x864.jpeg 1536w, https:\/\/repam.org.br\/cop30\/wp-content\/uploads\/2025\/03\/WhatsApp-Image-2025-03-09-at-09.58.48-2.jpeg 1599w\" sizes=\"(max-width: 1024px) 100vw, 1024px\" \/><\/figure>\n\n\n\n<figure class=\"wp-block-image size-large\"><img decoding=\"async\" width=\"1024\" height=\"576\" data-id=\"15920\" src=\"https:\/\/repam.org.br\/cop30\/wp-content\/uploads\/2025\/03\/WhatsApp-Image-2025-03-09-at-09.58.49-1-1024x576.jpeg\" alt=\"\" class=\"wp-image-15920\" srcset=\"https:\/\/repam.org.br\/cop30\/wp-content\/uploads\/2025\/03\/WhatsApp-Image-2025-03-09-at-09.58.49-1-1024x576.jpeg 1024w, https:\/\/repam.org.br\/cop30\/wp-content\/uploads\/2025\/03\/WhatsApp-Image-2025-03-09-at-09.58.49-1-300x169.jpeg 300w, https:\/\/repam.org.br\/cop30\/wp-content\/uploads\/2025\/03\/WhatsApp-Image-2025-03-09-at-09.58.49-1-768x432.jpeg 768w, https:\/\/repam.org.br\/cop30\/wp-content\/uploads\/2025\/03\/WhatsApp-Image-2025-03-09-at-09.58.49-1-1536x864.jpeg 1536w, https:\/\/repam.org.br\/cop30\/wp-content\/uploads\/2025\/03\/WhatsApp-Image-2025-03-09-at-09.58.49-1.jpeg 1599w\" sizes=\"(max-width: 1024px) 100vw, 1024px\" \/><\/figure>\n\n\n\n<figure class=\"wp-block-image size-large\"><img loading=\"lazy\" decoding=\"async\" width=\"1024\" height=\"576\" data-id=\"15918\" src=\"https:\/\/repam.org.br\/cop30\/wp-content\/uploads\/2025\/03\/WhatsApp-Image-2025-03-09-at-09.58.49-1024x576.jpeg\" alt=\"\" class=\"wp-image-15918\" srcset=\"https:\/\/repam.org.br\/cop30\/wp-content\/uploads\/2025\/03\/WhatsApp-Image-2025-03-09-at-09.58.49-1024x576.jpeg 1024w, https:\/\/repam.org.br\/cop30\/wp-content\/uploads\/2025\/03\/WhatsApp-Image-2025-03-09-at-09.58.49-300x169.jpeg 300w, https:\/\/repam.org.br\/cop30\/wp-content\/uploads\/2025\/03\/WhatsApp-Image-2025-03-09-at-09.58.49-768x432.jpeg 768w, https:\/\/repam.org.br\/cop30\/wp-content\/uploads\/2025\/03\/WhatsApp-Image-2025-03-09-at-09.58.49-1536x864.jpeg 1536w, https:\/\/repam.org.br\/cop30\/wp-content\/uploads\/2025\/03\/WhatsApp-Image-2025-03-09-at-09.58.49.jpeg 1599w\" sizes=\"(max-width: 1024px) 100vw, 1024px\" \/><\/figure>\n\n\n\n<figure class=\"wp-block-image size-large\"><img loading=\"lazy\" decoding=\"async\" width=\"1024\" height=\"1024\" data-id=\"15917\" src=\"https:\/\/repam.org.br\/cop30\/wp-content\/uploads\/2025\/03\/WhatsApp-Image-2025-03-09-at-09.58.48-1-1024x1024.jpeg\" alt=\"\" class=\"wp-image-15917\" srcset=\"https:\/\/repam.org.br\/cop30\/wp-content\/uploads\/2025\/03\/WhatsApp-Image-2025-03-09-at-09.58.48-1-1024x1024.jpeg 1024w, https:\/\/repam.org.br\/cop30\/wp-content\/uploads\/2025\/03\/WhatsApp-Image-2025-03-09-at-09.58.48-1-300x300.jpeg 300w, https:\/\/repam.org.br\/cop30\/wp-content\/uploads\/2025\/03\/WhatsApp-Image-2025-03-09-at-09.58.48-1-150x150.jpeg 150w, https:\/\/repam.org.br\/cop30\/wp-content\/uploads\/2025\/03\/WhatsApp-Image-2025-03-09-at-09.58.48-1-768x768.jpeg 768w, https:\/\/repam.org.br\/cop30\/wp-content\/uploads\/2025\/03\/WhatsApp-Image-2025-03-09-at-09.58.48-1.jpeg 1280w\" sizes=\"(max-width: 1024px) 100vw, 1024px\" \/><\/figure>\n<\/figure>\n","protected":false},"excerpt":{"rendered":"<p>No dia 8 de mar\u00e7o, a Mobiliza\u00e7\u00e3o dos Povos pela Terra e pelo Clima, em parceria com o Centro Popular de Forma\u00e7\u00e3o da Juventude \u2013 Vida e Juventude participou de uma importante a\u00e7\u00e3o em celebra\u00e7\u00e3o ao Dia Internacional da Mulher. O evento foi realizado a convite do Movimento de Mulheres do Esp\u00edrito Santo do Tau\u00e1, com o tema &#8220;ELAS e o Clima: Resistir \u00e0s Mudan\u00e7as Clim\u00e1ticas&#8221;. Durante a caminhada, foram levantadas reflex\u00f5es sobre a crise clim\u00e1tica e o papel fundamental das mulheres na luta por um futuro mais sustent\u00e1vel. Em seguida, a Roda de Conversa promoveu debates sobre os impactos ambientais na comunidade e em seu entorno, destacando a cria\u00e7\u00e3o de Reservas Extrativistas (RESEX) como uma estrat\u00e9gia essencial para a prote\u00e7\u00e3o da biodiversidade e da vida das popula\u00e7\u00f5es locais. As participantes tamb\u00e9m se manifestaram contr\u00e1rias \u00e0 explora\u00e7\u00e3o de petr\u00f3leo na costa da Amaz\u00f4nia, refor\u00e7ando a necessidade de defender os territ\u00f3rios e garantir os direitos dos povos amaz\u00f4nicos. Todas essas demandas e manifesta\u00e7\u00f5es estar\u00e3o registradas na Carta da Resist\u00eancia das Mulheres. Como parte do encerramento da a\u00e7\u00e3o, a comunidade convidou as parceiras para o plantio de \u00e1rvores na margem do Rio Tau\u00e1, marcando simbolicamente a urg\u00eancia da restaura\u00e7\u00e3o ambiental e da preserva\u00e7\u00e3o de esp\u00e9cies vegetais em risco de extin\u00e7\u00e3o. Representando a Mobiliza\u00e7\u00e3o dos Povos pela Terra e pelo Clima, Joana Menezes destacou a articula\u00e7\u00e3o com a REPAM rumo \u00e0 COP 30, reafirmando o compromisso coletivo na defesa dos territ\u00f3rios e dos direitos das popula\u00e7\u00f5es amaz\u00f4nicas.<\/p>\n","protected":false},"author":3,"featured_media":15916,"comment_status":"closed","ping_status":"open","sticky":false,"template":"","format":"standard","meta":{"footnotes":""},"categories":[5],"tags":[],"class_list":["post-15915","post","type-post","status-publish","format-standard","has-post-thumbnail","hentry","category-noticias"],"rttpg_featured_image_url":{"full":["https:\/\/repam.org.br\/cop30\/wp-content\/uploads\/2025\/03\/WhatsApp-Image-2025-03-09-at-09.58.48.jpeg",1599,899,false],"landscape":["https:\/\/repam.org.br\/cop30\/wp-content\/uploads\/2025\/03\/WhatsApp-Image-2025-03-09-at-09.58.48.jpeg",1599,899,false],"portraits":["https:\/\/repam.org.br\/cop30\/wp-content\/uploads\/2025\/03\/WhatsApp-Image-2025-03-09-at-09.58.48.jpeg",1599,899,false],"thumbnail":["https:\/\/repam.org.br\/cop30\/wp-content\/uploads\/2025\/03\/WhatsApp-Image-2025-03-09-at-09.58.48-150x150.jpeg",150,150,true],"medium":["https:\/\/repam.org.br\/cop30\/wp-content\/uploads\/2025\/03\/WhatsApp-Image-2025-03-09-at-09.58.48-300x169.jpeg",300,169,true],"large":["https:\/\/repam.org.br\/cop30\/wp-content\/uploads\/2025\/03\/WhatsApp-Image-2025-03-09-at-09.58.48-1024x576.jpeg",800,450,true],"1536x1536":["https:\/\/repam.org.br\/cop30\/wp-content\/uploads\/2025\/03\/WhatsApp-Image-2025-03-09-at-09.58.48-1536x864.jpeg",1536,864,true],"2048x2048":["https:\/\/repam.org.br\/cop30\/wp-content\/uploads\/2025\/03\/WhatsApp-Image-2025-03-09-at-09.58.48.jpeg",1599,899,false]},"rttpg_author":{"display_name":"Comunica\u00e7\u00e3o Cop30","author_link":"https:\/\/repam.org.br\/cop30\/author\/comunicacaocop30\/"},"rttpg_comment":0,"rttpg_category":"<a href=\"https:\/\/repam.org.br\/cop30\/category\/noticias\/\" rel=\"category tag\">Not\u00edcias<\/a>","rttpg_excerpt":"No dia 8 de mar\u00e7o, a Mobiliza\u00e7\u00e3o dos Povos pela Terra e pelo Clima, em parceria com o Centro Popular de Forma\u00e7\u00e3o da Juventude \u2013 Vida e Juventude participou de uma importante a\u00e7\u00e3o em celebra\u00e7\u00e3o ao Dia Internacional da Mulher. O evento foi realizado a convite do Movimento de Mulheres do Esp\u00edrito Santo do Tau\u00e1,&hellip;","_links":{"self":[{"href":"https:\/\/repam.org.br\/cop30\/wp-json\/wp\/v2\/posts\/15915","targetHints":{"allow":["GET"]}}],"collection":[{"href":"https:\/\/repam.org.br\/cop30\/wp-json\/wp\/v2\/posts"}],"about":[{"href":"https:\/\/repam.org.br\/cop30\/wp-json\/wp\/v2\/types\/post"}],"author":[{"embeddable":true,"href":"https:\/\/repam.org.br\/cop30\/wp-json\/wp\/v2\/users\/3"}],"replies":[{"embeddable":true,"href":"https:\/\/repam.org.br\/cop30\/wp-json\/wp\/v2\/comments?post=15915"}],"version-history":[{"count":2,"href":"https:\/\/repam.org.br\/cop30\/wp-json\/wp\/v2\/posts\/15915\/revisions"}],"predecessor-version":[{"id":15924,"href":"https:\/\/repam.org.br\/cop30\/wp-json\/wp\/v2\/posts\/15915\/revisions\/15924"}],"wp:featuredmedia":[{"embeddable":true,"href":"https:\/\/repam.org.br\/cop30\/wp-json\/wp\/v2\/media\/15916"}],"wp:attachment":[{"href":"https:\/\/repam.org.br\/cop30\/wp-json\/wp\/v2\/media?parent=15915"}],"wp:term":[{"taxonomy":"category","embeddable":true,"href":"https:\/\/repam.org.br\/cop30\/wp-json\/wp\/v2\/categories?post=15915"},{"taxonomy":"post_tag","embeddable":true,"href":"https:\/\/repam.org.br\/cop30\/wp-json\/wp\/v2\/tags?post=15915"}],"curies":[{"name":"wp","href":"https:\/\/api.w.org\/{rel}","templated":true}]}}