{"id":15986,"date":"2025-03-25T17:09:35","date_gmt":"2025-03-25T20:09:35","guid":{"rendered":"https:\/\/repam.org.br\/cop30\/?p=15986"},"modified":"2025-03-25T17:16:04","modified_gmt":"2025-03-25T20:16:04","slug":"mobilizacao-dos-povos-pela-terra-e-pelo-clima-fortalece-territorios-rumo-a-cop30","status":"publish","type":"post","link":"https:\/\/repam.org.br\/cop30\/mobilizacao-dos-povos-pela-terra-e-pelo-clima-fortalece-territorios-rumo-a-cop30\/","title":{"rendered":"Mobiliza\u00e7\u00e3o dos Povos pela Terra e pelo Clima fortalece territ\u00f3rios rumo \u00e0 COP30"},"content":{"rendered":"\n<p>No \u00faltimo s\u00e1bado, dia 22 de mar\u00e7o, a REPAM-Brasil, em parceria com a Associa\u00e7\u00e3o das Mulheres Trabalhadoras Rurais de Santar\u00e9m, promoveu uma roda de conversa essencial para debater as profundas transforma\u00e7\u00f5es clim\u00e1ticas que impactam a regi\u00e3o amaz\u00f4nica. O encontro ocorreu no Planalto de Santar\u00e9m, a aproximadamente 80 quil\u00f4metros da cidade, reunindo mulheres trabalhadoras rurais que, com protagonismo e engajamento, redigiram uma carta de demandas para a COP30.<\/p>\n\n\n\n<p>A iniciativa faz parte do Projeto Mobiliza\u00e7\u00e3o dos Povos pela Terra e pelo Clima, promovido pela REPAM-Brasil, que busca fortalecer o protagonismo das popula\u00e7\u00f5es tradicionais e de territ\u00f3rios amea\u00e7ados pelas mudan\u00e7as clim\u00e1ticas. <\/p>\n\n\n\n<p>A din\u00e2mica do evento permitiu uma troca rica de experi\u00eancias e preocupa\u00e7\u00f5es sobre os desafios enfrentados pelos territ\u00f3rios diante do avan\u00e7o do desmatamento e da expans\u00e3o do agroneg\u00f3cio. O desmatamento acelerado, a degrada\u00e7\u00e3o dos solos e a redu\u00e7\u00e3o dr\u00e1stica dos recursos h\u00eddricos foram alguns dos temas abordados, ressaltando os impactos diretos na agricultura familiar, na seguran\u00e7a alimentar e na qualidade de vida das comunidades locais.<\/p>\n\n\n\n<figure class=\"wp-block-gallery has-nested-images columns-default is-cropped wp-block-gallery-1 is-layout-flex wp-block-gallery-is-layout-flex\">\n<figure class=\"wp-block-image size-large\"><img fetchpriority=\"high\" decoding=\"async\" width=\"456\" height=\"1024\" data-id=\"15987\" src=\"https:\/\/repam.org.br\/cop30\/wp-content\/uploads\/2025\/03\/WhatsApp-Image-2025-03-25-at-11.27.47-456x1024.jpeg\" alt=\"\" class=\"wp-image-15987\" srcset=\"https:\/\/repam.org.br\/cop30\/wp-content\/uploads\/2025\/03\/WhatsApp-Image-2025-03-25-at-11.27.47-456x1024.jpeg 456w, https:\/\/repam.org.br\/cop30\/wp-content\/uploads\/2025\/03\/WhatsApp-Image-2025-03-25-at-11.27.47-134x300.jpeg 134w, https:\/\/repam.org.br\/cop30\/wp-content\/uploads\/2025\/03\/WhatsApp-Image-2025-03-25-at-11.27.47-684x1536.jpeg 684w, https:\/\/repam.org.br\/cop30\/wp-content\/uploads\/2025\/03\/WhatsApp-Image-2025-03-25-at-11.27.47.jpeg 713w\" sizes=\"(max-width: 456px) 100vw, 456px\" \/><\/figure>\n\n\n\n<figure class=\"wp-block-image size-large\"><img decoding=\"async\" width=\"456\" height=\"1024\" data-id=\"15988\" src=\"https:\/\/repam.org.br\/cop30\/wp-content\/uploads\/2025\/03\/WhatsApp-Image-2025-03-25-at-11.27.48-456x1024.jpeg\" alt=\"\" class=\"wp-image-15988\" srcset=\"https:\/\/repam.org.br\/cop30\/wp-content\/uploads\/2025\/03\/WhatsApp-Image-2025-03-25-at-11.27.48-456x1024.jpeg 456w, https:\/\/repam.org.br\/cop30\/wp-content\/uploads\/2025\/03\/WhatsApp-Image-2025-03-25-at-11.27.48-134x300.jpeg 134w, https:\/\/repam.org.br\/cop30\/wp-content\/uploads\/2025\/03\/WhatsApp-Image-2025-03-25-at-11.27.48-684x1536.jpeg 684w, https:\/\/repam.org.br\/cop30\/wp-content\/uploads\/2025\/03\/WhatsApp-Image-2025-03-25-at-11.27.48.jpeg 713w\" sizes=\"(max-width: 456px) 100vw, 456px\" \/><\/figure>\n\n\n\n<figure class=\"wp-block-image size-large\"><img decoding=\"async\" width=\"1024\" height=\"576\" data-id=\"15989\" src=\"https:\/\/repam.org.br\/cop30\/wp-content\/uploads\/2025\/03\/WhatsApp-Image-2025-03-25-at-11.27.49-1024x576.jpeg\" alt=\"\" class=\"wp-image-15989\" srcset=\"https:\/\/repam.org.br\/cop30\/wp-content\/uploads\/2025\/03\/WhatsApp-Image-2025-03-25-at-11.27.49-1024x576.jpeg 1024w, https:\/\/repam.org.br\/cop30\/wp-content\/uploads\/2025\/03\/WhatsApp-Image-2025-03-25-at-11.27.49-300x169.jpeg 300w, https:\/\/repam.org.br\/cop30\/wp-content\/uploads\/2025\/03\/WhatsApp-Image-2025-03-25-at-11.27.49-768x432.jpeg 768w, https:\/\/repam.org.br\/cop30\/wp-content\/uploads\/2025\/03\/WhatsApp-Image-2025-03-25-at-11.27.49-1536x864.jpeg 1536w, https:\/\/repam.org.br\/cop30\/wp-content\/uploads\/2025\/03\/WhatsApp-Image-2025-03-25-at-11.27.49.jpeg 1600w\" sizes=\"(max-width: 1024px) 100vw, 1024px\" \/><\/figure>\n<\/figure>\n\n\n\n<p>Marilene Rocha, dirigente da Associa\u00e7\u00e3o das Mulheres Trabalhadoras Rurais de Santar\u00e9m, a parceria com a organiza\u00e7\u00e3o foi essencial para garantir a realiza\u00e7\u00e3o do encontro e ampliar a voz das comunidades:<\/p>\n\n\n\n<p><em>&#8220;Dentro da nossa agenda, j\u00e1 t\u00ednhamos o planejamento estrat\u00e9gico de fazer alguns levantamentos, mas n\u00e3o t\u00ednhamos recursos para chegar at\u00e9 l\u00e1. Com o apoio da Mobiliza\u00e7\u00e3o da REPAM, conseguimos viabilizar a roda de conversa e mapear as principais bandeiras de luta que precisamos levar para a COP30. Foram discuss\u00f5es profundas sobre os impactos do agroneg\u00f3cio, o desmatamento e a substitui\u00e7\u00e3o das matas por lavouras de soja, transformando a paisagem e reduzindo as sombras da floresta. Precisamos seguir mobilizados para frear essa destrui\u00e7\u00e3o e garantir um futuro sustent\u00e1vel para as nossas comunidades, completa Marilene&#8221;<\/em><\/p>\n\n\n\n<p>A mobiliza\u00e7\u00e3o territorial promovida por iniciativas como essa fortalece o di\u00e1logo entre popula\u00e7\u00f5es tradicionais e decisores pol\u00edticos, ampliando a incid\u00eancia das vozes locais nos debates globais. A carta de demandas produzida ser\u00e1 apresentada na COP30, trazendo reivindica\u00e7\u00f5es concretas para a prote\u00e7\u00e3o da Amaz\u00f4nia e dos modos de vida sustent\u00e1veis na regi\u00e3o.<\/p>\n\n\n\n<p>Com a for\u00e7a da articula\u00e7\u00e3o popular e do compromisso com a justi\u00e7a socioambiental, seguimos em mobiliza\u00e7\u00e3o para garantir que as decis\u00f5es tomadas em esferas globais reflitam as necessidades e direitos daqueles que vivem e protegem a floresta diariamente.<\/p>\n","protected":false},"excerpt":{"rendered":"<p>No \u00faltimo s\u00e1bado, dia 22 de mar\u00e7o, a REPAM-Brasil, em parceria com a Associa\u00e7\u00e3o das Mulheres Trabalhadoras Rurais de Santar\u00e9m, promoveu uma roda de conversa essencial para debater as profundas transforma\u00e7\u00f5es clim\u00e1ticas que impactam a regi\u00e3o amaz\u00f4nica. O encontro ocorreu no Planalto de Santar\u00e9m, a aproximadamente 80 quil\u00f4metros da cidade, reunindo mulheres trabalhadoras rurais que, com protagonismo e engajamento, redigiram uma carta de demandas para a COP30. A iniciativa faz parte do Projeto Mobiliza\u00e7\u00e3o dos Povos pela Terra e pelo Clima, promovido pela REPAM-Brasil, que busca fortalecer o protagonismo das popula\u00e7\u00f5es tradicionais e de territ\u00f3rios amea\u00e7ados pelas mudan\u00e7as clim\u00e1ticas. A din\u00e2mica do evento permitiu uma troca rica de experi\u00eancias e preocupa\u00e7\u00f5es sobre os desafios enfrentados pelos territ\u00f3rios diante do avan\u00e7o do desmatamento e da expans\u00e3o do agroneg\u00f3cio. O desmatamento acelerado, a degrada\u00e7\u00e3o dos solos e a redu\u00e7\u00e3o dr\u00e1stica dos recursos h\u00eddricos foram alguns dos temas abordados, ressaltando os impactos diretos na agricultura familiar, na seguran\u00e7a alimentar e na qualidade de vida das comunidades locais. Marilene Rocha, dirigente da Associa\u00e7\u00e3o das Mulheres Trabalhadoras Rurais de Santar\u00e9m, a parceria com a organiza\u00e7\u00e3o foi essencial para garantir a realiza\u00e7\u00e3o do encontro e ampliar a voz das comunidades: &#8220;Dentro da nossa agenda, j\u00e1 t\u00ednhamos o planejamento estrat\u00e9gico de fazer alguns levantamentos, mas n\u00e3o t\u00ednhamos recursos para chegar at\u00e9 l\u00e1. Com o apoio da Mobiliza\u00e7\u00e3o da REPAM, conseguimos viabilizar a roda de conversa e mapear as principais bandeiras de luta que precisamos levar para a COP30. Foram discuss\u00f5es profundas sobre os impactos do agroneg\u00f3cio, o desmatamento e a substitui\u00e7\u00e3o das matas por lavouras de soja, transformando a paisagem e reduzindo as sombras da floresta. Precisamos seguir mobilizados para frear essa destrui\u00e7\u00e3o e garantir um futuro sustent\u00e1vel para as nossas comunidades, completa Marilene&#8221; A mobiliza\u00e7\u00e3o territorial promovida por iniciativas como essa fortalece o di\u00e1logo entre popula\u00e7\u00f5es tradicionais e decisores pol\u00edticos, ampliando a incid\u00eancia das vozes locais nos debates globais. A carta de demandas produzida ser\u00e1 apresentada na COP30, trazendo reivindica\u00e7\u00f5es concretas para a prote\u00e7\u00e3o da Amaz\u00f4nia e dos modos de vida sustent\u00e1veis na regi\u00e3o. Com a for\u00e7a da articula\u00e7\u00e3o popular e do compromisso com a justi\u00e7a socioambiental, seguimos em mobiliza\u00e7\u00e3o para garantir que as decis\u00f5es tomadas em esferas globais reflitam as necessidades e direitos daqueles que vivem e protegem a floresta diariamente.<\/p>\n","protected":false},"author":3,"featured_media":15990,"comment_status":"open","ping_status":"open","sticky":false,"template":"","format":"standard","meta":{"footnotes":""},"categories":[5],"tags":[],"class_list":["post-15986","post","type-post","status-publish","format-standard","has-post-thumbnail","hentry","category-noticias"],"rttpg_featured_image_url":{"full":["https:\/\/repam.org.br\/cop30\/wp-content\/uploads\/2025\/03\/WhatsApp-Image-2025-03-25-at-11.27.50.jpeg",1600,900,false],"landscape":["https:\/\/repam.org.br\/cop30\/wp-content\/uploads\/2025\/03\/WhatsApp-Image-2025-03-25-at-11.27.50.jpeg",1600,900,false],"portraits":["https:\/\/repam.org.br\/cop30\/wp-content\/uploads\/2025\/03\/WhatsApp-Image-2025-03-25-at-11.27.50.jpeg",1600,900,false],"thumbnail":["https:\/\/repam.org.br\/cop30\/wp-content\/uploads\/2025\/03\/WhatsApp-Image-2025-03-25-at-11.27.50-150x150.jpeg",150,150,true],"medium":["https:\/\/repam.org.br\/cop30\/wp-content\/uploads\/2025\/03\/WhatsApp-Image-2025-03-25-at-11.27.50-300x169.jpeg",300,169,true],"large":["https:\/\/repam.org.br\/cop30\/wp-content\/uploads\/2025\/03\/WhatsApp-Image-2025-03-25-at-11.27.50-1024x576.jpeg",800,450,true],"1536x1536":["https:\/\/repam.org.br\/cop30\/wp-content\/uploads\/2025\/03\/WhatsApp-Image-2025-03-25-at-11.27.50-1536x864.jpeg",1536,864,true],"2048x2048":["https:\/\/repam.org.br\/cop30\/wp-content\/uploads\/2025\/03\/WhatsApp-Image-2025-03-25-at-11.27.50.jpeg",1600,900,false]},"rttpg_author":{"display_name":"Comunica\u00e7\u00e3o Cop30","author_link":"https:\/\/repam.org.br\/cop30\/author\/comunicacaocop30\/"},"rttpg_comment":0,"rttpg_category":"<a href=\"https:\/\/repam.org.br\/cop30\/category\/noticias\/\" rel=\"category tag\">Not\u00edcias<\/a>","rttpg_excerpt":"No \u00faltimo s\u00e1bado, dia 22 de mar\u00e7o, a REPAM-Brasil, em parceria com a Associa\u00e7\u00e3o das Mulheres Trabalhadoras Rurais de Santar\u00e9m, promoveu uma roda de conversa essencial para debater as profundas transforma\u00e7\u00f5es clim\u00e1ticas que impactam a regi\u00e3o amaz\u00f4nica. O encontro ocorreu no Planalto de Santar\u00e9m, a aproximadamente 80 quil\u00f4metros da cidade, reunindo mulheres trabalhadoras rurais que,&hellip;","_links":{"self":[{"href":"https:\/\/repam.org.br\/cop30\/wp-json\/wp\/v2\/posts\/15986","targetHints":{"allow":["GET"]}}],"collection":[{"href":"https:\/\/repam.org.br\/cop30\/wp-json\/wp\/v2\/posts"}],"about":[{"href":"https:\/\/repam.org.br\/cop30\/wp-json\/wp\/v2\/types\/post"}],"author":[{"embeddable":true,"href":"https:\/\/repam.org.br\/cop30\/wp-json\/wp\/v2\/users\/3"}],"replies":[{"embeddable":true,"href":"https:\/\/repam.org.br\/cop30\/wp-json\/wp\/v2\/comments?post=15986"}],"version-history":[{"count":4,"href":"https:\/\/repam.org.br\/cop30\/wp-json\/wp\/v2\/posts\/15986\/revisions"}],"predecessor-version":[{"id":15994,"href":"https:\/\/repam.org.br\/cop30\/wp-json\/wp\/v2\/posts\/15986\/revisions\/15994"}],"wp:featuredmedia":[{"embeddable":true,"href":"https:\/\/repam.org.br\/cop30\/wp-json\/wp\/v2\/media\/15990"}],"wp:attachment":[{"href":"https:\/\/repam.org.br\/cop30\/wp-json\/wp\/v2\/media?parent=15986"}],"wp:term":[{"taxonomy":"category","embeddable":true,"href":"https:\/\/repam.org.br\/cop30\/wp-json\/wp\/v2\/categories?post=15986"},{"taxonomy":"post_tag","embeddable":true,"href":"https:\/\/repam.org.br\/cop30\/wp-json\/wp\/v2\/tags?post=15986"}],"curies":[{"name":"wp","href":"https:\/\/api.w.org\/{rel}","templated":true}]}}