{"id":15996,"date":"2025-03-28T16:10:31","date_gmt":"2025-03-28T19:10:31","guid":{"rendered":"https:\/\/repam.org.br\/cop30\/?p=15996"},"modified":"2025-03-28T18:35:37","modified_gmt":"2025-03-28T21:35:37","slug":"formacao-cop30-com-quebradeiras-de-coco-mobilizacao-dos-povos-pela-terra-e-pelo-clima","status":"publish","type":"post","link":"https:\/\/repam.org.br\/cop30\/formacao-cop30-com-quebradeiras-de-coco-mobilizacao-dos-povos-pela-terra-e-pelo-clima\/","title":{"rendered":"Forma\u00e7\u00e3o COP30 com Quebradeiras de Coco"},"content":{"rendered":"\n<p>Nesta sexta-feira (28), foi realizada uma forma\u00e7\u00e3o especial sobre a COP30, promovida pela Mobiliza\u00e7\u00e3o dos Povos pela Terra e pelo Clima \u2014 articula\u00e7\u00e3o da REPAM rumo \u00e0 COP30 \u2014 em parceria com o Movimento Interestadual das Quebradeiras de Coco Baba\u00e7u. O encontro reuniu mais de 45 participantes, com aten\u00e7\u00e3o especial aos territ\u00f3rios e \u00e0 atua\u00e7\u00e3o das mulheres quebradeiras de coco baba\u00e7u, refor\u00e7ando o protagonismo feminino na defesa da Amaz\u00f4nia e na valoriza\u00e7\u00e3o dos modos de vida tradicionais.<\/p>\n\n\n\n<p>A abertura do encontro foi marcada por versos que ecoam a luta das mulheres trabalhadoras e sua rela\u00e7\u00e3o com o territ\u00f3rio. Edsonete Moura iniciou a atividade com uma afirma\u00e7\u00e3o da identidade das quebradeiras de coco:<\/p>\n\n\n\n<blockquote class=\"wp-block-quote has-medium-font-size is-layout-flow wp-block-quote-is-layout-flow\">\n<p><strong>&#8220;Eu sou mulher trabalhadeira, eu tamb\u00e9m sou brasileira, fa\u00e7o parte da na\u00e7\u00e3o. Estou cansada de viver no sofrimento, n\u00e3o suporto, n\u00e3o aguento, preciso ter liberdade.&#8221;<\/strong><\/p>\n<\/blockquote>\n\n\n\n<p>Com essas palavras, teve in\u00edcio um espa\u00e7o de forma\u00e7\u00e3o e qualifica\u00e7\u00e3o, refor\u00e7ando a continuidade da luta das mulheres quebradeiras de coco pela garantia de direitos e pela defesa da Amaz\u00f4nia.<\/p>\n\n\n\n<p>Joana Menezes, da REPAM, destacou o papel da Rede Eclesial Pan-Amaz\u00f4nica na prote\u00e7\u00e3o da vida e dos povos da floresta e das \u00e1guas. Segundo ela, a mobiliza\u00e7\u00e3o \u00e9 um processo cont\u00ednuo de articula\u00e7\u00e3o e fortalecimento das lutas nos territ\u00f3rios. &#8220;Essa rede que estamos tecendo \u00e9 fundamental, sobretudo neste momento em que a luta coletiva tem se fortalecido&#8221;, enfatizou.<\/p>\n\n\n\n<p>Ela tamb\u00e9m ressaltou a import\u00e2ncia da unifica\u00e7\u00e3o das vozes para a conquista de direitos, citando o exemplo recente da ocupa\u00e7\u00e3o da Seduq por movimentos sociais: &#8220;\u00c9 um exemplo do que se torna vitorioso quando nos unimos na nossa diversidade&#8221;.<\/p>\n\n\n\n<h3 class=\"wp-block-heading\">COP30: O que est\u00e1 em jogo?<\/h3>\n\n\n\n<p>A jornalista Mayara Lima provocou uma reflex\u00e3o cr\u00edtica sobre a COP30 e sua relev\u00e2ncia em escala global. Ela ressaltou que a Confer\u00eancia do Clima n\u00e3o deve ser encarada como um evento festivo, mas sim como um espa\u00e7o de debate s\u00e9rio e decisivo sobre o futuro do planeta.:<\/p>\n\n\n\n<p>&#8220;\u00c9 um evento clim\u00e1tico que acontece desde 1995, reunindo mais de 195 pa\u00edses para encontrar solu\u00e7\u00f5es para a crise clim\u00e1tica. Precisamos ter consci\u00eancia da seriedade desse evento para evitar que ele seja utilizado para autopromo\u00e7\u00e3o pol\u00edtica&#8221;, destacou Mayara Lima, da Comunica\u00e7\u00e3o da Mobiliza\u00e7\u00e3o dos Povos pela Terra e pelo Clima.<\/p>\n\n\n\n<p>Mayara refor\u00e7ou ainda, a necessidade de incid\u00eancia antes, durante e depois da COP30, explicando que, quando os pa\u00edses chegarem ao Brasil, em novembro, suas metas j\u00e1 estar\u00e3o definidas. &#8220;Nosso trabalho de mobiliza\u00e7\u00e3o precisa ser constante. A luta pelo clima n\u00e3o pode acontecer apenas durante o evento&#8221;.<\/p>\n\n\n\n<p>O encontro tamb\u00e9m abordou a import\u00e2ncia da participa\u00e7\u00e3o ativa das comunidades tradicionais nas discuss\u00f5es clim\u00e1ticas. &#8220;N\u00e3o inserir esses povos no debate j\u00e1 \u00e9 um erro desde o in\u00edcio&#8221;, afirmou Mayara. Ela ressaltou que a luta pela Amaz\u00f4nia \u00e9 uma luta pela humanidade e citou a c\u00e9lebre frase de Chico Mendes:<\/p>\n\n\n\n<blockquote class=\"wp-block-quote has-large-font-size is-layout-flow wp-block-quote-is-layout-flow\">\n<p><strong>&#8220;No come\u00e7o, pensei que estivesse lutando para salvar seringueiras. Depois, pensei que estava lutando para salvar a floresta amaz\u00f4nica. Agora percebo que estou lutando pela humanidade.&#8221;<\/strong><\/p>\n<\/blockquote>\n\n\n\n<p>Como parte dos esfor\u00e7os para democratizar o acesso \u00e0 informa\u00e7\u00e3o, a REPAM lan\u00e7ou a cartilha <a href=\"https:\/\/repam.org.br\/cop30\/abc-das-cops\/\">&#8220;ABC das COPs&#8221;<\/a>, um material acess\u00edvel para que comunidades tradicionais possam entender e participar ativamente das discuss\u00f5es clim\u00e1ticas.<\/p>\n\n\n\n<p>A forma\u00e7\u00e3o foi um espa\u00e7o essencial para fortalecer o entendimento sobre a COP30 e preparar as quebradeiras de coco baba\u00e7u para incidirem nas discuss\u00f5es clim\u00e1ticas. O encontro reafirmou a import\u00e2ncia da organiza\u00e7\u00e3o coletiva e da participa\u00e7\u00e3o ativa dos povos da Amaz\u00f4nia na defesa do meio ambiente e dos direitos territoriais.<\/p>\n\n\n\n<p>Carla Pinheiro, participante da forma\u00e7\u00e3o encerrou o evento destacando a relev\u00e2ncia da forma\u00e7\u00e3o e a necessidade de manter essa articula\u00e7\u00e3o viva: <\/p>\n\n\n\n<blockquote class=\"wp-block-quote has-large-font-size is-layout-flow wp-block-quote-is-layout-flow\">\n<p><strong>&#8220;Este \u00e9 um momento fundamental para fortalecer as vozes das mulheres na luta pelo clima e pelos territ\u00f3rios. A mobiliza\u00e7\u00e3o precisa continuar antes, durante e depois da COP30, garantindo que as vozes dos povos da floresta sejam ouvidas e respeitadas no cen\u00e1rio global.&#8221;<\/strong><\/p>\n<\/blockquote>\n","protected":false},"excerpt":{"rendered":"<p>Nesta sexta-feira (28), foi realizada uma forma\u00e7\u00e3o especial sobre a COP30, promovida pela Mobiliza\u00e7\u00e3o dos Povos pela Terra e pelo Clima \u2014 articula\u00e7\u00e3o da REPAM rumo \u00e0 COP30 \u2014 em parceria com o Movimento Interestadual das Quebradeiras de Coco Baba\u00e7u. O encontro reuniu mais de 45 participantes, com aten\u00e7\u00e3o especial aos territ\u00f3rios e \u00e0 atua\u00e7\u00e3o das mulheres quebradeiras de coco baba\u00e7u, refor\u00e7ando o protagonismo feminino na defesa da Amaz\u00f4nia e na valoriza\u00e7\u00e3o dos modos de vida tradicionais. A abertura do encontro foi marcada por versos que ecoam a luta das mulheres trabalhadoras e sua rela\u00e7\u00e3o com o territ\u00f3rio. Edsonete Moura iniciou a atividade com uma afirma\u00e7\u00e3o da identidade das quebradeiras de coco: &#8220;Eu sou mulher trabalhadeira, eu tamb\u00e9m sou brasileira, fa\u00e7o parte da na\u00e7\u00e3o. Estou cansada de viver no sofrimento, n\u00e3o suporto, n\u00e3o aguento, preciso ter liberdade.&#8221; Com essas palavras, teve in\u00edcio um espa\u00e7o de forma\u00e7\u00e3o e qualifica\u00e7\u00e3o, refor\u00e7ando a continuidade da luta das mulheres quebradeiras de coco pela garantia de direitos e pela defesa da Amaz\u00f4nia. Joana Menezes, da REPAM, destacou o papel da Rede Eclesial Pan-Amaz\u00f4nica na prote\u00e7\u00e3o da vida e dos povos da floresta e das \u00e1guas. Segundo ela, a mobiliza\u00e7\u00e3o \u00e9 um processo cont\u00ednuo de articula\u00e7\u00e3o e fortalecimento das lutas nos territ\u00f3rios. &#8220;Essa rede que estamos tecendo \u00e9 fundamental, sobretudo neste momento em que a luta coletiva tem se fortalecido&#8221;, enfatizou. Ela tamb\u00e9m ressaltou a import\u00e2ncia da unifica\u00e7\u00e3o das vozes para a conquista de direitos, citando o exemplo recente da ocupa\u00e7\u00e3o da Seduq por movimentos sociais: &#8220;\u00c9 um exemplo do que se torna vitorioso quando nos unimos na nossa diversidade&#8221;. COP30: O que est\u00e1 em jogo? A jornalista Mayara Lima provocou uma reflex\u00e3o cr\u00edtica sobre a COP30 e sua relev\u00e2ncia em escala global. Ela ressaltou que a Confer\u00eancia do Clima n\u00e3o deve ser encarada como um evento festivo, mas sim como um espa\u00e7o de debate s\u00e9rio e decisivo sobre o futuro do planeta.: &#8220;\u00c9 um evento clim\u00e1tico que acontece desde 1995, reunindo mais de 195 pa\u00edses para encontrar solu\u00e7\u00f5es para a crise clim\u00e1tica. Precisamos ter consci\u00eancia da seriedade desse evento para evitar que ele seja utilizado para autopromo\u00e7\u00e3o pol\u00edtica&#8221;, destacou Mayara Lima, da Comunica\u00e7\u00e3o da Mobiliza\u00e7\u00e3o dos Povos pela Terra e pelo Clima. Mayara refor\u00e7ou ainda, a necessidade de incid\u00eancia antes, durante e depois da COP30, explicando que, quando os pa\u00edses chegarem ao Brasil, em novembro, suas metas j\u00e1 estar\u00e3o definidas. &#8220;Nosso trabalho de mobiliza\u00e7\u00e3o precisa ser constante. A luta pelo clima n\u00e3o pode acontecer apenas durante o evento&#8221;. O encontro tamb\u00e9m abordou a import\u00e2ncia da participa\u00e7\u00e3o ativa das comunidades tradicionais nas discuss\u00f5es clim\u00e1ticas. &#8220;N\u00e3o inserir esses povos no debate j\u00e1 \u00e9 um erro desde o in\u00edcio&#8221;, afirmou Mayara. Ela ressaltou que a luta pela Amaz\u00f4nia \u00e9 uma luta pela humanidade e citou a c\u00e9lebre frase de Chico Mendes: &#8220;No come\u00e7o, pensei que estivesse lutando para salvar seringueiras. Depois, pensei que estava lutando para salvar a floresta amaz\u00f4nica. Agora percebo que estou lutando pela humanidade.&#8221; Como parte dos esfor\u00e7os para democratizar o acesso \u00e0 informa\u00e7\u00e3o, a REPAM lan\u00e7ou a cartilha &#8220;ABC das COPs&#8221;, um material acess\u00edvel para que comunidades tradicionais possam entender e participar ativamente das discuss\u00f5es clim\u00e1ticas. A forma\u00e7\u00e3o foi um espa\u00e7o essencial para fortalecer o entendimento sobre a COP30 e preparar as quebradeiras de coco baba\u00e7u para incidirem nas discuss\u00f5es clim\u00e1ticas. O encontro reafirmou a import\u00e2ncia da organiza\u00e7\u00e3o coletiva e da participa\u00e7\u00e3o ativa dos povos da Amaz\u00f4nia na defesa do meio ambiente e dos direitos territoriais. Carla Pinheiro, participante da forma\u00e7\u00e3o encerrou o evento destacando a relev\u00e2ncia da forma\u00e7\u00e3o e a necessidade de manter essa articula\u00e7\u00e3o viva: &#8220;Este \u00e9 um momento fundamental para fortalecer as vozes das mulheres na luta pelo clima e pelos territ\u00f3rios. A mobiliza\u00e7\u00e3o precisa continuar antes, durante e depois da COP30, garantindo que as vozes dos povos da floresta sejam ouvidas e respeitadas no cen\u00e1rio global.&#8221;<\/p>\n","protected":false},"author":3,"featured_media":15999,"comment_status":"open","ping_status":"open","sticky":false,"template":"","format":"standard","meta":{"footnotes":""},"categories":[5],"tags":[],"class_list":["post-15996","post","type-post","status-publish","format-standard","has-post-thumbnail","hentry","category-noticias"],"rttpg_featured_image_url":{"full":["https:\/\/repam.org.br\/cop30\/wp-content\/uploads\/2025\/03\/WhatsApp-Image-2025-03-28-at-16.50.55.jpeg",1600,1001,false],"landscape":["https:\/\/repam.org.br\/cop30\/wp-content\/uploads\/2025\/03\/WhatsApp-Image-2025-03-28-at-16.50.55.jpeg",1600,1001,false],"portraits":["https:\/\/repam.org.br\/cop30\/wp-content\/uploads\/2025\/03\/WhatsApp-Image-2025-03-28-at-16.50.55.jpeg",1600,1001,false],"thumbnail":["https:\/\/repam.org.br\/cop30\/wp-content\/uploads\/2025\/03\/WhatsApp-Image-2025-03-28-at-16.50.55-150x150.jpeg",150,150,true],"medium":["https:\/\/repam.org.br\/cop30\/wp-content\/uploads\/2025\/03\/WhatsApp-Image-2025-03-28-at-16.50.55-300x188.jpeg",300,188,true],"large":["https:\/\/repam.org.br\/cop30\/wp-content\/uploads\/2025\/03\/WhatsApp-Image-2025-03-28-at-16.50.55-1024x641.jpeg",800,501,true],"1536x1536":["https:\/\/repam.org.br\/cop30\/wp-content\/uploads\/2025\/03\/WhatsApp-Image-2025-03-28-at-16.50.55-1536x961.jpeg",1536,961,true],"2048x2048":["https:\/\/repam.org.br\/cop30\/wp-content\/uploads\/2025\/03\/WhatsApp-Image-2025-03-28-at-16.50.55.jpeg",1600,1001,false]},"rttpg_author":{"display_name":"Comunica\u00e7\u00e3o Cop30","author_link":"https:\/\/repam.org.br\/cop30\/author\/comunicacaocop30\/"},"rttpg_comment":0,"rttpg_category":"<a href=\"https:\/\/repam.org.br\/cop30\/category\/noticias\/\" rel=\"category tag\">Not\u00edcias<\/a>","rttpg_excerpt":"Nesta sexta-feira (28), foi realizada uma forma\u00e7\u00e3o especial sobre a COP30, promovida pela Mobiliza\u00e7\u00e3o dos Povos pela Terra e pelo Clima \u2014 articula\u00e7\u00e3o da REPAM rumo \u00e0 COP30 \u2014 em parceria com o Movimento Interestadual das Quebradeiras de Coco Baba\u00e7u. O encontro reuniu mais de 45 participantes, com aten\u00e7\u00e3o especial aos territ\u00f3rios e \u00e0 atua\u00e7\u00e3o&hellip;","_links":{"self":[{"href":"https:\/\/repam.org.br\/cop30\/wp-json\/wp\/v2\/posts\/15996","targetHints":{"allow":["GET"]}}],"collection":[{"href":"https:\/\/repam.org.br\/cop30\/wp-json\/wp\/v2\/posts"}],"about":[{"href":"https:\/\/repam.org.br\/cop30\/wp-json\/wp\/v2\/types\/post"}],"author":[{"embeddable":true,"href":"https:\/\/repam.org.br\/cop30\/wp-json\/wp\/v2\/users\/3"}],"replies":[{"embeddable":true,"href":"https:\/\/repam.org.br\/cop30\/wp-json\/wp\/v2\/comments?post=15996"}],"version-history":[{"count":5,"href":"https:\/\/repam.org.br\/cop30\/wp-json\/wp\/v2\/posts\/15996\/revisions"}],"predecessor-version":[{"id":16005,"href":"https:\/\/repam.org.br\/cop30\/wp-json\/wp\/v2\/posts\/15996\/revisions\/16005"}],"wp:featuredmedia":[{"embeddable":true,"href":"https:\/\/repam.org.br\/cop30\/wp-json\/wp\/v2\/media\/15999"}],"wp:attachment":[{"href":"https:\/\/repam.org.br\/cop30\/wp-json\/wp\/v2\/media?parent=15996"}],"wp:term":[{"taxonomy":"category","embeddable":true,"href":"https:\/\/repam.org.br\/cop30\/wp-json\/wp\/v2\/categories?post=15996"},{"taxonomy":"post_tag","embeddable":true,"href":"https:\/\/repam.org.br\/cop30\/wp-json\/wp\/v2\/tags?post=15996"}],"curies":[{"name":"wp","href":"https:\/\/api.w.org\/{rel}","templated":true}]}}