{"id":16012,"date":"2025-04-03T18:16:04","date_gmt":"2025-04-03T21:16:04","guid":{"rendered":"https:\/\/repam.org.br\/cop30\/?p=16012"},"modified":"2025-04-04T08:08:34","modified_gmt":"2025-04-04T11:08:34","slug":"boletim-trimestral-da-mobilizacao-dos-povos-pela-terra-e-pelo-clima-avancos-rumo-a-cop30","status":"publish","type":"post","link":"https:\/\/repam.org.br\/cop30\/boletim-trimestral-da-mobilizacao-dos-povos-pela-terra-e-pelo-clima-avancos-rumo-a-cop30\/","title":{"rendered":"Boletim Trimestral da Mobiliza\u00e7\u00e3o dos Povos pela Terra e pelo Clima \u2013 Avan\u00e7os Rumo \u00e0 COP30"},"content":{"rendered":"\n<p>O <strong>Boletim Trimestral da Mobiliza\u00e7\u00e3o dos Povos pela Terra e pelo Clima<\/strong> traz um panorama das atividades realizadas entre os meses de janeiro, fevereiro e mar\u00e7o de 2025, refletindo o compromisso cont\u00ednuo com a luta pela preserva\u00e7\u00e3o ambiental e a promo\u00e7\u00e3o de um futuro mais justo e sustent\u00e1vel. Ao longo deste primeiro trimestre, a mobiliza\u00e7\u00e3o tem se intensificado, com a\u00e7\u00f5es concretas em diversos territ\u00f3rios, envolvendo comunidades e organiza\u00e7\u00f5es que est\u00e3o na linha de frente da defesa da Terra e do Clima.<\/p>\n\n\n\n<p>Durante os primeiros meses de 2025, a mobiliza\u00e7\u00e3o seguiu com seu objetivo de garantir que as vozes dos povos tradicionais, ind\u00edgenas, quilombolas, ribeirinhos e extrativistas sejam ouvidas e reconhecidas no cen\u00e1rio global, especialmente em prepara\u00e7\u00e3o para a COP30, que se aproxima. As principais atividades deste trimestre envolveram encontros estrat\u00e9gicos, a\u00e7\u00f5es de fortalecimento das lideran\u00e7as locais e articula\u00e7\u00f5es com organiza\u00e7\u00f5es parceiras, ampliando a visibilidade das lutas territoriais e ambientais.<\/p>\n\n\n\n<p>A mobiliza\u00e7\u00e3o segue firme em sua miss\u00e3o de garantir que as vozes dos povos que lutam pela terra e pelo clima sejam ouvidas e respeitadas, tanto no Brasil quanto internacionalmente, enquanto nos aproximamos da COP30. Cada a\u00e7\u00e3o, cada encontro, cada conversa fortalece o movimento em dire\u00e7\u00e3o a solu\u00e7\u00f5es reais e sustent\u00e1veis para a crise clim\u00e1tica, baseadas no conhecimento e na luta dos povos que vivem e protegem a Terra.<\/p>\n\n\n\n<p><strong>Acompanhe os pr\u00f3ximos boletins e junte-se a n\u00f3s nessa jornada. A mobiliza\u00e7\u00e3o segue com for\u00e7a, unindo for\u00e7as para um futuro mais justo, sustent\u00e1vel e equitativo para todos.<\/strong> Acompanhe o Boletim <a href=\"https:\/\/repam.org.br\/cop30\/wp-content\/uploads\/2025\/04\/News.pdf\">AQUI<\/a><\/p>\n\n\n\n<p><\/p>\n","protected":false},"excerpt":{"rendered":"<p>O Boletim Trimestral da Mobiliza\u00e7\u00e3o dos Povos pela Terra e pelo Clima traz um panorama das atividades realizadas entre os meses de janeiro, fevereiro e mar\u00e7o de 2025, refletindo o compromisso cont\u00ednuo com a luta pela preserva\u00e7\u00e3o ambiental e a promo\u00e7\u00e3o de um futuro mais justo e sustent\u00e1vel. Ao longo deste primeiro trimestre, a mobiliza\u00e7\u00e3o tem se intensificado, com a\u00e7\u00f5es concretas em diversos territ\u00f3rios, envolvendo comunidades e organiza\u00e7\u00f5es que est\u00e3o na linha de frente da defesa da Terra e do Clima. Durante os primeiros meses de 2025, a mobiliza\u00e7\u00e3o seguiu com seu objetivo de garantir que as vozes dos povos tradicionais, ind\u00edgenas, quilombolas, ribeirinhos e extrativistas sejam ouvidas e reconhecidas no cen\u00e1rio global, especialmente em prepara\u00e7\u00e3o para a COP30, que se aproxima. As principais atividades deste trimestre envolveram encontros estrat\u00e9gicos, a\u00e7\u00f5es de fortalecimento das lideran\u00e7as locais e articula\u00e7\u00f5es com organiza\u00e7\u00f5es parceiras, ampliando a visibilidade das lutas territoriais e ambientais. A mobiliza\u00e7\u00e3o segue firme em sua miss\u00e3o de garantir que as vozes dos povos que lutam pela terra e pelo clima sejam ouvidas e respeitadas, tanto no Brasil quanto internacionalmente, enquanto nos aproximamos da COP30. Cada a\u00e7\u00e3o, cada encontro, cada conversa fortalece o movimento em dire\u00e7\u00e3o a solu\u00e7\u00f5es reais e sustent\u00e1veis para a crise clim\u00e1tica, baseadas no conhecimento e na luta dos povos que vivem e protegem a Terra. Acompanhe os pr\u00f3ximos boletins e junte-se a n\u00f3s nessa jornada. A mobiliza\u00e7\u00e3o segue com for\u00e7a, unindo for\u00e7as para um futuro mais justo, sustent\u00e1vel e equitativo para todos. Acompanhe o Boletim AQUI<\/p>\n","protected":false},"author":3,"featured_media":16016,"comment_status":"open","ping_status":"open","sticky":false,"template":"","format":"standard","meta":{"footnotes":""},"categories":[5],"tags":[],"class_list":["post-16012","post","type-post","status-publish","format-standard","has-post-thumbnail","hentry","category-noticias"],"rttpg_featured_image_url":{"full":["https:\/\/repam.org.br\/cop30\/wp-content\/uploads\/2025\/04\/WhatsApp-Image-2025-04-03-at-18.10.56.jpeg",1600,800,false],"landscape":["https:\/\/repam.org.br\/cop30\/wp-content\/uploads\/2025\/04\/WhatsApp-Image-2025-04-03-at-18.10.56.jpeg",1600,800,false],"portraits":["https:\/\/repam.org.br\/cop30\/wp-content\/uploads\/2025\/04\/WhatsApp-Image-2025-04-03-at-18.10.56.jpeg",1600,800,false],"thumbnail":["https:\/\/repam.org.br\/cop30\/wp-content\/uploads\/2025\/04\/WhatsApp-Image-2025-04-03-at-18.10.56-150x150.jpeg",150,150,true],"medium":["https:\/\/repam.org.br\/cop30\/wp-content\/uploads\/2025\/04\/WhatsApp-Image-2025-04-03-at-18.10.56-300x150.jpeg",300,150,true],"large":["https:\/\/repam.org.br\/cop30\/wp-content\/uploads\/2025\/04\/WhatsApp-Image-2025-04-03-at-18.10.56-1024x512.jpeg",800,400,true],"1536x1536":["https:\/\/repam.org.br\/cop30\/wp-content\/uploads\/2025\/04\/WhatsApp-Image-2025-04-03-at-18.10.56-1536x768.jpeg",1536,768,true],"2048x2048":["https:\/\/repam.org.br\/cop30\/wp-content\/uploads\/2025\/04\/WhatsApp-Image-2025-04-03-at-18.10.56.jpeg",1600,800,false]},"rttpg_author":{"display_name":"Comunica\u00e7\u00e3o Cop30","author_link":"https:\/\/repam.org.br\/cop30\/author\/comunicacaocop30\/"},"rttpg_comment":1,"rttpg_category":"<a href=\"https:\/\/repam.org.br\/cop30\/category\/noticias\/\" rel=\"category tag\">Not\u00edcias<\/a>","rttpg_excerpt":"O Boletim Trimestral da Mobiliza\u00e7\u00e3o dos Povos pela Terra e pelo Clima traz um panorama das atividades realizadas entre os meses de janeiro, fevereiro e mar\u00e7o de 2025, refletindo o compromisso cont\u00ednuo com a luta pela preserva\u00e7\u00e3o ambiental e a promo\u00e7\u00e3o de um futuro mais justo e sustent\u00e1vel. Ao longo deste primeiro trimestre, a mobiliza\u00e7\u00e3o&hellip;","_links":{"self":[{"href":"https:\/\/repam.org.br\/cop30\/wp-json\/wp\/v2\/posts\/16012","targetHints":{"allow":["GET"]}}],"collection":[{"href":"https:\/\/repam.org.br\/cop30\/wp-json\/wp\/v2\/posts"}],"about":[{"href":"https:\/\/repam.org.br\/cop30\/wp-json\/wp\/v2\/types\/post"}],"author":[{"embeddable":true,"href":"https:\/\/repam.org.br\/cop30\/wp-json\/wp\/v2\/users\/3"}],"replies":[{"embeddable":true,"href":"https:\/\/repam.org.br\/cop30\/wp-json\/wp\/v2\/comments?post=16012"}],"version-history":[{"count":2,"href":"https:\/\/repam.org.br\/cop30\/wp-json\/wp\/v2\/posts\/16012\/revisions"}],"predecessor-version":[{"id":16019,"href":"https:\/\/repam.org.br\/cop30\/wp-json\/wp\/v2\/posts\/16012\/revisions\/16019"}],"wp:featuredmedia":[{"embeddable":true,"href":"https:\/\/repam.org.br\/cop30\/wp-json\/wp\/v2\/media\/16016"}],"wp:attachment":[{"href":"https:\/\/repam.org.br\/cop30\/wp-json\/wp\/v2\/media?parent=16012"}],"wp:term":[{"taxonomy":"category","embeddable":true,"href":"https:\/\/repam.org.br\/cop30\/wp-json\/wp\/v2\/categories?post=16012"},{"taxonomy":"post_tag","embeddable":true,"href":"https:\/\/repam.org.br\/cop30\/wp-json\/wp\/v2\/tags?post=16012"}],"curies":[{"name":"wp","href":"https:\/\/api.w.org\/{rel}","templated":true}]}}